{"id":158844,"date":"2025-06-02T08:48:11","date_gmt":"2025-06-02T08:48:11","guid":{"rendered":"https:\/\/www.europesays.com\/de\/158844\/"},"modified":"2025-06-02T08:48:11","modified_gmt":"2025-06-02T08:48:11","slug":"lok-leipzig-verpasst-aufstieg-fans-empfangen-team-mit-pyro-und-applaus-sport","status":"publish","type":"post","link":"https:\/\/www.europesays.com\/de\/158844\/","title":{"rendered":"Lok Leipzig verpasst Aufstieg \u2013 Fans empfangen Team mit Pyro und Applaus | Sport"},"content":{"rendered":"<p><b>Die Fans von Lok Leipzig haben ein feines Gesp\u00fcr bewiesen. <\/b><\/p>\n<p>Trotz des verpassten Aufstiegs in die <a href=\"https:\/\/www.bild.de\/sport\/fussball\/3-liga\/home-15770732.bild.html\" class=\"text-link\" target=\"_blank\" rel=\"noopener\">3. Liga<\/a> empfingen mehrere hundert Anh\u00e4nger die Mannschaft bei der R\u00fcckkehr aus Havelse am Sonntagabend \u2013 mit lautem Beifall und Pyrotechnik.<\/p>\n<p>Auch interessant<\/p>\n<p>Anzeige<\/p>\n<p>Auch interessant<\/p>\n<p>Anzeige<\/p>\n<p><b>Bei der Einfahrt des Mannschaftsbusses ins Bruno-Plache-Stadion bildeten die Fans ein Spalier, z\u00fcndeten Pyro-Fackeln und stimmten \u201eLOK\u201c-Sprechch\u00f6re an. Anschlie\u00dfend betraten Spieler, Trainer und Bosse eine B\u00fchne, auf der eigentlich der Aufstieg gefeiert werden sollte.<\/b><\/p>\n<p>Doch die Gesichter sprachen B\u00e4nde. Die Entt\u00e4uschung nach dem <a href=\"https:\/\/www.bild.de\/sport\/fussball\/havelse-triumphiert-kapitaen-dueker-verhindert-leipzigs-profi-comeback-683c278c5f7a8d25a5bea69c\" class=\"text-link\" target=\"_blank\" rel=\"noopener\">0:3 im Relegations-R\u00fcckspiel beim TSV Havelse<\/a> war allen anzusehen. Auch Sportchef Toni Wachsmuth rang am Mikrofon mit den Worten. \u201eIch wei\u00df ehrlich gesagt nicht, was ich sagen soll. Aber ich sage trotzdem etwas\u201c, meinte Wachsmuth und fuhr fort: \u201eEs macht mich unfassbar traurig, wenn ich diese Mannschaft mit Tr\u00e4nen in den Augen sehe. Und das war heute nicht nur ein Spieler. F\u00fcr uns ist es heute einfach nur schei\u00dfe.\u201c<\/p>\n<p>Lesen Sie auchTrainer Seitz k\u00e4mpferisch: \u201eWerden wieder angreifen\u201c<\/p>\n<p><b>Wachsmuth sprach der Mannschaft anschlie\u00dfend sein Kompliment f\u00fcr eine starke Saison aus. <\/b><a href=\"https:\/\/www.bild.de\/themen\/organisationen\/lok-leipzig\/sport-nachrichten-news-fotos-videos-19004750.bild.html\" class=\"text-link\" target=\"_blank\" rel=\"noopener\"><b>Lok Leipzig<\/b><\/a><b> wurde mit 76 Punkten Meister der Regionalliga Nordost und Sachsenpokal-Sieger. Nur die Kr\u00f6nung, der Aufstieg, blieb Lok verwehrt. Wachsmuth: \u201eUnd vielleicht nehmen wir die Niederlage von heute mit und werden noch st\u00e4rker.\u201c<\/b><\/p>\n<p><img decoding=\"async\" width=\"992\" height=\"558\" alt=\"Die Mannschaft auf der B\u00fchne, wo sie trotz des verpassten Aufstiegs von den Fans gefeiert wurde\" src=\"https:\/\/www.europesays.com\/de\/wp-content\/uploads\/2025\/06\/fb7e18f9f2a4257cbf34dcf697bfaa90,9dbf7d75\"   class=\"landscape\" loading=\"lazy\"\/><\/p>\n<p class=\"fig__caption__text\">Die Mannschaft auf der B\u00fchne, wo sie trotz des verpassten Aufstiegs von den Fans gefeiert wurde<\/p>\n<p>Foto: @lokleipzig<\/p>\n<p>Wachsmuth, seit einem Jahr Sportchef in Leipzig, zeigte sich von der Unterst\u00fctzung der Fans \u00fcberw\u00e4ltigt: \u201eIch wusste auch nicht so richtig, was mich erwartet. Ich bin lieber bei Lok Leipzig in der Regionalliga als in Havelse in der dritten Liga. Es macht sehr viel Spa\u00df hier.\u201c<\/p>\n<p><b>Auch Trainer Jochen Seitz trauerte dem verpassten Aufstieg nach. \u201eDie Mannschaft h\u00e4tte es einfach verdient, in die dritte Liga zu gehen. Auch wenn die Mannschaft brutal traurig ist: Was wir als Meister, Pokalsieger und dreifacher Derbysieger erreicht haben, war nicht vorhersehbar. Wir werden n\u00e4chste Saison wieder angreifen. Wir sind einfach eine geile Truppe mit geilen Fans.\u201c<\/b><\/p>\n<p>Alles zu Paris gegen Inter!: Der Henkelpott-Talk im Livestream<a href=\"https:\/\/www.bild.de\/sport\/fussball\/alles-zu-paris-gegen-inter-der-henkelpott-talk-im-livestream-683b21888b6e9d57f3785eed\" class=\"anchor\" target=\"_blank\" rel=\"noopener\"><img decoding=\"async\" width=\"992\" height=\"558\" alt=\"Teaser-Bild\" src=\"https:\/\/www.europesays.com\/de\/wp-content\/uploads\/2025\/06\/1748834651_101_c3b371b62b09890be7b0eaf6744b5eff,ff36de0\"   class=\"landscape teaser__image\" loading=\"lazy\"\/><\/a><\/p>\n<p>Quelle: BILD01.06.2025<\/p>\n","protected":false},"excerpt":{"rendered":"Die Fans von Lok Leipzig haben ein feines Gesp\u00fcr bewiesen. Trotz des verpassten Aufstiegs in die 3. Liga&hellip;\n","protected":false},"author":2,"featured_media":158845,"comment_status":"","ping_status":"","sticky":false,"template":"","format":"standard","meta":{"footnotes":""},"categories":[1832],"tags":[995,27997,3364,29,1002,347,30,71,3457,3459,3458,859,3460,4581,45,27050],"class_list":{"0":"post-158844","1":"post","2":"type-post","3":"status-publish","4":"format-standard","5":"has-post-thumbnail","7":"category-leipzig","8":"tag-3-liga","9":"tag-bruno-plache-stadion","10":"tag-de","11":"tag-deutschland","12":"tag-fans","13":"tag-fussball","14":"tag-germany","15":"tag-leipzig","16":"tag-lok-leipzig","17":"tag-regionalliga","18":"tag-regionalliga-nordost","19":"tag-sachsen","20":"tag-sport-leuchtturm-leipzig","21":"tag-sport-tag-im-ticker","22":"tag-texttospeech","23":"tag-tsv-havelse"},"share_on_mastodon":{"url":"https:\/\/pubeurope.com\/@de\/114612909278178807","error":""},"_links":{"self":[{"href":"https:\/\/www.europesays.com\/de\/wp-json\/wp\/v2\/posts\/158844","targetHints":{"allow":["GET"]}}],"collection":[{"href":"https:\/\/www.europesays.com\/de\/wp-json\/wp\/v2\/posts"}],"about":[{"href":"https:\/\/www.europesays.com\/de\/wp-json\/wp\/v2\/types\/post"}],"author":[{"embeddable":true,"href":"https:\/\/www.europesays.com\/de\/wp-json\/wp\/v2\/users\/2"}],"replies":[{"embeddable":true,"href":"https:\/\/www.europesays.com\/de\/wp-json\/wp\/v2\/comments?post=158844"}],"version-history":[{"count":0,"href":"https:\/\/www.europesays.com\/de\/wp-json\/wp\/v2\/posts\/158844\/revisions"}],"wp:featuredmedia":[{"embeddable":true,"href":"https:\/\/www.europesays.com\/de\/wp-json\/wp\/v2\/media\/158845"}],"wp:attachment":[{"href":"https:\/\/www.europesays.com\/de\/wp-json\/wp\/v2\/media?parent=158844"}],"wp:term":[{"taxonomy":"category","embeddable":true,"href":"https:\/\/www.europesays.com\/de\/wp-json\/wp\/v2\/categories?post=158844"},{"taxonomy":"post_tag","embeddable":true,"href":"https:\/\/www.europesays.com\/de\/wp-json\/wp\/v2\/tags?post=158844"}],"curies":[{"name":"wp","href":"https:\/\/api.w.org\/{rel}","templated":true}]}}