{"id":158846,"date":"2025-06-02T08:49:12","date_gmt":"2025-06-02T08:49:12","guid":{"rendered":"https:\/\/www.europesays.com\/de\/158846\/"},"modified":"2025-06-02T08:49:12","modified_gmt":"2025-06-02T08:49:12","slug":"konverterarbeiten-in-meerbusch-kommen-voran","status":"publish","type":"post","link":"https:\/\/www.europesays.com\/de\/158846\/","title":{"rendered":"Konverterarbeiten in Meerbusch kommen voran"},"content":{"rendered":"<p class=\"small date article__date\">Ver\u00f6ffentlicht:\u00a0Montag, 02.06.2025 10:39<\/p>\n<p>Montag (31.05.) vor knapp zwei Jahren wurde der Grundstein f\u00fcr den umstrittenen Stromkonverter in Meerbusch gelegt.<\/p>\n<p><img decoding=\"async\" alt=\"Animation Stromkonverter Dreiecksfl\u00e4che Kaarst\" src=\"https:\/\/www.europesays.com\/de\/wp-content\/uploads\/2025\/06\/bild-animation-konverter-dreiecksflaeche-kaast.png&#038;crop=0x42x1276x798&#038;resize=1276x798&#038;dt=20190517142.png\" data-size=\"1276x798\"\/>\u00a9 Amprion GmbH<\/p>\n<p>Mittlerweile sind die Arbeiten gut vorangekommen, hei\u00dft es vom zust\u00e4ndigen Unternehmen Amprion. Gerade wird von Amprion die Technik in den Konverterhallen verlegt. Ab dem kommenden Herbst sollen demnach dann erste Pr\u00fcfungen stattfinden, ob alles funktioniert. Eine Inbetriebnahme ist voraussichtlich f\u00fcr Ende 2026 geplant. Amprion ist eigenen Aussagen nach auch zuversichtlich, dass das funktioniert. Bisher w\u00fcrden die Arbeiten auf Hochtouren laufen, hei\u00dft es. Der Stromkonverter in Meerbusch soll in Zukunft unter anderem Strom aus den Windanlagen im Meer in Strom f\u00fcr Wohnungen und H\u00e4user umwandeln. Zuvor hatten sich Meerbuscher, aber auch die Politik gegen den Konverter gewehrt.<\/p>\n","protected":false},"excerpt":{"rendered":"Ver\u00f6ffentlicht:\u00a0Montag, 02.06.2025 10:39 Montag (31.05.) vor knapp zwei Jahren wurde der Grundstein f\u00fcr den umstrittenen Stromkonverter in Meerbusch&hellip;\n","protected":false},"author":2,"featured_media":158847,"comment_status":"","ping_status":"","sticky":false,"template":"","format":"standard","meta":{"footnotes":""},"categories":[1831],"tags":[7162,3364,29,3405,30,1209],"class_list":{"0":"post-158846","1":"post","2":"type-post","3":"status-publish","4":"format-standard","5":"has-post-thumbnail","7":"category-duesseldorf","8":"tag-rhein-kreis-neuss","9":"tag-de","10":"tag-deutschland","11":"tag-duesseldorf","12":"tag-germany","13":"tag-nordrhein-westfalen"},"share_on_mastodon":{"url":"https:\/\/pubeurope.com\/@de\/114612913564826583","error":""},"_links":{"self":[{"href":"https:\/\/www.europesays.com\/de\/wp-json\/wp\/v2\/posts\/158846","targetHints":{"allow":["GET"]}}],"collection":[{"href":"https:\/\/www.europesays.com\/de\/wp-json\/wp\/v2\/posts"}],"about":[{"href":"https:\/\/www.europesays.com\/de\/wp-json\/wp\/v2\/types\/post"}],"author":[{"embeddable":true,"href":"https:\/\/www.europesays.com\/de\/wp-json\/wp\/v2\/users\/2"}],"replies":[{"embeddable":true,"href":"https:\/\/www.europesays.com\/de\/wp-json\/wp\/v2\/comments?post=158846"}],"version-history":[{"count":0,"href":"https:\/\/www.europesays.com\/de\/wp-json\/wp\/v2\/posts\/158846\/revisions"}],"wp:featuredmedia":[{"embeddable":true,"href":"https:\/\/www.europesays.com\/de\/wp-json\/wp\/v2\/media\/158847"}],"wp:attachment":[{"href":"https:\/\/www.europesays.com\/de\/wp-json\/wp\/v2\/media?parent=158846"}],"wp:term":[{"taxonomy":"category","embeddable":true,"href":"https:\/\/www.europesays.com\/de\/wp-json\/wp\/v2\/categories?post=158846"},{"taxonomy":"post_tag","embeddable":true,"href":"https:\/\/www.europesays.com\/de\/wp-json\/wp\/v2\/tags?post=158846"}],"curies":[{"name":"wp","href":"https:\/\/api.w.org\/{rel}","templated":true}]}}