{"id":158853,"date":"2025-06-02T08:53:11","date_gmt":"2025-06-02T08:53:11","guid":{"rendered":"https:\/\/www.europesays.com\/de\/158853\/"},"modified":"2025-06-02T08:53:11","modified_gmt":"2025-06-02T08:53:11","slug":"aufenthaltstitel-ausgabe-nach-panne-wieder-moeglich","status":"publish","type":"post","link":"https:\/\/www.europesays.com\/de\/158853\/","title":{"rendered":"Aufenthaltstitel-Ausgabe nach Panne wieder m\u00f6glich"},"content":{"rendered":"<p>Probleme seit M\u00e4rz <\/p>\n<p>Hessen: Aufenthaltstitel-Ausgabe l\u00e4uft wieder \u2013 das steckt dahinter<\/p>\n<p>02.06.2025 &#8211; 10:52 UhrLesedauer: 1 Min.<\/p>\n<p><a href=\"#focus-0\" class=\"transition-colors duration-200 focus-within:text-magenta block text-current relative\" data-sctrack=\"FocusGalleryImage.Reference\"><img fetchpriority=\"high\" data-testid=\"Opener.Image\" style=\"--lqipURL:url('https:\/\/images.t-online.de\/2025\/06\/XICBWJhuJ5OP\/0x75:800x450\/fit-in\/150x0\/filters:blur(25)\/ein-schild-weist-auf-eine-auslaenderbehoerde-und-ein-ordnungsamt-hin-symbolbild-die-probleme-konnten-geloest-werden.jpg')\"   loading=\"eager\" src=\"https:\/\/www.europesays.com\/de\/wp-content\/uploads\/2025\/06\/ein-schild-weist-auf-eine-auslaenderbehoerde-und-ein-ordnungsamt-hin-symbolbild-die-probleme-konnten.jpeg\" alt=\"urn:newsml:dpa.com:20090101:250520-935-598696\" title=\"urn:newsml:dpa.com:20090101:250520-935-598696\" width=\"800\" height=\"450\" class=\"bg-[url:var(--lqipURL)] bg-cover bg-center flex w-full max-w-full h-full\" decoding=\"async\"\/><img style=\"--width:32;--height:32\" loading=\"lazy\" src=\"https:\/\/www.europesays.com\/de\/wp-content\/uploads\/2025\/04\/1745049674_75_zoom-in.f7dae02f.svg.svg+xml\" alt=\"Vergr\u00f6\u00dfern des Bildes\" title=\"Vergr\u00f6\u00dfern des Bildes\" class=\"&#10;        block&#10;        h-[calc(var(--height)_\/_16_*_1rem)]&#10;        w-[calc(var(--width)_\/_16_*_1rem)]&#10;        max-w-none&#10;        absolute bottom-8 right-8 rounded-4 bg-snow p-8\" decoding=\"async\"\/><\/a><\/p>\n<p>Ein Schild weist auf eine Ausl\u00e4nderbeh\u00f6rde und ein Ordnungsamt hin (Symbolbild): Die Probleme konnten gel\u00f6st werden. (Quelle: Sebastian Gollnow)<\/p>\n<p class=\"font-bold text-18 leading-17\">Nach technischen Problemen k\u00f6nnen die hessischen Ausl\u00e4nderbeh\u00f6rden wieder Aufenthaltstitel erteilen. Das sind die Hintergr\u00fcnde der St\u00f6rung.<\/p>\n<p class=\"text-18 leading-17\">Die hessischen Ausl\u00e4nderbeh\u00f6rden, darunter auch die in Frankfurt, haben ihre technischen Probleme bei der Erteilung von Aufenthaltstiteln behoben. &#8222;Wir k\u00f6nnen mitteilen, dass der Normalbetrieb wieder hergestellt ist&#8220;, erkl\u00e4rte eine Sprecherin des Innenministeriums in Wiesbaden. Die Panne betraf die Sicherheitsabfragen beim Landeskriminalamt, eine Voraussetzung f\u00fcr den Erhalt einer Aufenthaltserlaubnis.<\/p>\n<p>Durch \u00c4nderungen an einer Schnittstelle des Bundesverwaltungsamtes, wo das Ausl\u00e4nderzentralregister angesiedelt ist, entstand das Technikproblem. Diese St\u00f6rung wurde Hessen und anderen betroffenen Bundesl\u00e4ndern Mitte M\u00e4rz mitgeteilt. W\u00e4hrend dieser Zeit liefen rund 20.000 Sicherheitsanfragen auf, erl\u00e4uterte die Sprecherin weiter. Seit dem 28. Mai seien bereits etwa 5.000 dieser Anfragen bearbeitet worden.<\/p>\n<p>Dank einer vorl\u00e4ufigen Fiktionsbescheinigung, die dann ausgestellt wird, wenn eine Ausl\u00e4nderbeh\u00f6rde noch nicht (abschlie\u00dfend) \u00fcber einen Antrag entscheiden kann, hatten die Betroffenen keine Nachteile bez\u00fcglich ihrer Aufenthaltsrechte. Auch in Frankfurt ist man dem Problem mit der vorl\u00e4ufigen Erteilung von Fiktionsbescheinigungen begegnet, wie ein Sprecher des Ordnungsamts auf Anfrage von t-online mitteilte. Dies erm\u00f6glichte Betroffenen weiterhin das Studium oder eine Ausbildung fortzusetzen. Bis Ende kommender Woche sollen alle wartenden Anfragen abgearbeitet werden.<\/p>\n","protected":false},"excerpt":{"rendered":"Probleme seit M\u00e4rz Hessen: Aufenthaltstitel-Ausgabe l\u00e4uft wieder \u2013 das steckt dahinter 02.06.2025 &#8211; 10:52 UhrLesedauer: 1 Min. Ein&hellip;\n","protected":false},"author":2,"featured_media":158854,"comment_status":"","ping_status":"","sticky":false,"template":"","format":"standard","meta":{"footnotes":""},"categories":[1829],"tags":[6027,2072,27423,29921,29,2050,2051,30,2052,3824,4544],"class_list":{"0":"post-158853","1":"post","2":"type-post","3":"status-publish","4":"format-standard","5":"has-post-thumbnail","7":"category-frankfurt-am-main","8":"tag-ordnungsamt","9":"tag-2072","10":"tag-aufenthaltstitel","11":"tag-auslaenderbehoerde","12":"tag-deutschland","13":"tag-frankfurt","14":"tag-frankfurt-am-main","15":"tag-germany","16":"tag-hessen","17":"tag-lka","18":"tag-wiesbaden"},"share_on_mastodon":{"url":"https:\/\/pubeurope.com\/@de\/114612928792150274","error":""},"_links":{"self":[{"href":"https:\/\/www.europesays.com\/de\/wp-json\/wp\/v2\/posts\/158853","targetHints":{"allow":["GET"]}}],"collection":[{"href":"https:\/\/www.europesays.com\/de\/wp-json\/wp\/v2\/posts"}],"about":[{"href":"https:\/\/www.europesays.com\/de\/wp-json\/wp\/v2\/types\/post"}],"author":[{"embeddable":true,"href":"https:\/\/www.europesays.com\/de\/wp-json\/wp\/v2\/users\/2"}],"replies":[{"embeddable":true,"href":"https:\/\/www.europesays.com\/de\/wp-json\/wp\/v2\/comments?post=158853"}],"version-history":[{"count":0,"href":"https:\/\/www.europesays.com\/de\/wp-json\/wp\/v2\/posts\/158853\/revisions"}],"wp:featuredmedia":[{"embeddable":true,"href":"https:\/\/www.europesays.com\/de\/wp-json\/wp\/v2\/media\/158854"}],"wp:attachment":[{"href":"https:\/\/www.europesays.com\/de\/wp-json\/wp\/v2\/media?parent=158853"}],"wp:term":[{"taxonomy":"category","embeddable":true,"href":"https:\/\/www.europesays.com\/de\/wp-json\/wp\/v2\/categories?post=158853"},{"taxonomy":"post_tag","embeddable":true,"href":"https:\/\/www.europesays.com\/de\/wp-json\/wp\/v2\/tags?post=158853"}],"curies":[{"name":"wp","href":"https:\/\/api.w.org\/{rel}","templated":true}]}}