{"id":158858,"date":"2025-06-02T08:56:09","date_gmt":"2025-06-02T08:56:09","guid":{"rendered":"https:\/\/www.europesays.com\/de\/158858\/"},"modified":"2025-06-02T08:56:09","modified_gmt":"2025-06-02T08:56:09","slug":"johannesson-wendet-sich-nach-koeln-wechsel-an-f95-fans","status":"publish","type":"post","link":"https:\/\/www.europesays.com\/de\/158858\/","title":{"rendered":"Johannesson wendet sich nach K\u00f6ln-Wechsel an F95-Fans"},"content":{"rendered":"<p class=\"richtext text-em-55 !leading-serif mx-6 desktop:mx-0\">\u201eIch wei\u00df, dass nichts, was ich sagen werde, euch Fortuna-Fans besser f\u00fchlen lassen wird. Ich verstehe eure Gef\u00fchle vollkommen. Ich habe viel an euch gedacht, und diese Entscheidung war nicht leicht. Aber ein Junge hatte den Traum, in der <a href=\"https:\/\/rp-online.de\/thema\/bundesliga\/\" rel=\"nofollow noopener\" target=\"_blank\">Bundesliga<\/a> zu spielen, und jetzt hat dieser Junge diese Chance\u201c, schrieb Johannesson. \u201eIch wei\u00df, dass viele von euch mich hassen werden, doch meine Gef\u00fchle f\u00fcr den Verein sind immer noch dieselben. Die Ausstiegsklausel ist aktiviert worden und ich musste eine Entscheidung treffen.\u201c<\/p>\n<p>Fortuna konnte sich gegen Johannesson-Abgang nicht wehren      <\/p>\n<p class=\"richtext text-em-55 !leading-serif mx-6 desktop:mx-0\">F\u00fcr eine festgeschriebene Abl\u00f6sesumme von 5,5 Millionen Euro konnten die K\u00f6lner den Mittelfeldspieler, der in den vergangenen zwei Jahren bei jeder Gelegenheit seine gro\u00dfe Liebe zu Fortuna betont hatte, verpflichten \u2013 ohne dass sich die D\u00fcsseldorfer dagegen h\u00e4tten wehren k\u00f6nnen. Dabei hatten die Verantwortlichen eigenen Aussagen zufolge alles getan, um Johannesson davon zu \u00fcberzeugen, zumindest ein weiteres Jahr bei Fortuna zu bleiben und eine noch tragendere S\u00e4ule zu werden als in der abgelaufenen Saison. Am Ende erfolglos.<\/p>\n<p>Johannesson: \u201eKann eure Gef\u00fchle nachvollziehen\u201c      <\/p>\n<p class=\"richtext text-em-55 !leading-serif mx-6 desktop:mx-0\">Und doch unterstrich der Isl\u00e4nder nochmals seine Verbundenheit zum Klub. \u201eIch m\u00f6chte Fortuna f\u00fcr die M\u00f6glichkeit danken, f\u00fcr diesen Verein zu spielen, und danke euch f\u00fcr eure Unterst\u00fctzung seit dem ersten Tag. Diese zwei Jahre waren komplett unglaublich. Ich habe tolle Menschen kennengelernt, Freunde f\u00fcrs Leben gefunden und Erinnerungen gesammelt, die ich f\u00fcr immer in meinem Herzen tragen werde\u201c, sagte Johannesson und wandte sich nochmal an die Fans: \u201eIch kann eure Gef\u00fchle nachvollziehen und respektiere sie vollkommen. Aber der kleine Junge in mir hat die Entscheidung getroffen und einen Traum gehabt.\u201c<\/p>\n","protected":false},"excerpt":{"rendered":"\u201eIch wei\u00df, dass nichts, was ich sagen werde, euch Fortuna-Fans besser f\u00fchlen lassen wird. Ich verstehe eure Gef\u00fchle&hellip;\n","protected":false},"author":2,"featured_media":158859,"comment_status":"","ping_status":"","sticky":false,"template":"","format":"standard","meta":{"footnotes":""},"categories":[1828],"tags":[29,2306,6223,16991,30,1420,1209,3740],"class_list":{"0":"post-158858","1":"post","2":"type-post","3":"status-publish","4":"format-standard","5":"has-post-thumbnail","7":"category-koeln","8":"tag-deutschland","9":"tag-entscheidung","10":"tag-fortuna","11":"tag-gefuehle","12":"tag-germany","13":"tag-koeln","14":"tag-nordrhein-westfalen","15":"tag-traum"},"share_on_mastodon":{"url":"https:\/\/pubeurope.com\/@de\/114612940458861125","error":""},"_links":{"self":[{"href":"https:\/\/www.europesays.com\/de\/wp-json\/wp\/v2\/posts\/158858","targetHints":{"allow":["GET"]}}],"collection":[{"href":"https:\/\/www.europesays.com\/de\/wp-json\/wp\/v2\/posts"}],"about":[{"href":"https:\/\/www.europesays.com\/de\/wp-json\/wp\/v2\/types\/post"}],"author":[{"embeddable":true,"href":"https:\/\/www.europesays.com\/de\/wp-json\/wp\/v2\/users\/2"}],"replies":[{"embeddable":true,"href":"https:\/\/www.europesays.com\/de\/wp-json\/wp\/v2\/comments?post=158858"}],"version-history":[{"count":0,"href":"https:\/\/www.europesays.com\/de\/wp-json\/wp\/v2\/posts\/158858\/revisions"}],"wp:featuredmedia":[{"embeddable":true,"href":"https:\/\/www.europesays.com\/de\/wp-json\/wp\/v2\/media\/158859"}],"wp:attachment":[{"href":"https:\/\/www.europesays.com\/de\/wp-json\/wp\/v2\/media?parent=158858"}],"wp:term":[{"taxonomy":"category","embeddable":true,"href":"https:\/\/www.europesays.com\/de\/wp-json\/wp\/v2\/categories?post=158858"},{"taxonomy":"post_tag","embeddable":true,"href":"https:\/\/www.europesays.com\/de\/wp-json\/wp\/v2\/tags?post=158858"}],"curies":[{"name":"wp","href":"https:\/\/api.w.org\/{rel}","templated":true}]}}