{"id":158864,"date":"2025-06-02T08:59:21","date_gmt":"2025-06-02T08:59:21","guid":{"rendered":"https:\/\/www.europesays.com\/de\/158864\/"},"modified":"2025-06-02T08:59:21","modified_gmt":"2025-06-02T08:59:21","slug":"prozess-um-naechtlichen-ueberfall-auf-seniorin-beginnt","status":"publish","type":"post","link":"https:\/\/www.europesays.com\/de\/158864\/","title":{"rendered":"Prozess um n\u00e4chtlichen \u00dcberfall auf Seniorin beginnt"},"content":{"rendered":"<p _ngcontent-sc113=\"\"> 02. Juni 2025 \u2013 Isabell W\u00fcppenhorst <\/p>\n<p _ngcontent-sc113=\"\">Eine 88-J\u00e4hrige wird nachts in Hamburg-Blankenese in ihrem Haus \u00fcberfallen. Zwei M\u00e4nner fesseln sie in ihrem Bett und rauben ihr Geld. Nun kommt einer der beiden mutma\u00dflichen T\u00e4ter vor Gericht.<\/p>\n<p _ngcontent-sc85=\"\" align=\"false\">Mehr als ein Jahr nach einem n\u00e4chtlichen \u00dcberfall auf eine Seniorin in Hamburg-Blankenese beginnt vor dem Landgericht ein Prozess gegen einen der mutma\u00dflichen T\u00e4ter. Der 29-J\u00e4hrige soll am 29. Februar vergangenen Jahres gegen 3.00 Uhr morgens zusammen mit einem Komplizen in das Haus der 88-J\u00e4hrigen eingedrungen sein und sie beraubt haben. Dem Angeklagten werde gemeinschaftlicher schwerer Raub und vors\u00e4tzliche K\u00f6rperverletzung vorgeworfen, teilte die Staatsanwaltschaft Hamburg mit.<\/p>\n<p>Frau gefesselt zur\u00fcckgelassen<\/p>\n<p _ngcontent-sc85=\"\" align=\"false\">Die beiden mutma\u00dflichen T\u00e4ter sollen die im Bett liegende Seniorin mit Elektrokabeln und einem Bademantelg\u00fcrtel an H\u00e4nden und F\u00fc\u00dfen gefesselt und das Einfamilienhaus nach Wertgegenst\u00e4nden durchsucht haben. Mit einer mutma\u00dflichen Beute in H\u00f6he von 2.500 Euro sollen die beiden M\u00e4nner dann das Haus verlassen und die erkennbar an Arthrose leidende Frau gefesselt und hilflos zur\u00fcckgelassen haben. Aus diesem Grund lautet ein weiterer Anklagepunkt auf Aussetzung.<\/p>\n<p _ngcontent-sc85=\"\" align=\"false\">Der Frau sei es nach geraumer Zeit trotz ihres hohen Alters gelungen, sich selbst zu befreien, wobei sie sich beim Versuch, die Fesselung zu lockern, Schmerzen am Daumen zugezogen habe. Der 29-j\u00e4hrige Angeklagte wurde nach Polizeiangaben Mitte Dezember in Norwegen verhaftet und im M\u00e4rz nach Deutschland ausgeliefert.<\/p>\n<p>Weitere News On Air<\/p>\n<p _ngcontent-sc85=\"\" align=\"false\">Weitere Nachrichten aus Hamburg, Deutschland und der Welt h\u00f6rt ihr immer zur vollen Stunde bei uns im Programm. Holt euch einfach unsere <a _ngcontent-sc133=\"\" href=\"https:\/\/www.radiohamburg.de\/programm\/frequenzen\/Streamen-%C3%BCber-die-App-id388032.html\" target=\"_blank\" rel=\"noopener\">kostenlose App<\/a>, h\u00f6rt uns \u00fcber euren <a _ngcontent-sc133=\"\" href=\"https:\/\/www.radiohamburg.de\/programm\/frequenzen\/Alexa-spiele-Radio-Hamburg-id387722.html\" target=\"_blank\" rel=\"noopener\">Smartspeaker<\/a> oder schaltet mit einem Klick unten auf den Playbutton das Webradio ein. Zum Nachh\u00f6ren gibt\u2019s das Ganze nat\u00fcrlich auch noch mal als <a _ngcontent-sc133=\"\" href=\"https:\/\/www.radiohamburg.de\/hoeren\/podcasts\/Radio-Hamburg-Nachrichten-id388455.html\" target=\"_blank\" rel=\"noopener\">Podcastangebot<\/a>.<\/p>\n<p><img decoding=\"async\" _ngcontent-sc130=\"\" class=\"\" src=\"https:\/\/www.europesays.com\/de\/wp-content\/uploads\/2025\/04\/app.jpg\" alt=\"App, App Store, iOS, Play Store, Google\" title=\"App, App Store, iOS, Play Store, Google\"\/><\/p>\n<p>Foto: Bloomicon \/ Shutterstock.com<\/p>\n<p> F\u00fcr iOS &amp; Android <\/p>\n<p>Holt euch die kostenlose Radio Hamburg App<\/p>\n<p _ngcontent-sc85=\"\" align=\"false\">H\u00f6rt uns an jedem Ort auf der Welt in bester Qualit\u00e4t &amp; st\u00f6rungsfrei \u00fcber unsere kostenlose App. Holt sie euch jetzt f\u00fcr Android oder iOS.<\/p>\n","protected":false},"excerpt":{"rendered":"02. Juni 2025 \u2013 Isabell W\u00fcppenhorst Eine 88-J\u00e4hrige wird nachts in Hamburg-Blankenese in ihrem Haus \u00fcberfallen. Zwei M\u00e4nner&hellip;\n","protected":false},"author":2,"featured_media":158865,"comment_status":"","ping_status":"","sticky":false,"template":"","format":"standard","meta":{"footnotes":""},"categories":[1826],"tags":[8191,29,666,2690,55576,30,692,8196,55575,5309,7431,55574],"class_list":{"0":"post-158864","1":"post","2":"type-post","3":"status-publish","4":"format-standard","5":"has-post-thumbnail","7":"category-hamburg","8":"tag-blankenese","9":"tag-deutschland","10":"tag-geld","11":"tag-gericht","12":"tag-gerichtsprozess-hamburg","13":"tag-germany","14":"tag-hamburg","15":"tag-hamburg-blankenese","16":"tag-mutmassliche-taeter","17":"tag-raubueberfall","18":"tag-seniorin","19":"tag-seniorin-ueberfall"},"share_on_mastodon":{"url":"https:\/\/pubeurope.com\/@de\/114612952369728627","error":""},"_links":{"self":[{"href":"https:\/\/www.europesays.com\/de\/wp-json\/wp\/v2\/posts\/158864","targetHints":{"allow":["GET"]}}],"collection":[{"href":"https:\/\/www.europesays.com\/de\/wp-json\/wp\/v2\/posts"}],"about":[{"href":"https:\/\/www.europesays.com\/de\/wp-json\/wp\/v2\/types\/post"}],"author":[{"embeddable":true,"href":"https:\/\/www.europesays.com\/de\/wp-json\/wp\/v2\/users\/2"}],"replies":[{"embeddable":true,"href":"https:\/\/www.europesays.com\/de\/wp-json\/wp\/v2\/comments?post=158864"}],"version-history":[{"count":0,"href":"https:\/\/www.europesays.com\/de\/wp-json\/wp\/v2\/posts\/158864\/revisions"}],"wp:featuredmedia":[{"embeddable":true,"href":"https:\/\/www.europesays.com\/de\/wp-json\/wp\/v2\/media\/158865"}],"wp:attachment":[{"href":"https:\/\/www.europesays.com\/de\/wp-json\/wp\/v2\/media?parent=158864"}],"wp:term":[{"taxonomy":"category","embeddable":true,"href":"https:\/\/www.europesays.com\/de\/wp-json\/wp\/v2\/categories?post=158864"},{"taxonomy":"post_tag","embeddable":true,"href":"https:\/\/www.europesays.com\/de\/wp-json\/wp\/v2\/tags?post=158864"}],"curies":[{"name":"wp","href":"https:\/\/api.w.org\/{rel}","templated":true}]}}