{"id":158866,"date":"2025-06-02T09:00:13","date_gmt":"2025-06-02T09:00:13","guid":{"rendered":"https:\/\/www.europesays.com\/de\/158866\/"},"modified":"2025-06-02T09:00:13","modified_gmt":"2025-06-02T09:00:13","slug":"trio-pruegelt-auf-15-jaehrigen-in-st-georg-ein-prozess-beginnt","status":"publish","type":"post","link":"https:\/\/www.europesays.com\/de\/158866\/","title":{"rendered":"Trio pr\u00fcgelt auf 15-J\u00e4hrigen in St. Georg ein \u2013 Prozess beginnt"},"content":{"rendered":"<p>Schwere K\u00f6rperverletzung in St. Georg <\/p>\n<p>Rotlichtkrieg in Hamburg: Drei M\u00e4nner stehen vor Gericht<\/p>\n<p>Aktualisiert am 02.06.2025 &#8211; 10:57 UhrLesedauer: 1 Min.<\/p>\n<p><a href=\"#focus-0\" class=\"transition-colors duration-200 focus-within:text-magenta block text-current relative\" data-sctrack=\"FocusGalleryImage.Reference\"><img fetchpriority=\"high\" data-testid=\"Opener.Image\" style=\"--lqipURL:url('https:\/\/images.t-online.de\/2025\/06\/31TC88aBQUIb\/0x183:3514x1977\/fit-in\/150x0\/filters:blur(25)\/drei-angeklagte-muessen-sich-heute-vor-dem-hamburger-landgericht-verantworten.jpg')\"   loading=\"eager\" src=\"https:\/\/www.europesays.com\/de\/wp-content\/uploads\/2025\/06\/drei-angeklagte-muessen-sich-heute-vor-dem-hamburger-landgericht-verantworten.jpg\" alt=\"Nach Tat in St. Georg\" title=\"Nach Tat in St. Georg\" width=\"3514\" height=\"1977\" class=\"bg-[url:var(--lqipURL)] bg-cover bg-center flex w-full max-w-full h-full\" decoding=\"async\"\/><img style=\"--width:32;--height:32\" loading=\"lazy\" src=\"https:\/\/www.europesays.com\/de\/wp-content\/uploads\/2025\/04\/1743617728_477_zoom-in.f7dae02f.svg.svg+xml\" alt=\"Vergr\u00f6\u00dfern des Bildes\" title=\"Vergr\u00f6\u00dfern des Bildes\" class=\"&#10;        block&#10;        h-[calc(var(--height)_\/_16_*_1rem)]&#10;        w-[calc(var(--width)_\/_16_*_1rem)]&#10;        max-w-none&#10;        absolute bottom-8 right-8 rounded-4 bg-snow p-8\" decoding=\"async\"\/><\/a><\/p>\n<p>Nach Tat in St. Georg: Drei Angeklagte m\u00fcssen sich heute vor dem Hamburger Landgericht verantworten. (Quelle: IMAGO\/Maximilian Koch\/imago)<\/p>\n<p class=\"font-bold text-18 leading-17\">Ein blutiger, vermeintlicher Bandenkrieg um die Kontrolle \u00fcber Hamburgs Rotlichtmilieu sorgte im Januar f\u00fcr Schlagzeilen. Nun beginnt der Prozess.<\/p>\n<p class=\"text-18 leading-17\">Nach der blutigen Auseinandersetzung im Hamburger Stadtteil St. Georg am 16. Januar 2025 findet heute der Prozess statt. Im Mittelpunkt des Prozesses stehen drei Angeklagte, die einen 15-j\u00e4hrigen Sch\u00fctzen schwer verletzt haben sollen.<\/p>\n<p class=\"text-18 leading-17\">Nach Angaben der Generalstaatsanwaltschaft Hamburg sollen die drei Angeklagten den Jugendlichen in einem Lokal am Hansaplatz \u00fcberw\u00e4ltigt haben. W\u00e4hrend einer der Angeklagten den T\u00e4ter in den W\u00fcrgegriff genommen habe, habe der andere mit einer mitgef\u00fchrten Schusswaffe zweimal auf dessen Oberschenkel geschossen. Der dritte Angeklagte soll dem Jugendlichen mehrfach ins Gesicht geschlagen haben. Weitere Tritte und Schl\u00e4ge folgten laut Generalstaatsanwaltschaft.<\/p>\n<p class=\"text-18 leading-17\">Der 15-j\u00e4hrige Sch\u00fctze erlitt zwei Durchschussverletzungen an beiden Oberschenkeln, eine Nasenbeinfraktur, eine Sch\u00e4delprellung und eine Platzwunde am Kopf. Die drei M\u00e4nner sind wegen gemeinschaftlicher gef\u00e4hrlicher K\u00f6rperverletzung angeklagt.<\/p>\n<p class=\"text-18 leading-17\">Laut Berichten k\u00f6nnte ein Streit \u00fcber Zwangsprostitution und Menschenhandel hinter der Tat stecken. Eine tschetschenische Gruppe soll demnach versucht haben, die Kontrolle \u00fcber bulgarische Stra\u00dfenprostituierte in Hamburg zu \u00fcbernehmen. Der Prozess beginnt am heutigen Montag um 12. Uhr.<\/p>\n","protected":false},"excerpt":{"rendered":"Schwere K\u00f6rperverletzung in St. Georg Rotlichtkrieg in Hamburg: Drei M\u00e4nner stehen vor Gericht Aktualisiert am 02.06.2025 &#8211; 10:57&hellip;\n","protected":false},"author":2,"featured_media":158867,"comment_status":"","ping_status":"","sticky":false,"template":"","format":"standard","meta":{"footnotes":""},"categories":[1826],"tags":[49376,55578,29,30,692,682,4934,3238,2797,1598,55577,55579,2466,10307,55580],"class_list":{"0":"post-158866","1":"post","2":"type-post","3":"status-publish","4":"format-standard","5":"has-post-thumbnail","7":"category-hamburg","8":"tag-schussverletzung","9":"tag-bandenkrieg","10":"tag-deutschland","11":"tag-germany","12":"tag-hamburg","13":"tag-koerperverletzung","14":"tag-landgericht-hamburg","15":"tag-prozessauftakt","16":"tag-prozessbeginn","17":"tag-restaurant","18":"tag-rotlichtkrieg","19":"tag-rotlichtmilieu","20":"tag-schusswaffe","21":"tag-st-georg","22":"tag-urteilsgrund"},"share_on_mastodon":{"url":"https:\/\/pubeurope.com\/@de\/114612956342624489","error":""},"_links":{"self":[{"href":"https:\/\/www.europesays.com\/de\/wp-json\/wp\/v2\/posts\/158866","targetHints":{"allow":["GET"]}}],"collection":[{"href":"https:\/\/www.europesays.com\/de\/wp-json\/wp\/v2\/posts"}],"about":[{"href":"https:\/\/www.europesays.com\/de\/wp-json\/wp\/v2\/types\/post"}],"author":[{"embeddable":true,"href":"https:\/\/www.europesays.com\/de\/wp-json\/wp\/v2\/users\/2"}],"replies":[{"embeddable":true,"href":"https:\/\/www.europesays.com\/de\/wp-json\/wp\/v2\/comments?post=158866"}],"version-history":[{"count":0,"href":"https:\/\/www.europesays.com\/de\/wp-json\/wp\/v2\/posts\/158866\/revisions"}],"wp:featuredmedia":[{"embeddable":true,"href":"https:\/\/www.europesays.com\/de\/wp-json\/wp\/v2\/media\/158867"}],"wp:attachment":[{"href":"https:\/\/www.europesays.com\/de\/wp-json\/wp\/v2\/media?parent=158866"}],"wp:term":[{"taxonomy":"category","embeddable":true,"href":"https:\/\/www.europesays.com\/de\/wp-json\/wp\/v2\/categories?post=158866"},{"taxonomy":"post_tag","embeddable":true,"href":"https:\/\/www.europesays.com\/de\/wp-json\/wp\/v2\/tags?post=158866"}],"curies":[{"name":"wp","href":"https:\/\/api.w.org\/{rel}","templated":true}]}}