{"id":158873,"date":"2025-06-02T09:04:16","date_gmt":"2025-06-02T09:04:16","guid":{"rendered":"https:\/\/www.europesays.com\/de\/158873\/"},"modified":"2025-06-02T09:04:16","modified_gmt":"2025-06-02T09:04:16","slug":"neue-generation-will-springer-druckerei-blockieren-mehr-als-30-festnahmen","status":"publish","type":"post","link":"https:\/\/www.europesays.com\/de\/158873\/","title":{"rendered":"\u201eNeue Generation\u201c will Springer-Druckerei blockieren \u2013 mehr als 30 Festnahmen"},"content":{"rendered":"<p class=\"tspBYlv tspBYlw\">Die \u201eNeue Generation\u201c meint es offenbar ernst mit ihrer angek\u00fcndigten \u201eWiderstandswelle\u201c: Am sp\u00e4ten Sonntagabend haben Aktivisten des Nachfolgers der Klimaschutzgruppe \u201eLetzte Generation\u201c versucht, die Axel-Springer-Druckerei in <a href=\"https:\/\/www.tagesspiegel.de\/berlin\/bezirke\/spandau?icid=in-text-link_13787614\" class=\"link link--internal\" data-gtm-class=\"article-text-link\" data-gtm-val=\"internal\" rel=\"nofollow noopener\" target=\"_blank\">Berlin-Spandau<\/a> zu blockieren. Mehr als 30 Aktivisten seien festgenommen worden, sagte ein Polizeisprecher. Zuerst hatte der <a href=\"https:\/\/www.rbb24.de\/panorama\/beitrag\/2025\/06\/berlin-spandau-springer-druckerei-blockade-aktivisten-neue-generation.html\" target=\"_blank\" rel=\"noopener nofollow\" class=\"link link--external\" data-gtm-class=\"article-text-link\" data-gtm-val=\"external\" aria-describedby=\"message-target-blank\">RBB<\/a> berichtet.<\/p>\n<p><a href=\"https:\/\/abo.tagesspiegel.de\/tagesspiegel-app?icid=single-topic_13787614___\" data-gtm-class=\"article-mzt-link\" class=\"tspB5mf\" rel=\"nofollow noopener\" target=\"_blank\">Die Tagesspiegel-App Aktuelle Nachrichten, Hintergr\u00fcnde und Analysen direkt auf Ihr Smartphone. Dazu die digitale Zeitung. Hier gratis herunterladen.  <\/a><\/p>\n<p class=\"tspBYlv\">Die Aktivisten versuchten demnach, die Tore der Druckerei zu verschlie\u00dfen und zu blockieren. Daf\u00fcr sollen sie auch einen Lieferwagen eingesetzt haben. Selbsterkl\u00e4rtes Ziel der Neuen Generation war es, die \u201ep\u00fcnktliche Auslieferung mehrerer Presseerzeugnisse des Springer-Verlags\u201c wie der \u201eBild\u201c und der \u201eB.Z.\u201c zu verhindern.<\/p>\n<p> Gro\u00dfes Aufgebot der Polizei <\/p>\n<p class=\"tspBYlv\">Die Berliner Polizei verhinderte die Blockade. Auf einem Bild von der Aktion ist erkennbar, wie mehrere Beamte und Einsatzwagen den Protestierenden gegen\u00fcberstehen. <\/p>\n<p class=\"tspBYlv\">Diesen Montag soll entschieden werden, ob die Aktivisten noch weiter in Polizeigewahrsam bleiben m\u00fcssten. Der Springer-Verlag wollte das Geschehen auf Anfrage nicht kommentieren.<\/p>\n<p class=\"tspSdi\">Empfohlener redaktioneller Inhalt<\/p>\n<p> An dieser Stelle finden Sie einen von unseren Redakteuren ausgew\u00e4hlten, externen Inhalt, der den Artikel f\u00fcr Sie mit zus\u00e4tzlichen Informationen anreichert. Sie k\u00f6nnen sich hier den externen Inhalt mit einem Klick anzeigen lassen oder wieder ausblenden. <\/p>\n<p> Externen Inhalt anzeigen <\/p>\n<p class=\"tspSdo\"> Ich bin damit einverstanden, dass mir der externe Inhalt angezeigt wird. Damit k\u00f6nnen personenbezogene Daten an Drittplattformen \u00fcbermittelt werden.  Mehr Informationen dazu erhalten Sie in den Datenschutz-Einstellungen. Diese finden Sie ganz unten auf unserer Seite im Footer, sodass Sie Ihre Einstellungen jederzeit verwalten oder widerrufen k\u00f6nnen. <\/p>\n<p class=\"tspSdi\">Empfohlener redaktioneller Inhalt<\/p>\n<p> An dieser Stelle finden Sie einen von unseren Redakteuren ausgew\u00e4hlten, externen Inhalt, der den Artikel f\u00fcr Sie mit zus\u00e4tzlichen Informationen anreichert. Sie k\u00f6nnen sich hier den externen Inhalt mit einem Klick anzeigen lassen oder wieder ausblenden. <\/p>\n<p> Externen Inhalt anzeigen <\/p>\n<p class=\"tspSdo\"> Ich bin damit einverstanden, dass mir der externe Inhalt angezeigt wird. Damit k\u00f6nnen personenbezogene Daten an Drittplattformen \u00fcbermittelt werden.  Mehr Informationen dazu erhalten Sie in den Datenschutz-Einstellungen. Diese finden Sie ganz unten auf unserer Seite im Footer, sodass Sie Ihre Einstellungen jederzeit verwalten oder widerrufen k\u00f6nnen. <\/p>\n<p class=\"tspBYlv\">Die Aktivisten warfen den Einsatzkr\u00e4ften \u201erabiates Vorgehen\u201c vor. Man sei \u201eteils mit grober Gewalt\u201c zu Boden gerissen worden, teilte die Neue Generation mit. Auf Nachfrage wollte sich eine Polizeisprecherin zun\u00e4chst nicht \u00e4u\u00dfern.<\/p>\n<p> Harte Vorw\u00fcrfe gegen Springer-Verlag <\/p>\n<p class=\"tspBYlv\">Die Aktion zeigt ein neues Muster der Vereinigung: Statt des Kampfes um das Klima haben sich die Aktivisten unter ihrem neuen Namen dem Kampf gegen den Faschismus verschrieben. Auch mit einer <a href=\"https:\/\/www.tagesspiegel.de\/berlin\/nachfolger-der-letzten-generation-aktivisten-kleben-sich-im-deutschen-historischen-museum-in-berlin-fest-13786510.html?icid=in-text-link_13787614\" class=\"link link--internal\" data-gtm-class=\"article-text-link\" data-gtm-val=\"internal\" rel=\"nofollow noopener\" target=\"_blank\">Klebeaktion im Deutschen Historischen Museum<\/a> am Sonntag verfolgten sie laut eigener Mitteilung dieses Ziel. <\/p>\n<p class=\"tspBYlv\">Zugrunde legt die Vereinigung ihr ganz eigenes Verst\u00e4ndnis von Faschismus: Springer betreibe \u201ePolitik f\u00fcr die Rechten und Reichen\u201c unter dem Deckmantel der Berichterstattung, hie\u00df es. Und weiter: \u201eBild ist keine Zeitung, sondern Machtinstrument der Autokraten und Faschisten.\u201c Eine Erkl\u00e4rung, wer mit Autokraten und Faschisten denn gemeint ist, bleiben die Aktivisten schuldig.<\/p>\n<p> Mehr zum Thema Aktivismus in Berlin <a href=\"https:\/\/www.tagesspiegel.de\/berlin\/serie-von-fahrrad-piktogrammen-aktivisten-brusten-sich-mit-fertigstellung-von-neuem-guerilla-radweg-13785745.html?icid=topic-list_13787614___\" data-gtm-class=\"article-mzt-link\" class=\"tspB5mf\" rel=\"nofollow noopener\" target=\"_blank\">Serie von Fahrrad-Piktogrammen Aktivisten br\u00fcsten sich mit Fertigstellung von neuem Guerilla-Radweg  <\/a><a href=\"https:\/\/www.tagesspiegel.de\/berlin\/aus-protest-gegen-kurzungen-des-senats-besetztes-gebaude-in-berlin-lichtenberg-geraumt--personen-in-polizeigewahrsam-13783108.html?icid=topic-list_13787614___\" data-gtm-class=\"article-mzt-link\" class=\"tspB5mf\" rel=\"nofollow noopener\" target=\"_blank\">Aus Protest gegen K\u00fcrzungen des Senats Besetztes Geb\u00e4ude in Berlin-Lichtenberg ger\u00e4umt \u2013 Personen in Polizeigewahrsam <\/a><a href=\"https:\/\/www.tagesspiegel.de\/berlin\/dritte-aktion-seit-wochenbeginn-polizei-erwischt-aktivisten-beim-aufmalen-von-guerilla-radweg-13776484.html?icid=topic-list_13787614___\" data-gtm-class=\"article-mzt-link\" class=\"tspB5mf\" rel=\"nofollow noopener\" target=\"_blank\">Dritte Aktion seit Wochenbeginn Polizei erwischt Aktivisten beim Aufmalen von Guerilla-Radweg <\/a><\/p>\n<p class=\"tspBYlv\">Im vergangenen Dezember hatten die Aktivisten der Letzten Generation angek\u00fcndigt, sich neu ausrichten und k\u00fcnftig unter dem Namen Neue Generation agieren zu wollen. Auch ein weiterer Ausl\u00e4ufer der Letzten Generation, das\u00a0\u201eWiderstands-Kollektiv\u201c, hat in den letzten Tagen <a href=\"https:\/\/www.tagesspiegel.de\/berlin\/dritte-aktion-seit-wochenbeginn-polizei-erwischt-aktivisten-beim-aufmalen-von-guerilla-radweg-13776484.html?icid=in-text-link_13787614\" class=\"link link--internal\" data-gtm-class=\"article-text-link\" data-gtm-val=\"internal\" rel=\"nofollow noopener\" target=\"_blank\">mit Aktionen in Berlin auf sich aufmerksam gemacht.<\/a><\/p>\n","protected":false},"excerpt":{"rendered":"Die \u201eNeue Generation\u201c meint es offenbar ernst mit ihrer angek\u00fcndigten \u201eWiderstandswelle\u201c: Am sp\u00e4ten Sonntagabend haben Aktivisten des Nachfolgers&hellip;\n","protected":false},"author":2,"featured_media":158874,"comment_status":"","ping_status":"","sticky":false,"template":"","format":"standard","meta":{"footnotes":""},"categories":[1825],"tags":[296,710,29,30,55581,525,121,2239],"class_list":{"0":"post-158873","1":"post","2":"type-post","3":"status-publish","4":"format-standard","5":"has-post-thumbnail","7":"category-berlin","8":"tag-berlin","9":"tag-demonstrationen","10":"tag-deutschland","11":"tag-germany","12":"tag-letzten-generation","13":"tag-mitte","14":"tag-polizei","15":"tag-rbb"},"share_on_mastodon":{"url":"https:\/\/pubeurope.com\/@de\/114612972129607754","error":""},"_links":{"self":[{"href":"https:\/\/www.europesays.com\/de\/wp-json\/wp\/v2\/posts\/158873","targetHints":{"allow":["GET"]}}],"collection":[{"href":"https:\/\/www.europesays.com\/de\/wp-json\/wp\/v2\/posts"}],"about":[{"href":"https:\/\/www.europesays.com\/de\/wp-json\/wp\/v2\/types\/post"}],"author":[{"embeddable":true,"href":"https:\/\/www.europesays.com\/de\/wp-json\/wp\/v2\/users\/2"}],"replies":[{"embeddable":true,"href":"https:\/\/www.europesays.com\/de\/wp-json\/wp\/v2\/comments?post=158873"}],"version-history":[{"count":0,"href":"https:\/\/www.europesays.com\/de\/wp-json\/wp\/v2\/posts\/158873\/revisions"}],"wp:featuredmedia":[{"embeddable":true,"href":"https:\/\/www.europesays.com\/de\/wp-json\/wp\/v2\/media\/158874"}],"wp:attachment":[{"href":"https:\/\/www.europesays.com\/de\/wp-json\/wp\/v2\/media?parent=158873"}],"wp:term":[{"taxonomy":"category","embeddable":true,"href":"https:\/\/www.europesays.com\/de\/wp-json\/wp\/v2\/categories?post=158873"},{"taxonomy":"post_tag","embeddable":true,"href":"https:\/\/www.europesays.com\/de\/wp-json\/wp\/v2\/tags?post=158873"}],"curies":[{"name":"wp","href":"https:\/\/api.w.org\/{rel}","templated":true}]}}