{"id":158875,"date":"2025-06-02T09:05:10","date_gmt":"2025-06-02T09:05:10","guid":{"rendered":"https:\/\/www.europesays.com\/de\/158875\/"},"modified":"2025-06-02T09:05:10","modified_gmt":"2025-06-02T09:05:10","slug":"loescharbeiten-auf-firmengelaende-in-berlin-marzahn-dauern-an","status":"publish","type":"post","link":"https:\/\/www.europesays.com\/de\/158875\/","title":{"rendered":"L\u00f6scharbeiten auf Firmengel\u00e4nde in Berlin-Marzahn dauern an"},"content":{"rendered":"<p class=\"tspBYlv tspBYlw\">Mit einem Gro\u00dfaufgebot k\u00e4mpft die Feuerwehr seit Sonntagabend gegen einen Gro\u00dfbrand in <a href=\"https:\/\/www.tagesspiegel.de\/berlin\/bezirke\/marzahn-hellersdorf?icid=in-text-link_13786816\" class=\"link link--internal\" data-gtm-class=\"article-text-link\" data-gtm-val=\"internal\" target=\"_blank\" rel=\"noopener\">Berlin-Marzahn<\/a>. Die Flammen auf dem Firmengel\u00e4nde im Pyramidenweg seien unter Kontrolle, teilte die Feuerwehr am Montagmorgen mit. Die L\u00f6scharbeiten werden demnach bis in die Mittagsstunden dauern. Nach den L\u00f6scharbeiten m\u00fcssten noch Kilometer an Schl\u00e4uchen eingeholt werden. <\/p>\n<p><a href=\"https:\/\/abo.tagesspiegel.de\/tagesspiegel-app?icid=single-topic_13786816___\" data-gtm-class=\"article-mzt-link\" class=\"tspB5mf\" target=\"_blank\" rel=\"noopener\">Die Tagesspiegel-App Aktuelle Nachrichten, Hintergr\u00fcnde und Analysen direkt auf Ihr Smartphone. Dazu die digitale Zeitung. Hier gratis herunterladen.  <\/a><\/p>\n<p class=\"tspBYlv\">Die Flammen erfassten drei Lagerhallen, mehrere Lastwagen, eine gro\u00dfe Menge Holzpaletten sowie diverses Lagergut, teilte die Feuerwehr mit. Betroffen war eine Fl\u00e4che von etwa 3500 Quadratmetern. Viele Anrufer h\u00e4tten einen gr\u00f6\u00dferen Brand am Pyramidenring gemeldet. Wie <a href=\"https:\/\/www.bz-berlin.de\/polizei\/grosseinsatz-der-feuerwehr\" target=\"_blank\" rel=\"noopener\" class=\"link link--external\" data-gtm-class=\"article-text-link\" data-gtm-val=\"external\" aria-describedby=\"message-target-blank\">die \u201eB.Z.\u201c<\/a> berichtet, kam es bei dem Feuer zu mehreren Explosionen.<\/p>\n<p class=\"tspSdi\">Empfohlener redaktioneller Inhalt<\/p>\n<p> An dieser Stelle finden Sie einen von unseren Redakteuren ausgew\u00e4hlten, externen Inhalt, der den Artikel f\u00fcr Sie mit zus\u00e4tzlichen Informationen anreichert. Sie k\u00f6nnen sich hier den externen Inhalt mit einem Klick anzeigen lassen oder wieder ausblenden. <\/p>\n<p> Externen Inhalt anzeigen <\/p>\n<p class=\"tspSdo\"> Ich bin damit einverstanden, dass mir der externe Inhalt angezeigt wird. Damit k\u00f6nnen personenbezogene Daten an Drittplattformen \u00fcbermittelt werden.  Mehr Informationen dazu erhalten Sie in den Datenschutz-Einstellungen. Diese finden Sie ganz unten auf unserer Seite im Footer, sodass Sie Ihre Einstellungen jederzeit verwalten oder widerrufen k\u00f6nnen. <\/p>\n<p class=\"tspBYlv\">Die Feuerwehr r\u00fcckte mit 225 Einsatzkr\u00e4ften an. Die Flughafenfeuerwehr wurde zur Unterst\u00fctzung hinzugezogen. Eine weitere Ausbreitung der Flammen sei durch die hohe Anzahl an schnell eingesetzten Kr\u00e4ften verhindert worden, hie\u00df es.<\/p>\n<p class=\"tspBYlv\">Auf dem Firmengel\u00e4nde im Pyramidenring befinden sich eine DHL-Zustellbasis und ein Standort des Bauunternehmens Eurovia.<\/p>\n<p class=\"tspSdi\">Empfohlener redaktioneller Inhalt<\/p>\n<p> An dieser Stelle finden Sie einen von unseren Redakteuren ausgew\u00e4hlten, externen Inhalt, der den Artikel f\u00fcr Sie mit zus\u00e4tzlichen Informationen anreichert. Sie k\u00f6nnen sich hier den externen Inhalt mit einem Klick anzeigen lassen oder wieder ausblenden. <\/p>\n<p> Externen Inhalt anzeigen <\/p>\n<p class=\"tspSdo\"> Ich bin damit einverstanden, dass mir der externe Inhalt angezeigt wird. Damit k\u00f6nnen personenbezogene Daten an Drittplattformen \u00fcbermittelt werden.  Mehr Informationen dazu erhalten Sie in den Datenschutz-Einstellungen. Diese finden Sie ganz unten auf unserer Seite im Footer, sodass Sie Ihre Einstellungen jederzeit verwalten oder widerrufen k\u00f6nnen. <\/p>\n<p><img decoding=\"async\" src=\"https:\/\/www.europesays.com\/de\/wp-content\/uploads\/2025\/06\/csm-20250601-225523-7bb759e97a.jpeg\"   alt=\"\" aria-labelledby=\"caption-13787434\" width=\"440\" height=\"330\" loading=\"lazy\" class=\"tspAThr\"\/> Laut Angaben der Berliner Feuerwehr waren vier Wasserwerfer im Einsatz. <\/p>\n<p class=\"tspADfz\"> \u00a9 Berliner Feuerwehr <\/p>\n<p class=\"tspBYlv\">Wegen der enormen Rauchentwicklung seien Anwohner \u00fcber die Warn-App Katwarn aufgefordert worden, T\u00fcren und Fenster geschlossen zu halten sowie Klimaanlagen abzuschalten, hie\u00df es von der Feuerwehr. Menschen seien durch das Feuer nach den derzeitigen Erkenntnissen aber nicht in Gefahr.<\/p>\n<p class=\"tspBYlv\">Rauch und Flammen waren nach Feuerwehrangaben weithin zu sehen. Ein Video, das ein Nutzer auf X postete, zeigte hohe Rauchschwaden.<\/p>\n<p><img decoding=\"async\" src=\"https:\/\/www.europesays.com\/de\/wp-content\/uploads\/2025\/06\/csm-20250602-002338-aed1b96aec.jpeg\"   alt=\"\" aria-labelledby=\"caption-13787443\" width=\"440\" height=\"330\" loading=\"lazy\" class=\"tspAThr\"\/> Auch ein L\u00f6schfahrzeug der Berliner Flugh\u00e4fen kam zum Einsatz. <\/p>\n<p class=\"tspADfz\"> \u00a9 Berliner Feuerwehr <\/p>\n<p class=\"tspBYlv\">Die Ursache f\u00fcr den Brand ist noch nicht bekannt. Die \u201eB.Z.\u201c berichtet, soll eine Festnahme gegeben haben. Eine Sprecherin der Berliner Polizei wollte sich dazu auf Tagesspiegel-Anfrage nicht \u00e4u\u00dfern.<\/p>\n<p> Das k\u00f6nnte Sie auch interessieren: <a href=\"https:\/\/www.tagesspiegel.de\/berlin\/feuerwehreinsatz-in-berlin-rummelsburg-person-fallt-von-partyboot-in-die-spree-13776928.html?icid=topic-list_13786816___\" data-gtm-class=\"article-mzt-link\" class=\"tspB5mf\" target=\"_blank\" rel=\"noopener\">Feuerwehreinsatz in Berlin-Rummelsburg Person f\u00e4llt von Partyboot in die Spree <\/a><a href=\"https:\/\/www.tagesspiegel.de\/berlin\/brandstiftung-in-berlin-charlottenburg-erneut-brennen-autos-vor-der-jva-plotzensee-13774840.html?icid=topic-list_13786816___\" data-gtm-class=\"article-mzt-link\" class=\"tspB5mf\" target=\"_blank\" rel=\"noopener\">Brandstiftung in Berlin-Charlottenburg Erneut brennen Autos vor der JVA Pl\u00f6tzensee <\/a><a href=\"https:\/\/www.tagesspiegel.de\/berlin\/berliner-wirtschaft\/berliner-brosel-brucken-aus-spannbeton-entscheidende-fehler-wurden-oft-schon-auf-der-baustelle-gemacht-13736038.html?icid=topic-list_13786816___\" data-gtm-class=\"article-mzt-link\" class=\"tspB5mf\" target=\"_blank\" rel=\"noopener\">Berliner Br\u00f6sel-Br\u00fccken aus Spannbeton \u201eEntscheidende Fehler wurden oft schon auf der Baustelle gemacht\u201c <\/a><\/p>\n<p class=\"tspBYlv\">Die Landsberger Allee war in H\u00f6he des Pyramidenrings demnach bis in die Morgenstunden vollst\u00e4ndig gesperrt. Zwischenzeitlich war auch der \u00f6ffentliche Nahverkehr betroffen. (Tsp, dpa)<\/p>\n","protected":false},"excerpt":{"rendered":"Mit einem Gro\u00dfaufgebot k\u00e4mpft die Feuerwehr seit Sonntagabend gegen einen Gro\u00dfbrand in Berlin-Marzahn. Die Flammen auf dem Firmengel\u00e4nde&hellip;\n","protected":false},"author":2,"featured_media":158876,"comment_status":"","ping_status":"","sticky":false,"template":"","format":"standard","meta":{"footnotes":""},"categories":[1825],"tags":[296,29,985,30,56,1284],"class_list":{"0":"post-158875","1":"post","2":"type-post","3":"status-publish","4":"format-standard","5":"has-post-thumbnail","7":"category-berlin","8":"tag-berlin","9":"tag-deutschland","10":"tag-feuerwehr","11":"tag-germany","12":"tag-marzahn-hellersdorf","13":"tag-unfall"},"share_on_mastodon":{"url":"https:\/\/pubeurope.com\/@de\/114612975977126368","error":""},"_links":{"self":[{"href":"https:\/\/www.europesays.com\/de\/wp-json\/wp\/v2\/posts\/158875","targetHints":{"allow":["GET"]}}],"collection":[{"href":"https:\/\/www.europesays.com\/de\/wp-json\/wp\/v2\/posts"}],"about":[{"href":"https:\/\/www.europesays.com\/de\/wp-json\/wp\/v2\/types\/post"}],"author":[{"embeddable":true,"href":"https:\/\/www.europesays.com\/de\/wp-json\/wp\/v2\/users\/2"}],"replies":[{"embeddable":true,"href":"https:\/\/www.europesays.com\/de\/wp-json\/wp\/v2\/comments?post=158875"}],"version-history":[{"count":0,"href":"https:\/\/www.europesays.com\/de\/wp-json\/wp\/v2\/posts\/158875\/revisions"}],"wp:featuredmedia":[{"embeddable":true,"href":"https:\/\/www.europesays.com\/de\/wp-json\/wp\/v2\/media\/158876"}],"wp:attachment":[{"href":"https:\/\/www.europesays.com\/de\/wp-json\/wp\/v2\/media?parent=158875"}],"wp:term":[{"taxonomy":"category","embeddable":true,"href":"https:\/\/www.europesays.com\/de\/wp-json\/wp\/v2\/categories?post=158875"},{"taxonomy":"post_tag","embeddable":true,"href":"https:\/\/www.europesays.com\/de\/wp-json\/wp\/v2\/tags?post=158875"}],"curies":[{"name":"wp","href":"https:\/\/api.w.org\/{rel}","templated":true}]}}