{"id":158877,"date":"2025-06-02T09:06:14","date_gmt":"2025-06-02T09:06:14","guid":{"rendered":"https:\/\/www.europesays.com\/de\/158877\/"},"modified":"2025-06-02T09:06:14","modified_gmt":"2025-06-02T09:06:14","slug":"aengstlicher-eisbaer-hofft-auf-geduldiges-zuhause","status":"publish","type":"post","link":"https:\/\/www.europesays.com\/de\/158877\/","title":{"rendered":"\u00c4ngstlicher Eisb\u00e4r hofft auf geduldiges Zuhause"},"content":{"rendered":"<p>Tierheim Berlin <\/p>\n<p>\u00c4ngstlicher &#8222;Eisb\u00e4r&#8220; hofft auf neues Zuhause<\/p>\n<p>Aktualisiert am 02.06.2025 &#8211; 10:26 UhrLesedauer: 1 Min.<\/p>\n<p><a href=\"#focus-0\" class=\"transition-colors duration-200 focus-within:text-magenta block text-current relative\" data-sctrack=\"FocusGalleryImage.Reference\"><img fetchpriority=\"high\" data-testid=\"Opener.Image\" style=\"--lqipURL:url('https:\/\/images.t-online.de\/2025\/06\/vZ62HmGfgruD\/98x11:799x450\/fit-in\/150x0\/filters:blur(25)\/image.png')\"   loading=\"eager\" src=\"https:\/\/www.europesays.com\/de\/wp-content\/uploads\/2025\/06\/image.png\" alt=\"Der Dackel-Mix Eisb\u00e4r: Der R\u00fcde ist seit Ende Januar im Tierheim Berlin.\" title=\"Der Dackel-Mix Eisb\u00e4r: Der R\u00fcde ist seit Ende Januar im Tierheim Berlin.\" width=\"799\" height=\"450\" class=\"bg-[url:var(--lqipURL)] bg-cover bg-center flex w-full max-w-full h-full\" decoding=\"async\"\/><img style=\"--width:32;--height:32\" loading=\"lazy\" src=\"https:\/\/www.europesays.com\/de\/wp-content\/uploads\/2025\/05\/zoom-in.f7dae02f.svg.svg+xml\" alt=\"Vergr\u00f6\u00dfern des Bildes\" title=\"Vergr\u00f6\u00dfern des Bildes\" class=\"&#10;        block&#10;        h-[calc(var(--height)_\/_16_*_1rem)]&#10;        w-[calc(var(--width)_\/_16_*_1rem)]&#10;        max-w-none&#10;        absolute bottom-8 right-8 rounded-4 bg-snow p-8\" decoding=\"async\"\/><\/a><\/p>\n<p>Der Dackel-Mix Eisb\u00e4r: Der R\u00fcde ist seit Ende Januar im Tierheim Berlin. (Quelle: Berliner Tierheim)<\/p>\n<p class=\"font-bold text-18 leading-17\">Ein junger Hund namens Eisb\u00e4r wartet im Tierheim Berlin auf seine Chance. Der unerfahrene Vierbeiner braucht Menschen mit viel Verst\u00e4ndnis.<\/p>\n<p class=\"text-18 leading-17\">Im Tierheim <a class=\"transition-colors duration-200 cursor-pointer text-inherit no-underline text-salemsfur md:hover:text-magenta md:hover:border-magenta md:focus:text-magenta border-current border-b border-solid break-words\" href=\"https:\/\/www.t-online.de\/region\/berlin\/\" data-sctrack=\"BodyAnchor\" target=\"_blank\" rel=\"noopener\">Berlin<\/a> wartet ein besonderer Hund auf ein neues Zuhause: Der junge R\u00fcde namens Eisb\u00e4r hat in seinem bisherigen Leben noch wenig kennengelernt und zeigt sich daher sehr unsicher. Die Tierpfleger beschreiben den eineinhalb Jahre alten Dackel-Mix als vorsichtig, aber auch neugierig und lernwillig.<\/p>\n<p class=\"text-18 leading-17\">&#8222;Eisb\u00e4r braucht Menschen, die ihm mit Geduld und Ruhe begegnen&#8220;, hei\u00dft es vom Tierheim. Der Hund sei sehr anh\u00e4nglich und verschmust, wenn er erst einmal Vertrauen gefasst habe. Dies k\u00f6nne jedoch einige Zeit in Anspruch nehmen. Auch das Alleinbleiben m\u00fcsse der Vierbeiner noch lernen.<\/p>\n<p class=\"text-18 leading-17\">F\u00fcr Eisb\u00e4r w\u00fcnschen sich die Tierpfleger ein ruhiges Zuhause am Stadtrand oder auf dem Land. Er vertrage sich gut mit H\u00fcndinnen, Kinder sollten jedoch nicht im Haushalt leben.<\/p>\n<p class=\"text-18 leading-17\">Interessenten k\u00f6nnen sich telefonisch unter 030 76888-156 im Struppi-Haus des Tierheims Berlin melden.<\/p>\n","protected":false},"excerpt":{"rendered":"Tierheim Berlin \u00c4ngstlicher &#8222;Eisb\u00e4r&#8220; hofft auf neues Zuhause Aktualisiert am 02.06.2025 &#8211; 10:26 UhrLesedauer: 1 Min. Der Dackel-Mix&hellip;\n","protected":false},"author":2,"featured_media":158878,"comment_status":"","ping_status":"","sticky":false,"template":"","format":"standard","meta":{"footnotes":""},"categories":[1825],"tags":[722,2072,296,29,30,604,2486],"class_list":{"0":"post-158877","1":"post","2":"type-post","3":"status-publish","4":"format-standard","5":"has-post-thumbnail","7":"category-berlin","8":"tag-722","9":"tag-2072","10":"tag-berlin","11":"tag-deutschland","12":"tag-germany","13":"tag-hund","14":"tag-tierheim"},"share_on_mastodon":{"url":"https:\/\/pubeurope.com\/@de\/114612980130639955","error":""},"_links":{"self":[{"href":"https:\/\/www.europesays.com\/de\/wp-json\/wp\/v2\/posts\/158877","targetHints":{"allow":["GET"]}}],"collection":[{"href":"https:\/\/www.europesays.com\/de\/wp-json\/wp\/v2\/posts"}],"about":[{"href":"https:\/\/www.europesays.com\/de\/wp-json\/wp\/v2\/types\/post"}],"author":[{"embeddable":true,"href":"https:\/\/www.europesays.com\/de\/wp-json\/wp\/v2\/users\/2"}],"replies":[{"embeddable":true,"href":"https:\/\/www.europesays.com\/de\/wp-json\/wp\/v2\/comments?post=158877"}],"version-history":[{"count":0,"href":"https:\/\/www.europesays.com\/de\/wp-json\/wp\/v2\/posts\/158877\/revisions"}],"wp:featuredmedia":[{"embeddable":true,"href":"https:\/\/www.europesays.com\/de\/wp-json\/wp\/v2\/media\/158878"}],"wp:attachment":[{"href":"https:\/\/www.europesays.com\/de\/wp-json\/wp\/v2\/media?parent=158877"}],"wp:term":[{"taxonomy":"category","embeddable":true,"href":"https:\/\/www.europesays.com\/de\/wp-json\/wp\/v2\/categories?post=158877"},{"taxonomy":"post_tag","embeddable":true,"href":"https:\/\/www.europesays.com\/de\/wp-json\/wp\/v2\/tags?post=158877"}],"curies":[{"name":"wp","href":"https:\/\/api.w.org\/{rel}","templated":true}]}}