{"id":158879,"date":"2025-06-02T09:07:10","date_gmt":"2025-06-02T09:07:10","guid":{"rendered":"https:\/\/www.europesays.com\/de\/158879\/"},"modified":"2025-06-02T09:07:10","modified_gmt":"2025-06-02T09:07:10","slug":"brooklyn-beckham-nicola-peltz-sie-engagieren-die-anwaeltin-von-harry-und-meghan","status":"publish","type":"post","link":"https:\/\/www.europesays.com\/de\/158879\/","title":{"rendered":"Brooklyn Beckham + Nicola Peltz: Sie engagieren die Anw\u00e4ltin von Harry und Meghan"},"content":{"rendered":"<p>Brooklyn Beckham + Nicola Peltz Beckham<br \/>\nDrastische Ma\u00dfnahme! Sie engagieren die Anw\u00e4ltin von Harry und Meghan<\/p>\n<p><img class=\"image image-element__image\"   src=\"https:\/\/www.europesays.com\/de\/wp-content\/uploads\/2025\/06\/brooklyn-beckham-nicola-peltz.jpg\" alt=\"Brooklyn Beckham + Nicola Peltz Beckham\" decoding=\"async\" fetchpriority=\"high\" loading=\"eager\"\/><br \/>\n<a href=\"https:\/\/image.gala.de\/24387214\/t\/s0\/v3\/w2048\/r1.5\/-\/brooklyn-beckham-nicola-peltz.jpg#Claudio%20Lavenia%20%2F%20Getty%20Images\" class=\"image__magnifier\" aria-label=\"Vergr\u00f6\u00dfern\" rel=\"nofollow noopener\" target=\"_blank\"><\/p>\n<p> <a href=\"https:\/\/www.gala.de\/stars\/starportraets\/brooklyn-beckham-20487658.html\" data-article-type=\"star-portrait\" rel=\"nofollow noopener\" target=\"_blank\">Brooklyn Beckham<\/a> + Nicola Peltz Beckham <\/p>\n<p>\u00a9 Claudio Lavenia \/ Getty Images<\/p>\n<p>\nDas klingt nicht sehr vers\u00f6hnlich: Einem Medienbericht zufolge wappnen sich Brooklyn Beckham und seine Frau Nicola Peltz Beckham gegen die Negativschlagzeilen und engagieren eine in Promikreisen sehr begehrte Anw\u00e4ltin.\n<\/p>\n<p class=\"text-element u-richtext u-typo u-typo--article-text article__text-element text-element--context-article\"> Das kann doch kein Zufall sein: Nachdem bereits zahlreiche Medien die Parallelen zwischen dem Ehepaar Peltz Beckham und dem Herzogpaar von Sussex aufgezeigt haben, erscheint die neueste Entwicklung wie eine logische Konsequenz der letzten Monate.<\/p>\n<p>Brooklyn Beckham und Nicola wollen alles richtig machen<\/p>\n<p class=\"text-element u-richtext u-typo u-typo--article-text article__text-element text-element--context-article\"> Ein anonyme Quelle der britischen &#8222;Mail on Sunday&#8220; berichtet, dass <a class=\"link--person\" data-target-type=\"article\" href=\"https:\/\/www.gala.de\/stars\/starportraets\/brooklyn-beckham-20487658.html\" rel=\"nofollow noopener\" target=\"_blank\">Brooklyn Beckham<\/a>, 26, und <a class=\"\" data-target-type=\"article\" href=\"https:\/\/www.gala.de\/themen\/nicola-peltz-20981384.html\" rel=\"nofollow noopener\" target=\"_blank\">Nicola Peltz<\/a> Beckham, 30, inmitten der Familienkrise die britische Staranw\u00e4ltin Jenny Afia engagiert haben. Afia ist in Promikreisen sehr gefragt \u2013 und fungiert seit geraumer Zeit auch als Anw\u00e4ltin f\u00fcr <a class=\"link--person\" data-target-type=\"article\" href=\"https:\/\/www.gala.de\/stars\/starportraets\/prinz-harry-20519960.html\" rel=\"nofollow noopener\" target=\"_blank\">Prinz Harry<\/a>, 40, und <a class=\"link--person\" data-target-type=\"article\" href=\"https:\/\/www.gala.de\/stars\/starportraets\/meghan-markle-aka-herzogin-meghan--alles-ueber-die-frau-an-prinz-harrys-seite-20586488.html\" rel=\"nofollow noopener\" target=\"_blank\">Herzogin Meghan<\/a>, 43.<\/p>\n<p class=\"text-element u-richtext u-typo u-typo--article-text article__text-element text-element--context-article\"> Ausgerechnet die Sussexes \u2013 ein weiteres prominentes Paar also, dessen Entfremdung von der eigenen Familie internationale Schlagzeilen macht. Kennengelernt haben sich die beiden Paare laut &#8222;Daily Mail&#8220; bei einer Dinnerparty des Paramount-Managers Brian Robbins vor etwa drei Wochen in Montecito. So weit, so unspektakul\u00e4r, w\u00e4re da nicht die recht drastische Ma\u00dfnahme, eine Anw\u00e4ltin zu engagieren. Aber was soll Jenny Afia jetzt eigentlich genau tun?<\/p>\n<p><a href=\"https:\/\/www.gala.de\/stars\/familie-beckham--die-besten-fotos-von-david--victoria-und-ihren-kindern-20558250.html\" class=\"teaser__link teaser-multi-picture__link teaser__link--overlay\" rel=\"nofollow noopener\" target=\"_blank\">  <\/p>\n<p>Victoria Beckham<br \/>\nGeburtstag mit der halben Familie <\/p>\n<p>38<br \/>\nBilder  <\/p>\n<p><\/a><\/p>\n<p>Familienkrise im Hause Beckham spitzt sich zu<\/p>\n<p class=\"text-element u-richtext u-typo u-typo--article-text article__text-element text-element--context-article\"> Auf der Website der Kanzlei Schilling, in der Jenny Afia t\u00e4tig ist, hei\u00dft es \u00fcber sie: &#8222;Jenny Afia ist eine preisgekr\u00f6nte Anw\u00e4ltin f\u00fcr Datenschutz und Reputation und leitet die Unterhaltungsabteilung von Schillings.&#8220; Eine absolute Expertin auf dem Gebiet der Pressearbeit von Prominenten also. Sie soll dem Celebrity-P\u00e4rchen helfen, mehr Kontrolle \u00fcber ihr Image und die Berichterstattung zu erlangen. Insbesondere Nicola wird von Insidern als &#8222;kontrolls\u00fcchtige&#8220; Person beschrieben, die alles bis zur Perfektion inszenierten und bestimmen will.<\/p>\n<p class=\"text-element u-richtext u-typo u-typo--article-text article__text-element text-element--context-article\"> Die Streitigkeiten im Hause Beckham, die seit der Hochzeit von Brooklyn und Nicola im April 2022 schwelen, fanden an <a class=\"link--person\" data-target-type=\"article\" href=\"https:\/\/www.gala.de\/stars\/starportraets\/david-beckham-20511378.html\" rel=\"nofollow noopener\" target=\"_blank\">David Beckhams<\/a> 50. Geburtstag Anfang Mai ihren vorl\u00e4ufigen H\u00f6hepunkt. Nicht einmal zu diesem besonderen Anlass reisten die beiden Wahlamerikaner an \u2013 und verprellten damit endg\u00fcltig alle Familienmitglieder.<\/p>\n<p class=\"text-element u-richtext u-typo u-typo--article-text article__text-element text-element--context-article\"> Brooklyns j\u00fcngster Bruder Cruz, 20, soll sogar mittlerweile alle Hebel in Bewegung setzen, um seinem gro\u00dfen Bruder nicht zu begegnen. Wie die &#8222;Daily Mail&#8220; berichtet, kontaktiere Cruz vor einem Besuch s\u00e4mtliche Restaurants, Bars oder Clubs, um sicherzustellen, dass Brooklyn nicht ebenfalls vor Ort ist.<\/p>\n<p class=\"text-element u-richtext u-typo u-typo--article-text article__text-element text-element--context-article\"> Verwendete Quellen: dailymail.co.uk, Mail on Sunday, schillingspartners.com<\/p>\n<p>\nkst<br \/>\nGala\n<\/p>\n<p>#Themen<\/p>\n","protected":false},"excerpt":{"rendered":"Brooklyn Beckham + Nicola Peltz Beckham Drastische Ma\u00dfnahme! Sie engagieren die Anw\u00e4ltin von Harry und Meghan Brooklyn Beckham&hellip;\n","protected":false},"author":2,"featured_media":158880,"comment_status":"","ping_status":"","sticky":false,"template":"","format":"standard","meta":{"footnotes":""},"categories":[1776],"tags":[1801,29,214,30,1802,215],"class_list":{"0":"post-158879","1":"post","2":"type-post","3":"status-publish","4":"format-standard","5":"has-post-thumbnail","7":"category-prominente","8":"tag-celebrities","9":"tag-deutschland","10":"tag-entertainment","11":"tag-germany","12":"tag-prominente","13":"tag-unterhaltung"},"share_on_mastodon":{"url":"https:\/\/pubeurope.com\/@de\/114612983778408349","error":""},"_links":{"self":[{"href":"https:\/\/www.europesays.com\/de\/wp-json\/wp\/v2\/posts\/158879","targetHints":{"allow":["GET"]}}],"collection":[{"href":"https:\/\/www.europesays.com\/de\/wp-json\/wp\/v2\/posts"}],"about":[{"href":"https:\/\/www.europesays.com\/de\/wp-json\/wp\/v2\/types\/post"}],"author":[{"embeddable":true,"href":"https:\/\/www.europesays.com\/de\/wp-json\/wp\/v2\/users\/2"}],"replies":[{"embeddable":true,"href":"https:\/\/www.europesays.com\/de\/wp-json\/wp\/v2\/comments?post=158879"}],"version-history":[{"count":0,"href":"https:\/\/www.europesays.com\/de\/wp-json\/wp\/v2\/posts\/158879\/revisions"}],"wp:featuredmedia":[{"embeddable":true,"href":"https:\/\/www.europesays.com\/de\/wp-json\/wp\/v2\/media\/158880"}],"wp:attachment":[{"href":"https:\/\/www.europesays.com\/de\/wp-json\/wp\/v2\/media?parent=158879"}],"wp:term":[{"taxonomy":"category","embeddable":true,"href":"https:\/\/www.europesays.com\/de\/wp-json\/wp\/v2\/categories?post=158879"},{"taxonomy":"post_tag","embeddable":true,"href":"https:\/\/www.europesays.com\/de\/wp-json\/wp\/v2\/tags?post=158879"}],"curies":[{"name":"wp","href":"https:\/\/api.w.org\/{rel}","templated":true}]}}