{"id":158881,"date":"2025-06-02T09:09:17","date_gmt":"2025-06-02T09:09:17","guid":{"rendered":"https:\/\/www.europesays.com\/de\/158881\/"},"modified":"2025-06-02T09:09:17","modified_gmt":"2025-06-02T09:09:17","slug":"diese-11-buecher-sind-besser-als-harry-potter","status":"publish","type":"post","link":"https:\/\/www.europesays.com\/de\/158881\/","title":{"rendered":"Diese 11 B\u00fccher sind besser als Harry Potter"},"content":{"rendered":"<p>Wenn eure Familie die Kinderb\u00fccher und den Humor von Marc-Uwe Kling m\u00f6gen und nun \u00e4lter sind, k\u00f6nnte dieser Jugendroman was f\u00fcr euch sein: Zusammen mit seinen Zwillingst\u00f6chtern Johanna und Luise hat er eine fantastische Welt entworfen und sie zu einer humorvollen und spannenden Krimi-Geschichte gesponnen: Elos von Bergen ist ein ber\u00fchmter Spurensucher, der das R\u00e4tsel des Obeliksen l\u00f6ste. Als ein Fall aber zu gef\u00e4hrlich f\u00fcr seine Kinder wurde, zog er mit ihnen nach Friedhofen, einem verschlafenen Dorf im K\u00f6nigreich.<\/p>\n<p>Dort schreibt er an seinen Memoiren, sehr zum Leidwesen der beiden Kinder Ada und Naru, die sich dort entsetzlich langweilen. Bis eines Tages ein r\u00e4tselhafter Mord geschieht und Elos Spurensucherqualit\u00e4ten gefordert sind &#8230; Der verzwickteste Fall seines Lebens beginnt und seine Kinder sind mitten drin.<\/p>\n<p>Wem der erste Teil schon gut gefallen hat, der wird den zweiten Band, der ganz frisch im M\u00e4rz 2025 erschienen ist, genauso m\u00f6gen: Aus der k\u00f6niglichen Schatzkammer wurde das legend\u00e4re Zepter der Ahnen entwendet. Die Zwillinge und Elos m\u00fcssen ihre Sp\u00fcrnasen zusammenstecken, um das R\u00e4tsel des Diebstahls zu l\u00f6sen, das auch mit einer politischen Intrige zu tun haben k\u00f6nnte.<\/p>\n<p><img decoding=\"async\" class=\"lazyload\" alt=\"Die Spurenfinder und das Drachenzepter\" src=\"https:\/\/www.europesays.com\/de\/wp-content\/uploads\/2025\/06\/5475fc4e815354b60e716cd18d_cmUgMzAwIDADZDA1NTQxNTY3Yzg=_01JPMHTEKV7B8A02M7JDVYFCX5.jpeg\"\/>Die Spurenfinder und das Drachenzepter<\/p>\n<p> Preis kann jetzt h\u00f6her sein. Preis vom 01.06.2025 12:27 Uhr<\/p>\n","protected":false},"excerpt":{"rendered":"Wenn eure Familie die Kinderb\u00fccher und den Humor von Marc-Uwe Kling m\u00f6gen und nun \u00e4lter sind, k\u00f6nnte dieser&hellip;\n","protected":false},"author":2,"featured_media":158882,"comment_status":"","ping_status":"","sticky":false,"template":"","format":"standard","meta":{"footnotes":""},"categories":[1774],"tags":[1784,1785,29,214,30,215],"class_list":{"0":"post-158881","1":"post","2":"type-post","3":"status-publish","4":"format-standard","5":"has-post-thumbnail","7":"category-buecher","8":"tag-books","9":"tag-buecher","10":"tag-deutschland","11":"tag-entertainment","12":"tag-germany","13":"tag-unterhaltung"},"share_on_mastodon":{"url":"https:\/\/pubeurope.com\/@de\/114612991672191594","error":""},"_links":{"self":[{"href":"https:\/\/www.europesays.com\/de\/wp-json\/wp\/v2\/posts\/158881","targetHints":{"allow":["GET"]}}],"collection":[{"href":"https:\/\/www.europesays.com\/de\/wp-json\/wp\/v2\/posts"}],"about":[{"href":"https:\/\/www.europesays.com\/de\/wp-json\/wp\/v2\/types\/post"}],"author":[{"embeddable":true,"href":"https:\/\/www.europesays.com\/de\/wp-json\/wp\/v2\/users\/2"}],"replies":[{"embeddable":true,"href":"https:\/\/www.europesays.com\/de\/wp-json\/wp\/v2\/comments?post=158881"}],"version-history":[{"count":0,"href":"https:\/\/www.europesays.com\/de\/wp-json\/wp\/v2\/posts\/158881\/revisions"}],"wp:featuredmedia":[{"embeddable":true,"href":"https:\/\/www.europesays.com\/de\/wp-json\/wp\/v2\/media\/158882"}],"wp:attachment":[{"href":"https:\/\/www.europesays.com\/de\/wp-json\/wp\/v2\/media?parent=158881"}],"wp:term":[{"taxonomy":"category","embeddable":true,"href":"https:\/\/www.europesays.com\/de\/wp-json\/wp\/v2\/categories?post=158881"},{"taxonomy":"post_tag","embeddable":true,"href":"https:\/\/www.europesays.com\/de\/wp-json\/wp\/v2\/tags?post=158881"}],"curies":[{"name":"wp","href":"https:\/\/api.w.org\/{rel}","templated":true}]}}