{"id":158884,"date":"2025-06-02T09:11:23","date_gmt":"2025-06-02T09:11:23","guid":{"rendered":"https:\/\/www.europesays.com\/de\/158884\/"},"modified":"2025-06-02T09:11:23","modified_gmt":"2025-06-02T09:11:23","slug":"swr-programm-im-popup-studio-in-mainz","status":"publish","type":"post","link":"https:\/\/www.europesays.com\/de\/158884\/","title":{"rendered":"SWR-Programm im PopUp Studio in Mainz"},"content":{"rendered":"<p>Sieben Wochen lang pr\u00e4sentiert sich der SWR mit Live-Nachrichten, Diskussionen, Workshops und vielen G\u00e4sten in der Mainzer Innenstadt. Hier findet ihr das Programm.<\/p>\n<p>Die sieben Wochen sind voller spannender Angebote. Die SWR Radiowellen senden live aus dem PopUp Studio, Sendungen werden aufgezeichnet und interessante Diskussionsrunden finden statt, zum Beispiel mit der Redaktion der Polizei-Dokuserie &#8222;Nachtstreife&#8220;. Am 4. Juni k\u00f6nnt Ihr gemeinsam mit den Polizistinnen und Polizisten sowie den Machern der Serie die erste Folge der neuen Staffel ansehen und anschlie\u00dfend in einem Talk mehr \u00fcber die Dreharbeiten, die Polizeiarbeit und die Themen der neuen Staffel erfahren. <a href=\"https:\/\/www.swr-events.de\/b?p=nachtstreife-live\" class=\"link link-inline inline-link\" title=\"Anmeldung Nachtstreife\" target=\"_blank\" rel=\"external noopener noreferrer nofollow\" data-pjax=\"0\">Interessierte k\u00f6nnen sich hier anmelden.<\/a><\/p>\n<p>Damit ihr ganz genau planen k\u00f6nnt, wann ihr unser Studio in der Mainzer Innenstadt besucht, haben wir euch unser Programm zusammengestellt. Schaut immer mal wieder rein, denn es kommen noch weitere Highlights dazu.<\/p>\n<p>Programm im SWR PopUp Studio vom 2. Juni bis 18. Juli 2025<\/p>\n<ul>\n<li>Von <strong>Montag bis Donnerstag<\/strong> SWR4 Regionalnachrichten Mainz von 12:30 bis 17:30 live aus dem PopUp-Studio<\/li>\n<li><strong>2.6<\/strong>. 18:00 Uhr &#8222;The flames&#8220; Live-Musik aus der Region<\/li>\n<li><strong>4.6.<\/strong> 12:30 Uhr <strong>\u201cAsk me anything\u201d<\/strong> mit Ulla Fiebig, SWR Landessenderdirektorin RLP<\/li>\n<li><strong>4.6.<\/strong> 18:00 <strong>Nachtstreife live <\/strong><a href=\"https:\/\/www.swr-events.de\/b?p=nachtstreife-live\" class=\"link link-inline inline-link\" title=\"Anmeldung Nachtstreife\" target=\"_blank\" rel=\"external noopener noreferrer nofollow\" data-pjax=\"0\">(Interessierte k\u00f6nnen sich f\u00fcr die Veranstaltung anmelden)<\/a><\/li>\n<li><strong>5.6. <\/strong>18:30 Uhr <strong>ARD Nachrichtentag <\/strong>\u2013 Du fragst Medienmacher:innen mit Kai Gniffke (SWR-Intendant), Magdalena Stefely (Redakteurin bei funk) und Lotte Glatt (Moderatorin bei logo!)<\/li>\n<li><strong>6.6.<\/strong> 11:30 Uhr <strong>Meet &amp; Greet mit Moderator Sascha Becker<\/strong><\/li>\n<li><strong>6.6.<\/strong> 16-18 Uhr <strong>Zur Sache Rheinland-Pfalz <\/strong>\u2013 Meet &amp; Greet mit Britta Krane und Luisa Szabo<\/li>\n<li><strong>7.6<\/strong>. 10 Uhr SWR Aktuell Teleprompter-Challenge \u2013 <strong>Meet and Greet mit Tim Kirschsieper<\/strong><\/li>\n<li><strong>7.6. <\/strong>10-17 Uhr <strong>Zwischen Likes und Kritik <\/strong>\u2013 Unser Alltag im Community-Management bei SWR Aktuell<\/li>\n<\/ul>\n<p>Programm 9. bis 14. Juni<\/p>\n<ul>\n<li><strong>11.6.<\/strong> 13 Uhr <strong>SWR1 Meilensteine<\/strong>, Podcast-Aufzeichnung<\/li>\n<li><strong>11.6.<\/strong> 16-18 Uhr <strong>Zur Sache Rheinland-Pfalz <\/strong>\u2013 Meet &amp; Greet mit Luisa Szabo<\/li>\n<li><strong>12.6.<\/strong> 10-17 Uhr <strong>Rein ins Reel <\/strong>\u2013 so l\u00e4uft\u2019s bei SWR Aktuell Online<\/li>\n<li><strong>13.6.<\/strong> 12:30 Uhr <strong>Meet &amp; Greet mit Moderatorin Daniela Schick<\/strong><\/li>\n<li><strong>14.6.<\/strong> 17 Uhr <strong>Live-Musik <\/strong>aus der Region mit Hanne Kah<\/li>\n<\/ul>\n<p>Programm 16. bis 21. Juni<\/p>\n<ul>\n<li><strong>16.6<\/strong>. Wirtschaftsnachrichten SWR Aktuell<\/li>\n<li><strong>17.6.<\/strong> Wirtschaftsnachrichten SWR Aktuell<\/li>\n<li><strong>18.6.<\/strong> Wirtschaftsnachrichten SWR Aktuell <\/li>\n<\/ul>\n<p>-&gt; st\u00fcndlich um 11:53 bis 17:53 Uhr<\/p>\n<ul>\n<li><strong>20.6.<\/strong> 17-18 Uhr <strong>SWR Kultur-Talk mit S\u00e4ngerin Caro Trischler<\/strong><\/li>\n<li><strong>20.6. <\/strong>11:30 Uhr Meet &amp; Greet mit Moderator Sascha Becker<\/li>\n<li><strong>21.6. <\/strong>14-17 Uhr<strong> <\/strong>SWR Kultur am Samstagnachmittag<\/li>\n<\/ul>\n<p>Programm 23. bis 28. Juni<\/p>\n<ul>\n<li><strong>23.6.<\/strong> 13-16 Uhr <strong>SWR1 <\/strong>Der Nachmittag<strong> mit Veit Berthold<\/strong><\/li>\n<li><strong>23.6.<\/strong> 17 Uhr <strong>SWR Kultur-Talk mit Annett Gr\u00f6schner, Mainzer Stadtschreiberin<\/strong><\/li>\n<li><strong>24.6.<\/strong> 10 Uhr <strong>SWR Heimat<\/strong> vor Ort<\/li>\n<li><strong>24.6.<\/strong> 13-16 Uhr SWR1 Der Nachmittag mit Veit Berthold<\/li>\n<li><strong>25.6.<\/strong> 9 Uhr <strong>SWR1 Meilensteine, Podcast-Aufzeichnung<\/strong><\/li>\n<li><strong>25.6<\/strong>. 13-16 Uhr SWR1 Der Nachmittag mit Veit Berthold<\/li>\n<li><strong>25.6.<\/strong> 17 Uhr Wie Lettern unser Leben pr\u00e4gen \u2013 <strong>SWR Kultur-Talk mit Dr. Ulf S\u00f6lter, Direktor des Gutenbergmuseums Mainz<\/strong><\/li>\n<li><strong>26.6.<\/strong> 10 Uhr SWR Kultur <strong>\u201eTreffpunkt Klassik\u201c <\/strong>mit J\u00f6rg Lengersdorf<\/li>\n<li><strong>26.6. <\/strong>13-16 Uhr SWR1 Der Nachmittag mit Veit Berthold<\/li>\n<li><strong>26.6.<\/strong> 16-17\/18 Uhr <strong>Live-Musik aus der Region<\/strong> mit Daniel Stelter und Menna Mulugeta<\/li>\n<li><strong>26.6. <\/strong>17 Uhr Der mit dem Erfolg tanzt \u2013 <strong>SWR Kultur-Talk mit Honne Dohrmann, Tanzdirektor des Staatstheaters Mainz\u00a0<\/strong><\/li>\n<li><strong>27.6. <\/strong>11:30 Uhr Meet &amp; Greet mit Moderatorin Daniela Schick<\/li>\n<li><strong>28.6.<\/strong> 14-17 Uhr SWR Kultur am Samstagnachmittag<\/li>\n<\/ul>\n<p>Programm 30. Juni bis 12. Juli<\/p>\n<ul>\n<li><strong>30.6.<\/strong> 9-19 Uhr <strong>Migrat\u00f6chter <\/strong>&#8211; offene Redaktionssitzung und Meetup-Perspektivenaustausch<\/li>\n<li><strong>30.6.<\/strong> 16-18 Uhr <strong>Zur Sache Rheinland-Pfalz<\/strong> \u2013 Meet &amp; Greet Britta Krane<\/li>\n<li><strong>1.7.<\/strong> 10-15 Uhr Aufzeichnung SWR1 Meilensteine-Podcast<\/li>\n<li><strong>2.7.<\/strong> 13-16 Uhr SWR3 PUSH mit Sebastian M\u00fcller\u00a0<\/li>\n<li><strong>2.7.<\/strong> 18:30-20:00 Uhr SWR Kultur am Abend<\/li>\n<li><strong>3.7.<\/strong> 13-16 Uhr <strong>SWR3 PUSH mit Sebastian M\u00fcller<\/strong><\/li>\n<li><strong>3.7. <\/strong>18:30-20:00 Uhr SWR Kultur am Abend<\/li>\n<li><strong>4.7. <\/strong>15 Uhr <strong>SWR1 Leute mit Reisejournalist Helge Timmerberg<\/strong><\/li>\n<li><strong>4.7. <\/strong>11:30 Uhr Meet &amp; Greet mit Moderator Sascha Becker<\/li>\n<li><strong>5.7.<\/strong> 11:30-14:00 Uhr Nah dran \u2013 SWR Aktuell Live<\/li>\n<li><strong>5.7<\/strong>. 14-18 Uhr  SWR1 Stadion-Sendung<\/li>\n<li><strong>7.7.<\/strong> 10 Uhr <strong>Annelies Royale Welt\u00a0&#8211; Podcast-Aufzeichnung<\/strong> mit Gast<\/li>\n<li><strong>7.7. <\/strong>14-18 Uhr SWR4 am Nachmittag<\/li>\n<li><strong>8.7.<\/strong> 10 Uhr Annelies Royale Welt\u00a0&#8211; Podcast-Aufzeichnung mit Gast<\/li>\n<li><strong>8.7.<\/strong> 14-18 Uhr SWR4 am Nachmittag<\/li>\n<li><strong>9.7. <\/strong>10 Uhr <strong>ARD Schlagerwelt YouTube-Aufzeichnung<\/strong> mit Gast<\/li>\n<li><strong>9.7.<\/strong> 14-18 Uhr SWR4 am Nachmittag<\/li>\n<li><strong>10.7.<\/strong> 10 Uhr ARD Schlagerwelt, YouTube-Aufzeichnung mit Gast<\/li>\n<li><strong>10.7. <\/strong>14-18 Uhr SWR4 am Nachmittag<\/li>\n<li><strong>11.7.<\/strong> 14-18 Uhr SWR4 am Nachmittag<\/li>\n<li>11.7. 11:30 Uhr <strong>Meet &amp; Greet mit Moderatorin Dorit Becker<\/strong><\/li>\n<li><strong>12.7.<\/strong> 10-13 Uhr <strong>Medienkompetenz f\u00fcr Kinder mit dem \u201cFakefinder\u201d<\/strong><\/li>\n<\/ul>\n<p>Programm 14.-18. Juli<\/p>\n<p>Das Programm f\u00fcr die letzte SWR PopUp-Woche steht noch nicht endg\u00fcltig fest. Schaut gern wieder in das Programm rein.<\/p>\n<p><a href=\"https:\/\/www.medienbildung-anmeldung.de\/\" class=\"link link-inline inline-link\" title=\"medienbildung-anmeldung.de\" target=\"_blank\" rel=\"external noopener noreferrer nofollow\" data-pjax=\"0\">Es gibt auch Workshops zur Medienkompetenz mit Sch\u00fclerinnen und Sch\u00fclern, f\u00fcr die ihr euch hier anmelden k\u00f6nnt.<\/a> Und wir lassen die GreenGuardians mit Virtual Reality-Brillen vom XLab f\u00fcrs Klima k\u00e4mpfen. <\/p>\n<p>DASDING bringt nicht nur eine Woche lang Live-Radio, sondern auch spannende Off-Air-Events am Abend in die Location. <\/p>\n<p><strong>Die regul\u00e4ren \u00d6ffnungszeiten sind von Montag bis Samstag jeweils von 10 bis 17 Uhr. An einzelnen Tagen finden zus\u00e4tzlich Abendveranstaltungen statt. An Sonn- und Feiertagen ist das SWR PopUp Studio geschlossen. <\/strong><\/p>\n<p><img src=\"https:\/\/www.europesays.com\/de\/wp-content\/uploads\/2025\/06\/1748612201616,pop-up-studio-mainz-2025-100~_v-16x9@2dS_-6be50a9c75559ca1aaf1d0b25bae287afdcd877a.jpg\"   class=\"\" data-copyright=\"Foto: SWR, D. Brusch\" alt=\"In dem SWR-PopUp Studio in der Mainzer Innenstadt stehen mehrere Bildschirme und Computer. Das Studio befindet sich in einem leerstehenden Gesch\u00e4ft.\" title=\"In dem SWR-PopUp Studio in der Mainzer Innenstadt stehen mehrere Bildschirme und Computer. Das Studio befindet sich in einem leerstehenden Gesch\u00e4ft. (Foto: SWR, D. Brusch)\" width=\"320\" height=\"180\" decoding=\"async\" loading=\"lazy\"\/><\/p>\n<p>Bis zum 18. Juli 2025 sendet der SWR auch aus dem PopUp Studio in der Mainzer Innenstadt. Das Studio befindet sich in einem leerstehenden Ladenlokal.<\/p>\n<p><a href=\"https:\/\/www.swr.de\" rel=\"external nofollow noopener\" class=\"link\" tabindex=\"-1\" itemprop=\"url\" target=\"_blank\"><br \/>\nSWR<br \/>\n<\/a><\/p>\n<p><a rel=\"external nofollow\" class=\"link\" tabindex=\"-1\" itemprop=\"url\"><br \/>\nD. Brusch<br \/>\n<\/a><\/p>\n<p>Los geht es am Montag mit dem SWR-Studio Mainz<\/p>\n<p>Die Kolleginnen und Kollegen vom SWR-Studio in Mainz starten am Montag, 2. Juni. Ab 12:30 Uhr kommen die Regionalnachrichten um halb f\u00fcr die Region Rheinhessen und den Kreis Bad Kreuznach live aus der Mainzer Innenstadt. \u00dcbertragen werden die Nachrichten von SWR4 Rheinland-Pfalz &#8211; und zwar bis 17:30 Uhr.  <\/p>\n<p>Von Montag bis Donnerstag finden ab 15 Uhr zudem Gespr\u00e4chsrunden im PopUp Studio statt. Am Montag sprechen wir mit Polizei und Rettungskr\u00e4ften \u00fcber ihre Arbeit und \u00fcber Themen, die sie bewegen. <\/p>\n<p>Lob und Kritik interessieren uns<\/p>\n<p>Und nat\u00fcrlich sind wir gespannt auf Lob und Kritik unseres Publikums und freuen uns \u00fcber Vorschl\u00e4ge f\u00fcr neue Themen, die wir angehen k\u00f6nnten. <\/p>\n<p>Im Mainzer Studio wird es dazu auch eine Post-it-Wand geben, an der alle ihre Ideen hinterlassen k\u00f6nnen. <a href=\"https:\/\/meinswr.mega.page\/popup-studio\" class=\"link link-inline inline-link\" title=\"Lob und Kritik\" target=\"_blank\" rel=\"external noopener noreferrer nofollow\" data-pjax=\"0\">Oder schickt uns hier eine Nachricht.<\/a><\/p>\n","protected":false},"excerpt":{"rendered":"Sieben Wochen lang pr\u00e4sentiert sich der SWR mit Live-Nachrichten, Diskussionen, Workshops und vielen G\u00e4sten in der Mainzer Innenstadt.&hellip;\n","protected":false},"author":2,"featured_media":158885,"comment_status":"","ping_status":"","sticky":false,"template":"","format":"standard","meta":{"footnotes":""},"categories":[1772],"tags":[29,214,30,1779,810,215],"class_list":{"0":"post-158884","1":"post","2":"type-post","3":"status-publish","4":"format-standard","5":"has-post-thumbnail","7":"category-musik","8":"tag-deutschland","9":"tag-entertainment","10":"tag-germany","11":"tag-music","12":"tag-musik","13":"tag-unterhaltung"},"share_on_mastodon":{"url":"https:\/\/pubeurope.com\/@de\/114612999564364706","error":""},"_links":{"self":[{"href":"https:\/\/www.europesays.com\/de\/wp-json\/wp\/v2\/posts\/158884","targetHints":{"allow":["GET"]}}],"collection":[{"href":"https:\/\/www.europesays.com\/de\/wp-json\/wp\/v2\/posts"}],"about":[{"href":"https:\/\/www.europesays.com\/de\/wp-json\/wp\/v2\/types\/post"}],"author":[{"embeddable":true,"href":"https:\/\/www.europesays.com\/de\/wp-json\/wp\/v2\/users\/2"}],"replies":[{"embeddable":true,"href":"https:\/\/www.europesays.com\/de\/wp-json\/wp\/v2\/comments?post=158884"}],"version-history":[{"count":0,"href":"https:\/\/www.europesays.com\/de\/wp-json\/wp\/v2\/posts\/158884\/revisions"}],"wp:featuredmedia":[{"embeddable":true,"href":"https:\/\/www.europesays.com\/de\/wp-json\/wp\/v2\/media\/158885"}],"wp:attachment":[{"href":"https:\/\/www.europesays.com\/de\/wp-json\/wp\/v2\/media?parent=158884"}],"wp:term":[{"taxonomy":"category","embeddable":true,"href":"https:\/\/www.europesays.com\/de\/wp-json\/wp\/v2\/categories?post=158884"},{"taxonomy":"post_tag","embeddable":true,"href":"https:\/\/www.europesays.com\/de\/wp-json\/wp\/v2\/tags?post=158884"}],"curies":[{"name":"wp","href":"https:\/\/api.w.org\/{rel}","templated":true}]}}