{"id":158889,"date":"2025-06-02T09:14:12","date_gmt":"2025-06-02T09:14:12","guid":{"rendered":"https:\/\/www.europesays.com\/de\/158889\/"},"modified":"2025-06-02T09:14:12","modified_gmt":"2025-06-02T09:14:12","slug":"nations-league-dfb-spiel-am-mittwoch-rasen-problem-nach-psg-party-in-muenchen-sport","status":"publish","type":"post","link":"https:\/\/www.europesays.com\/de\/158889\/","title":{"rendered":"Nations League: DFB-Spiel am Mittwoch! Rasen-Problem nach PSG-Party in M\u00fcnchen? | Sport"},"content":{"rendered":"<p><b>Einige PSG-Fans sorgten bei der Pokal-Party im <\/b><a href=\"https:\/\/www.bild.de\/sport\/fussball\/bayern-muenchen\/startseite-fc-bayern-muenchen-31074450.bild.html\" class=\"text-link\" target=\"_blank\" rel=\"noopener\"><b>Bayern<\/b><\/a><b>-Stadion f\u00fcr \u00c4rger!<\/b><\/p>\n<p>Nach dem 5:0 von Paris Saint-Germain gegen Inter Mailand war die Freude bei den Franzosen \u00fcber den <a href=\"https:\/\/www.bild.de\/sport\/fussball\/champions-league\/home-15770784.bild.html\" class=\"text-link\" target=\"_blank\" rel=\"noopener\">Champions-League<\/a>-Triumph grenzenlos. Im Anschluss an die Henkelpott-\u00dcbergabe st\u00fcrmten knapp 2000 Ultras und ein paar Normalo-Fans das Spielfeld in der Allianz Arena.<\/p>\n<p><b>Beim Platzsturm wurde ein Tor demoliert, das Tornetz zerschnitten und einige Zuschauer fingen an, mit ihren H\u00e4nden St\u00fccke vom Rasen als Titel-Souvenir herauszurei\u00dfen. <\/b><\/p>\n<p>Paris in Ausnahmezustand: Zerst\u00f6rung nach Champions-League Gewinn<a href=\"https:\/\/www.bild.de\/news\/nach-champions-league-finale-zwei-menschen-tot-polizist-im-koma-683c3f6372b82d20ec757b27\" class=\"anchor\" target=\"_blank\" rel=\"noopener\"><img decoding=\"async\" width=\"992\" height=\"558\" alt=\"Teaser-Bild\" src=\"https:\/\/www.europesays.com\/de\/wp-content\/uploads\/2025\/06\/0aa8f23862fcdb3f1f9adbf78c838e77,cb609c02\"   class=\"landscape teaser__image\" loading=\"lazy\"\/><\/a><\/p>\n<p>Quelle: reuters01.06.2025<\/p>\n<p>So zerst\u00f6rten die PSG-Fans den M\u00fcnchner Rasen!<\/p>\n<p><b>F\u00fcr die Fans ein tolles Andenken an eine unvergessliche Nacht in M\u00fcnchen \u2013 mit Blick auf das anstehende DFB-Spiel sorgte die Aktion aber f\u00fcr \u00c4rger!<\/b><\/p>\n<p>Als Aufpasser den Rasen-Klau bemerkten, st\u00fcrmten sie gleich zu den Fans und unterbanden die Ausgrabungen. Die Polizei trieb die Menschen-Masse mit rund 100 Einsatzkr\u00e4ften plus Ordner weg von den besch\u00e4digten Stellen und alle Fans wieder zur\u00fcck auf die Nordtrib\u00fcne.<\/p>\n<p><img decoding=\"async\" width=\"992\" height=\"558\" alt=\"Die PSG-Fans auf dem Rasen in der Allianz Arena \u2013 dabei wurde das Tor und das Tornetz besch\u00e4digt und zerschnitten\" src=\"https:\/\/www.europesays.com\/de\/wp-content\/uploads\/2025\/06\/062db4711f5625c0bb10da4473a95f35,81553300\"   class=\"landscape\" loading=\"lazy\"\/><\/p>\n<p class=\"fig__caption__text\">Die PSG-Fans auf dem Rasen in der Allianz Arena \u2013 dabei wurde das Tor und das Tornetz besch\u00e4digt und zerschnitten<\/p>\n<p>Foto: Annegret Hilse\/REUTERS<\/p>\n<p><b>Trotzdem: Der Rasen im M\u00fcnchner Stadion wurde besch\u00e4digt \u2013 nur vier Tage vor dem n\u00e4chsten Spiel dort! <\/b><\/p>\n<p>Am Mittwoch (21 Uhr\/ZDF, DAZN und Live-Ticker bei BILD.de) trifft die deutsche Nationalmannschaft im Nations-League-Halbfinale auf Portugal.<\/p>\n<p><img decoding=\"async\" width=\"992\" height=\"661\" alt=\"Nachdem auf der rechten Seite Teile des Rasens zerst\u00f6rt wurden, trieben Polizei und Ordner die Fans von dort weg und zur\u00fcck auf die Nordtrib\u00fcne\" src=\"https:\/\/www.europesays.com\/de\/wp-content\/uploads\/2025\/06\/6bdec287f3f05484d92f52225569ccbc,ec616b4e\"   class=\"dynamic\" loading=\"lazy\"\/><\/p>\n<p class=\"fig__caption__text\">Nachdem auf der rechten Seite Teile des Rasens zerst\u00f6rt wurden, trieben Polizei und Ordner die Fans von dort weg und zur\u00fcck auf die Nordtrib\u00fcne<\/p>\n<p>Foto: Annegret Hilse\/REUTERS<\/p>\n<p><b>Ein Problem f\u00fcr die Durchf\u00fchrung des DFB-Spiels in zwei Tagen?<\/b><\/p>\n<p>Aller Voraussicht nach nicht! Die Verantwortlichen der Allianz Arena reagierten sofort und lie\u00dfen umgehend die betreffenden Rasenst\u00fccke rund um den Strafraum vor der Nordtrib\u00fcne und vor allem in der nord\u00f6stlichen Ecke des Spielfelds austauschen.<\/p>\n<p>Lesen Sie auch<\/p>\n<p>Durch die neue Technik mit dem Hybrid-Rollrasen, mit der im Sommer 2024 das neue Arena-Gr\u00fcn verlegt wurde, d\u00fcrfte fast gar keine Anwuchs-Zeit f\u00fcr die jetzt frisch eingesetzten Rasenst\u00fccke n\u00f6tig sein.<\/p>\n<p><b>Schon am Montagmorgen war die Rasenfl\u00e4che wieder geschlossen und sah spielbereit aus! Fraglich ist nur, ob der DFB auch ein perfektes Gr\u00fcn vorfinden wird.<\/b><\/p>\n<p><img decoding=\"async\" width=\"992\" height=\"558\" alt=\"Auch dieser PSG-Fan schnappte sich ein St\u00fcck Rasen aus der Allianz Arena\" src=\"https:\/\/www.europesays.com\/de\/wp-content\/uploads\/2025\/06\/4ad5a27ee9dcea6e4dff91f414a0476c,12bd53d0\"   class=\"landscape\" loading=\"lazy\"\/><\/p>\n<p class=\"fig__caption__text\">Auch dieser PSG-Fan schnappte sich ein St\u00fcck Rasen aus der Allianz Arena<\/p>\n<p>Foto: AP<\/p>\n<p><b>Bayern-Greenkeeper Peter Sauer und sein Team k\u00fcmmerten sich besonders um die ramponierten Stellen. <\/b><\/p>\n<p>Wegen der hohen Belastung nach dem Auftritt der US-Rockband Linkin Park vor Anpfiff, des Final-Duells und der anschlie\u00dfenden Siegerehrung musste der Stadion-Rasen aber besonders intensiv gepflegt werden, unter anderem wurde mit Handrasenm\u00e4hern gem\u00e4ht.<\/p>\n<p><img decoding=\"async\" width=\"992\" height=\"558\" alt=\"So sahen Teile des Gr\u00fcns nach dem Platzsturm der PSG-Fans aus\" src=\"https:\/\/www.europesays.com\/de\/wp-content\/uploads\/2025\/06\/9d066f2819fc2aa1a13f6e5c149af656,364746d7\"   class=\"landscape\" loading=\"lazy\"\/><\/p>\n<p class=\"fig__caption__text\">So sahen Teile des Gr\u00fcns nach dem Platzsturm der PSG-Fans aus<\/p>\n<p>Foto: Getty Images<\/p>\n<p>Wer zahlt den Rasen-Schaden?<\/p>\n<p><b>Erst mal muss nach BILD-Informationen die Uefa als Veranstalter des Endspiels daf\u00fcr zahlen. <\/b><\/p>\n<p>Doch der europ\u00e4ische Fu\u00dfballverband will sich die Kosten zur\u00fcckholen vom Champion aus Paris \u2013 \u00fcber h\u00f6here Strafen wegen des Platzsturms, des zerst\u00f6rten Tornetzes und dem mehrfachen Einsatz von Pyrotechnik der PSG-Ultras zur\u00fcckholen.<\/p>\n","protected":false},"excerpt":{"rendered":"Einige PSG-Fans sorgten bei der Pokal-Party im Bayern-Stadion f\u00fcr \u00c4rger! Nach dem 5:0 von Paris Saint-Germain gegen Inter&hellip;\n","protected":false},"author":2,"featured_media":158815,"comment_status":"","ping_status":"","sticky":false,"template":"","format":"standard","meta":{"footnotes":""},"categories":[136],"tags":[2721,468,1260,29,481,538,458,347,30,9007,50752,10260,23613,26939,265,1470,45,1261,10439],"class_list":{"0":"post-158889","1":"post","2":"type-post","3":"status-publish","4":"format-standard","5":"has-post-thumbnail","7":"category-sport","8":"tag-allianz-arena","9":"tag-champions-league","10":"tag-deutsche-nationalmannschaft","11":"tag-deutschland","12":"tag-dfb","13":"tag-erste-bundesliga","14":"tag-fc-bayern-muenchen","15":"tag-fussball","16":"tag-germany","17":"tag-inter-mailand","18":"tag-nationalmannschaft-portugal","19":"tag-nations-league","20":"tag-paris-saint-germain","21":"tag-rasenmaeher","22":"tag-sport","23":"tag-sport-leuchtturm-muenchen","24":"tag-texttospeech","25":"tag-toralarm-top-news","26":"tag-ultras"},"share_on_mastodon":{"url":"https:\/\/pubeurope.com\/@de\/114613011590434047","error":""},"_links":{"self":[{"href":"https:\/\/www.europesays.com\/de\/wp-json\/wp\/v2\/posts\/158889","targetHints":{"allow":["GET"]}}],"collection":[{"href":"https:\/\/www.europesays.com\/de\/wp-json\/wp\/v2\/posts"}],"about":[{"href":"https:\/\/www.europesays.com\/de\/wp-json\/wp\/v2\/types\/post"}],"author":[{"embeddable":true,"href":"https:\/\/www.europesays.com\/de\/wp-json\/wp\/v2\/users\/2"}],"replies":[{"embeddable":true,"href":"https:\/\/www.europesays.com\/de\/wp-json\/wp\/v2\/comments?post=158889"}],"version-history":[{"count":0,"href":"https:\/\/www.europesays.com\/de\/wp-json\/wp\/v2\/posts\/158889\/revisions"}],"wp:featuredmedia":[{"embeddable":true,"href":"https:\/\/www.europesays.com\/de\/wp-json\/wp\/v2\/media\/158815"}],"wp:attachment":[{"href":"https:\/\/www.europesays.com\/de\/wp-json\/wp\/v2\/media?parent=158889"}],"wp:term":[{"taxonomy":"category","embeddable":true,"href":"https:\/\/www.europesays.com\/de\/wp-json\/wp\/v2\/categories?post=158889"},{"taxonomy":"post_tag","embeddable":true,"href":"https:\/\/www.europesays.com\/de\/wp-json\/wp\/v2\/tags?post=158889"}],"curies":[{"name":"wp","href":"https:\/\/api.w.org\/{rel}","templated":true}]}}