{"id":158890,"date":"2025-06-02T09:15:17","date_gmt":"2025-06-02T09:15:17","guid":{"rendered":"https:\/\/www.europesays.com\/de\/158890\/"},"modified":"2025-06-02T09:15:17","modified_gmt":"2025-06-02T09:15:17","slug":"das-war-der-beruehmte-ex-der-tatort-kommissarin","status":"publish","type":"post","link":"https:\/\/www.europesays.com\/de\/158890\/","title":{"rendered":"Das war der ber\u00fchmte Ex der &#8222;Tatort&#8220;-Kommissarin"},"content":{"rendered":"<p>&#8222;Er ist und bleibt mein Lebensmann&#8220; <\/p>\n<p>Das war der ber\u00fchmte Ex von &#8222;Tatort&#8220;-Kommissarin Neuhauser<\/p>\n<p>02.06.2025 &#8211; 09:47 UhrLesedauer: 2 Min.<\/p>\n<p><a href=\"#focus-0\" class=\"transition-colors duration-200 focus-within:text-magenta block text-current relative\" data-sctrack=\"FocusGalleryImage.Reference\"><img fetchpriority=\"high\" data-testid=\"Opener.Image\" style=\"--lqipURL:url('https:\/\/images.t-online.de\/2025\/05\/Q5ZtgJ9VLKeP\/1263x165:2553x1436\/fit-in\/150x0\/filters:blur(25)\/adele-neuhauser-im-tatort-spielt-sie-die-rolle-von-kriminalhauptkommissarin-bibi-fellner.jpg')\"   loading=\"eager\" src=\"https:\/\/www.europesays.com\/de\/wp-content\/uploads\/2025\/06\/adele-neuhauser-im-tatort-spielt-sie-die-rolle-von-kriminalhauptkommissarin-bibi-fellner.jpg\" alt=\"Adele Neuhauser: Im &quot;Tatort&quot; spielt sie die Rolle von Kriminalhauptkommissarin Bibi Fellner.\" title=\"Adele Neuhauser: Im &quot;Tatort&quot; spielt sie die Rolle von Kriminalhauptkommissarin Bibi Fellner.\" width=\"2553\" height=\"1436\" class=\"bg-[url:var(--lqipURL)] bg-cover bg-center flex w-full max-w-full h-full\" decoding=\"async\"\/><img style=\"--width:32;--height:32\" loading=\"lazy\" src=\"https:\/\/www.europesays.com\/de\/wp-content\/uploads\/2025\/05\/zoom-in.f7dae02f.svg.svg+xml\" alt=\"Vergr\u00f6\u00dfern des Bildes\" title=\"Vergr\u00f6\u00dfern des Bildes\" class=\"&#10;        block&#10;        h-[calc(var(--height)_\/_16_*_1rem)]&#10;        w-[calc(var(--width)_\/_16_*_1rem)]&#10;        max-w-none&#10;        absolute bottom-8 right-8 rounded-4 bg-snow p-8\" decoding=\"async\"\/><\/a><\/p>\n<p>Adele Neuhauser: Im &#8222;Tatort&#8220; spielt sie die Rolle von Kriminalhauptkommissarin Bibi Fellner. (Quelle: ORF\/Petro Domenigg)<\/p>\n<p class=\"font-bold text-18 leading-17\">Im &#8222;Tatort&#8220; spielt Adele Neuhauser die Rolle von Bibi Fellner. Sowohl im TV als auch im wahren Leben ist die 66-J\u00e4hrige Single. Doch das war nicht immer so.<\/p>\n<p class=\"text-18 leading-17\">Als Kriminalhauptkommissarin Bibi Fellner hat <a class=\"transition-colors duration-200 cursor-pointer text-inherit no-underline text-salemsfur md:hover:text-magenta md:hover:border-magenta md:focus:text-magenta border-current border-b border-solid break-words\" href=\"https:\/\/www.t-online.de\/themen\/adele-neuhauser\/\" data-sctrack=\"BodyAnchor\" target=\"_blank\" rel=\"noopener\">Adele Neuhauser<\/a> noch so manches Mal an einer Jahre zur\u00fcckliegenden Beziehung zu knabbern. In Wirklichkeit ist die Schauspielerin aber zufrieden mit ihrem Single-Status.<\/p>\n<p class=\"text-18 leading-17\">&#8222;Ich kenne mich in Beziehungen und ich mag mich eigentlich nicht in Beziehungen. Ich bin da irgendwie nicht bei mir. Die Aufmerksamkeit liegt sehr stark auf meinem Partner&#8220;, sagte sie vor einigen Monaten in der <a class=\"transition-colors duration-200 cursor-pointer text-inherit no-underline text-salemsfur md:hover:text-magenta md:hover:border-magenta md:focus:text-magenta border-current border-b border-solid break-words\" href=\"https:\/\/www.t-online.de\/themen\/talkshow\/\" data-sctrack=\"BodyAnchor\" target=\"_blank\" rel=\"noopener\">Talkshow<\/a> &#8222;Riverboat&#8220;. So d\u00fcrfte es ihr auch in ihrer letzten Beziehung gegangen sein. Die \u00d6sterreicherin war n\u00e4mlich von 1981 bis 2006 verheiratet.<\/p>\n<p class=\"text-18 leading-17\">Ihr Ex-Mann war kein unbekannter. Es handelt sich dabei um den inzwischen verstorbenen \u00f6sterreichischen Schauspieler, Regisseur und Musiker Zoltan Paul. Er stand unter anderem f\u00fcr viele Fernsehserien vor der Kamera, darunter zum Beispiel &#8222;Der Alte&#8220; und &#8222;Polizeiruf 110&#8220;. Auch dahinter f\u00fchlte er sich offenbar wohl. Als Regisseur feierte er 2004 sein Deb\u00fct. In dem Film &#8222;Gone\u2013 Eine t\u00f6dliche Leidenschaft&#8220; spielte er selbst mit, die Hauptrolle verk\u00f6rperte Neuhauser. 2022 war er zum letzten Mal als Schauspieler zu sehen. Der Film &#8222;\u00dcberLeben in Brandenburg&#8220; war sein letztes gro\u00dfes Projekt, auch Neuhauser spielte in dem Film mit. Paul starb unmittelbar nach den Dreharbeiten an einem Aneurysma.<\/p>\n<p class=\"text-18 leading-17\">Sie sehen Paul im folgenden Video. Er ist der Mann mit den krausen grauen Haaren und der Brille.<\/p>\n<p class=\"text-18 leading-17\">Neuhauser, die damals schon \u00fcber 15 Jahre von Paul geschieden war, zeigte sich angesichts seines Todes best\u00fcrzt. &#8222;Er ist und bleibt mein Lebensmann, auch wenn er jetzt nicht mehr unter uns weilt&#8220;, sagte sie 2014 in einem Interview mit &#8222;Bunte&#8220;. &#8222;Er war ein hochbegabter Mensch, ein gro\u00dfartiger Maler, Schauspieler, Schreiber. Er hat leider nicht genug Zeit gehabt, um alles so richtig auszuleben.&#8220; Paul wurde 68 Jahre alt. Der Tod ihres Ex-Mannes war damals ein Schock f\u00fcr sie. &#8222;Es war eine widerliche Attacke, die offenbar genetisch bedingt war. Es ist einfach furchtbar&#8220;, sagte sie in dem Interview.<\/p>\n<p class=\"text-18 leading-17\">Die Ehe der beiden wurde 2006 nach 21 Jahren geschieden. &#8222;Die Trennung ging von mir aus, aber in dem Moment, wo wir uns klar waren, dass es der beste Weg ist, waren wir die besten Freunde \u00fcberhaupt&#8220;, erkl\u00e4rt Neuhauser.<\/p>\n<p class=\"text-18 leading-17\">Wie gefiel Ihnen der &#8222;Tatort&#8220; aus Wien vom Sonntag? Schreiben Sie eine E-Mail an <a class=\"transition-colors duration-200 cursor-pointer text-inherit no-underline text-salemsfur md:hover:text-magenta md:hover:border-magenta md:focus:text-magenta border-current border-b border-solid break-words\" href=\"https:\/\/www.t-online.de\/unterhaltung\/stars\/id_100746960\/mailto:lesermeinung@stroeer.de\" data-sctrack=\"BodyAnchor\" target=\"_blank\" rel=\"noopener\">Lesermeinung@stroeer.de<\/a>. Bitte nutzen Sie den Betreff &#8222;Tatort&#8220; und begr\u00fcnden Sie?<\/p>\n","protected":false},"excerpt":{"rendered":"&#8222;Er ist und bleibt mein Lebensmann&#8220; Das war der ber\u00fchmte Ex von &#8222;Tatort&#8220;-Kommissarin Neuhauser 02.06.2025 &#8211; 09:47 UhrLesedauer:&hellip;\n","protected":false},"author":2,"featured_media":158891,"comment_status":"","ping_status":"","sticky":false,"template":"","format":"standard","meta":{"footnotes":""},"categories":[155],"tags":[657,55582,55583,29,214,30,3523,1433,218,215,6296,55584],"class_list":{"0":"post-158890","1":"post","2":"type-post","3":"status-publish","4":"format-standard","5":"has-post-thumbnail","7":"category-unterhaltung","8":"tag-657","9":"tag-adele","10":"tag-bibi-fellner","11":"tag-deutschland","12":"tag-entertainment","13":"tag-germany","14":"tag-kamera","15":"tag-oesterreich","16":"tag-tatort","17":"tag-unterhaltung","18":"tag-wien","19":"tag-zoltan-paul"},"share_on_mastodon":{"url":"https:\/\/pubeurope.com\/@de\/114613015364533485","error":""},"_links":{"self":[{"href":"https:\/\/www.europesays.com\/de\/wp-json\/wp\/v2\/posts\/158890","targetHints":{"allow":["GET"]}}],"collection":[{"href":"https:\/\/www.europesays.com\/de\/wp-json\/wp\/v2\/posts"}],"about":[{"href":"https:\/\/www.europesays.com\/de\/wp-json\/wp\/v2\/types\/post"}],"author":[{"embeddable":true,"href":"https:\/\/www.europesays.com\/de\/wp-json\/wp\/v2\/users\/2"}],"replies":[{"embeddable":true,"href":"https:\/\/www.europesays.com\/de\/wp-json\/wp\/v2\/comments?post=158890"}],"version-history":[{"count":0,"href":"https:\/\/www.europesays.com\/de\/wp-json\/wp\/v2\/posts\/158890\/revisions"}],"wp:featuredmedia":[{"embeddable":true,"href":"https:\/\/www.europesays.com\/de\/wp-json\/wp\/v2\/media\/158891"}],"wp:attachment":[{"href":"https:\/\/www.europesays.com\/de\/wp-json\/wp\/v2\/media?parent=158890"}],"wp:term":[{"taxonomy":"category","embeddable":true,"href":"https:\/\/www.europesays.com\/de\/wp-json\/wp\/v2\/categories?post=158890"},{"taxonomy":"post_tag","embeddable":true,"href":"https:\/\/www.europesays.com\/de\/wp-json\/wp\/v2\/tags?post=158890"}],"curies":[{"name":"wp","href":"https:\/\/api.w.org\/{rel}","templated":true}]}}