{"id":158892,"date":"2025-06-02T09:16:09","date_gmt":"2025-06-02T09:16:09","guid":{"rendered":"https:\/\/www.europesays.com\/de\/158892\/"},"modified":"2025-06-02T09:16:09","modified_gmt":"2025-06-02T09:16:09","slug":"avm-zeigt-auf-der-anga-com-neue-fritzbox-modelle-fuer-glasfaser-dsl-und-starkes-wlan-mesh","status":"publish","type":"post","link":"https:\/\/www.europesays.com\/de\/158892\/","title":{"rendered":"AVM zeigt auf der ANGA COM neue FRITZ!Box-Modelle f\u00fcr Glasfaser, DSL und starkes WLAN Mesh"},"content":{"rendered":"<p class=\"font-sans font-medium\">Berlin. <\/p>\n<p><strong>Marktstart der FRITZ!Mesh Sets 4200<\/strong><\/p>\n<p>Mit dem FRITZ!Mesh Set 4200 stellt AVM eine neue Produktkategorie vor. Das kompakte Set aus zwei beziehungsweise drei FRITZ!Repeatern 3000 AX l\u00e4sst sich einfach an einen Router oder ein Glasfasermodem anschlie\u00dfen und alle Komfortfunktionen der FRITZ!-Familie mit einer sicheren Benutzeroberfl\u00e4che, G\u00e4stehotspots, kostenlosen Updates und bestem Support stehen sofort zur Verf\u00fcgung. Das Mesh Set funkt mit Wi-Fi 6 im Triband auf 2,4 und 5 GHz und erm\u00f6glicht Geschwindigkeiten von bis zu 4.200 MBit\/s. Damit l\u00e4sst sich die maximale Bandbreite problemlos in H\u00e4usern und Wohnungen verschiedener Gr\u00f6\u00dfen verteilen. Jeder Repeater ist zus\u00e4tzlich mit zwei Gigabit-LAN-Anschl\u00fcssen f\u00fcr schnelles Surfen per Kabel in jedem Raum ausgestattet. Die FRITZ!Mesh Sets 4200 sind ab sofort f\u00fcr 329 Euro (2-pack) oder 429 Euro (3-pack) (UVP) im Handel erh\u00e4ltlich.<\/p>\n<p>Zur vollst\u00e4ndigen Presseinformation: <a href=\"https:\/\/fritz.com\/pi-fritzmesh-set-4200-marktstart\" rel=\"nofollow noopener\" target=\"_blank\">fritz.com\/pi-fritzmesh-set-4200-marktstart<\/a><\/p>\n<p>Pressefotos: <a href=\"https:\/\/fritz.com\/unternehmen\/presse\/pressemedien\/\" rel=\"nofollow noopener\" target=\"_blank\">fritz.com\/pressefotos<\/a><\/p>\n<p>Pressekontakt: Doris Haar AVM Kommunikation Telefon 030 39976-242 presse@avm.de Bluesky @avm-presse.bsky.social X <a href=\"https:\/\/twitter.com\/avm_presse\" rel=\"nofollow noopener\" target=\"_blank\">http:\/\/twitter.com\/avm_presse<\/a><\/p>\n<p>Weiteres Material: <a href=\"https:\/\/www.presseportal.de\/pm\/14784\/6046760\" rel=\"nofollow noopener\" target=\"_blank\">www.presseportal.de<\/a> Quelle:            AVM GmbH<\/p>\n<p>  <script async src=\"https:\/\/platform.twitter.com\/widgets.js\" charset=\"utf-8\"><\/script><\/p>\n","protected":false},"excerpt":{"rendered":"Berlin. Marktstart der FRITZ!Mesh Sets 4200 Mit dem FRITZ!Mesh Set 4200 stellt AVM eine neue Produktkategorie vor. Das&hellip;\n","protected":false},"author":2,"featured_media":158893,"comment_status":"","ping_status":"","sticky":false,"template":"","format":"standard","meta":{"footnotes":""},"categories":[135],"tags":[29,30,190,189,194,191,193,192],"class_list":{"0":"post-158892","1":"post","2":"type-post","3":"status-publish","4":"format-standard","5":"has-post-thumbnail","7":"category-wissenschaft-technik","8":"tag-deutschland","9":"tag-germany","10":"tag-science","11":"tag-science-technology","12":"tag-technik","13":"tag-technology","14":"tag-wissenschaft","15":"tag-wissenschaft-technik"},"share_on_mastodon":{"url":"https:\/\/pubeurope.com\/@de\/114613019178238606","error":""},"_links":{"self":[{"href":"https:\/\/www.europesays.com\/de\/wp-json\/wp\/v2\/posts\/158892","targetHints":{"allow":["GET"]}}],"collection":[{"href":"https:\/\/www.europesays.com\/de\/wp-json\/wp\/v2\/posts"}],"about":[{"href":"https:\/\/www.europesays.com\/de\/wp-json\/wp\/v2\/types\/post"}],"author":[{"embeddable":true,"href":"https:\/\/www.europesays.com\/de\/wp-json\/wp\/v2\/users\/2"}],"replies":[{"embeddable":true,"href":"https:\/\/www.europesays.com\/de\/wp-json\/wp\/v2\/comments?post=158892"}],"version-history":[{"count":0,"href":"https:\/\/www.europesays.com\/de\/wp-json\/wp\/v2\/posts\/158892\/revisions"}],"wp:featuredmedia":[{"embeddable":true,"href":"https:\/\/www.europesays.com\/de\/wp-json\/wp\/v2\/media\/158893"}],"wp:attachment":[{"href":"https:\/\/www.europesays.com\/de\/wp-json\/wp\/v2\/media?parent=158892"}],"wp:term":[{"taxonomy":"category","embeddable":true,"href":"https:\/\/www.europesays.com\/de\/wp-json\/wp\/v2\/categories?post=158892"},{"taxonomy":"post_tag","embeddable":true,"href":"https:\/\/www.europesays.com\/de\/wp-json\/wp\/v2\/tags?post=158892"}],"curies":[{"name":"wp","href":"https:\/\/api.w.org\/{rel}","templated":true}]}}