{"id":158899,"date":"2025-06-02T09:20:10","date_gmt":"2025-06-02T09:20:10","guid":{"rendered":"https:\/\/www.europesays.com\/de\/158899\/"},"modified":"2025-06-02T09:20:10","modified_gmt":"2025-06-02T09:20:10","slug":"florian-wirtz-bayer-leverkusen-lehnt-mega-angebot-vom-fc-liverpool-ab-sport","status":"publish","type":"post","link":"https:\/\/www.europesays.com\/de\/158899\/","title":{"rendered":"Florian Wirtz: Bayer Leverkusen lehnt Mega-Angebot vom FC Liverpool ab! | Sport"},"content":{"rendered":"<p><b>Der Wirtz-Wechsel zieht sich weiter.<\/b><\/p>\n<p>Leverkusens Welt-Star <b>Florian Wirtz<\/b> (22) ist sich mit dem englischen Meister Liverpool FC bereits einig. Die Reds und der Ausnahme-Fu\u00dfballer haben sich auf einen Vertrag bis 2030 verst\u00e4ndigt.<\/p>\n<p>Jetzt geht es um die Abl\u00f6se. Und da hakt es noch.<\/p>\n<p>Lesen Sie auch<\/p>\n<p><b>Bayer hat das neueste Angebot des LFC abgelehnt. Wie BILD am Freitag exklusiv berichtete, bietet Liverpool in der j\u00fcngsten Verhandlungsrunde ein <\/b><a href=\"https:\/\/www.bild.de\/sport\/fussball\/florian-wirtz-was-liverpool-bayer-leverkusen-fuer-wirtz-bietet-68394d1cf4f76439d7b428fe\" class=\"text-link\" target=\"_blank\" rel=\"noopener\"><b>Mega-Gesamtpaket von knapp \u00fcber 130 Mio. Euro<\/b><\/a><b>. Zu wenig f\u00fcr <\/b><a href=\"https:\/\/www.bild.de\/sport\/fussball\/bayer-leverkusen\/startseite-leverkusen-31074446.bild.html\" class=\"text-link\" target=\"_blank\" rel=\"noopener\"><b>Leverkusen<\/b><\/a><b>.<\/b><\/p>\n<p>Obwohl die Engl\u00e4nder hoch in die Verhandlungen eingestiegen sind, ist eine \u00dcbereinkunft aktuell noch entfernt. Eine Einigung zwischen <a href=\"https:\/\/www.bild.de\/sport\/fussball\/bayer-leverkusen\/startseite-leverkusen-31074446.bild.html\" class=\"text-link\" target=\"_blank\" rel=\"noopener\">Bayer<\/a> und Liverpool oder den Medizin-Check von Wirtz gibt es noch nicht. Der LFC versucht, das Gesamtpaket auf 135 Mio. Euro zu dr\u00fccken. Bayer pokert weiter auf die Wunsch-Summe von 150 Mio. Euro. Dabei ist es offen, ob die Differenz zum aktuellen Liverpool-Angebot als Fix-Summe oder leicht erreichbare Boni erzielt werden soll.<\/p>\n<p><b>Trotzdem geht man bei Bayer aktuell nicht davon aus, dass der Wirtz-Deal gef\u00e4hrdet sein k\u00f6nnte.<\/b><\/p>\n<p>Wegen WM in Saudi Arabien: BILD-Experte nimmt DFB-Chef Rettig in die Zange<a href=\"https:\/\/www.bild.de\/sport\/fussball\/bild-experte-fragt-dfb-chef-was-ist-scheinheiliger-683c55a372b82d20ec757d5d\" class=\"anchor\" target=\"_blank\" rel=\"noopener\"><img decoding=\"async\" width=\"992\" height=\"558\" alt=\"Teaser-Bild\" src=\"https:\/\/www.europesays.com\/de\/wp-content\/uploads\/2025\/06\/1dfdd7817e0605f6d11c08c71e80bcbd,1bac3855\"   class=\"landscape teaser__image\" loading=\"lazy\"\/><\/a><\/p>\n<p>Quelle: BILD02.06.2025<\/p>\n<p>Beide Parteien wollen den Transfer schnellstm\u00f6glich zu ihren Wunsch-Konditionen unter Dach und Fach bringen. F\u00fcr Bayer spricht, dass Liverpool-Boss Michael Edwards (45) bereits bei den Klub-Besitzern in Boston die Freigabe f\u00fcr 150 Mio. Euro f\u00fcr Wirtz erhalten hat.<\/p>\n<p>Auch interessant<\/p>\n<p>Anzeige<\/p>\n<p>Auch interessant<\/p>\n<p>Anzeige<\/p>\n<p><b>Jetzt liegt es an ihm und LFC-Sportdirektor Richard Hughes (45), die Verhandlungen mit der Leverkusener F\u00fchrung um Fernando Carro (60), Simon Rolfes (43) und Kim Falkenberg (37) voranzutreiben.<\/b><\/p>\n<p>Der Premier-League-Champion muss ein neues Angebot unterbreiten. Oder, wie in Medienberichten spekuliert wird, einen anderen Spieler in die Abl\u00f6se verrechnen?<\/p>\n<p>Nach BILD-Information ist es aktuell aber kein Thema in den Verhandlungen, ein Kompensationsgesch\u00e4ft in den Wirtz-Deal aufzunehmen. Bayer und Sportboss Rolfes sind keine Freunde dieses Modells. Nur wenn die Verhandlungen nicht weiterkommen sollten, w\u00e4re eine solche Art als kreative Variante eine Option.<\/p>\n<p>Der Wirtz-Wechsel zieht sich noch. Ein anderer Transfer soll am heutigen Montag fix werden.<\/p>\n<p><b>Torwart Flekken (31) wird nach BILD-Informationen am Montag den Medizincheck in Leverkusen absolvieren. <\/b><a href=\"https:\/\/www.bild.de\/sport\/fussball\/bayer-leverkusen-flekken-kostet-10-mio-abloese-ex-freiburger-wird-bayer-torwart-683c12535f7a8d25a5bea53c\" class=\"text-link\" target=\"_blank\" rel=\"noopener\"><b>Der Niederl\u00e4nder wechselt f\u00fcr 10 Mio. Euro<\/b><\/a><b> von Premier-League-Klub Brentford zur <\/b><a href=\"https:\/\/www.bild.de\/sport\/fussball\/bayer-leverkusen\/startseite-leverkusen-31074446.bild.html\" class=\"text-link\" target=\"_blank\" rel=\"noopener\"><b>Werkself<\/b><\/a><b>.<\/b><\/p>\n","protected":false},"excerpt":{"rendered":"Der Wirtz-Wechsel zieht sich weiter. Leverkusens Welt-Star Florian Wirtz (22) ist sich mit dem englischen Meister Liverpool FC&hellip;\n","protected":false},"author":2,"featured_media":158900,"comment_status":"","ping_status":"","sticky":false,"template":"","format":"standard","meta":{"footnotes":""},"categories":[5],"tags":[1263,5622,538,458,13,14,15,5134,12,803,819,1576,45,10,8,9,11,1261,14010],"class_list":{"0":"post-158899","1":"post","2":"type-post","3":"status-publish","4":"format-standard","5":"has-post-thumbnail","7":"category-nachrichten","8":"tag-aufmacher-bereich","9":"tag-bayer-leverkusen","10":"tag-erste-bundesliga","11":"tag-fc-bayern-muenchen","12":"tag-headlines","13":"tag-nachrichten","14":"tag-news","15":"tag-quad-teaser","16":"tag-schlagzeilen","17":"tag-spielertransfer","18":"tag-sport-leuchtturm-essen","19":"tag-super-a-teaser","20":"tag-texttospeech","21":"tag-top-news","22":"tag-top-meldungen","23":"tag-topmeldungen","24":"tag-topnews","25":"tag-toralarm-top-news","26":"tag-wirtz-florian"},"share_on_mastodon":{"url":"https:\/\/pubeurope.com\/@de\/114613035011586438","error":""},"_links":{"self":[{"href":"https:\/\/www.europesays.com\/de\/wp-json\/wp\/v2\/posts\/158899","targetHints":{"allow":["GET"]}}],"collection":[{"href":"https:\/\/www.europesays.com\/de\/wp-json\/wp\/v2\/posts"}],"about":[{"href":"https:\/\/www.europesays.com\/de\/wp-json\/wp\/v2\/types\/post"}],"author":[{"embeddable":true,"href":"https:\/\/www.europesays.com\/de\/wp-json\/wp\/v2\/users\/2"}],"replies":[{"embeddable":true,"href":"https:\/\/www.europesays.com\/de\/wp-json\/wp\/v2\/comments?post=158899"}],"version-history":[{"count":0,"href":"https:\/\/www.europesays.com\/de\/wp-json\/wp\/v2\/posts\/158899\/revisions"}],"wp:featuredmedia":[{"embeddable":true,"href":"https:\/\/www.europesays.com\/de\/wp-json\/wp\/v2\/media\/158900"}],"wp:attachment":[{"href":"https:\/\/www.europesays.com\/de\/wp-json\/wp\/v2\/media?parent=158899"}],"wp:term":[{"taxonomy":"category","embeddable":true,"href":"https:\/\/www.europesays.com\/de\/wp-json\/wp\/v2\/categories?post=158899"},{"taxonomy":"post_tag","embeddable":true,"href":"https:\/\/www.europesays.com\/de\/wp-json\/wp\/v2\/tags?post=158899"}],"curies":[{"name":"wp","href":"https:\/\/api.w.org\/{rel}","templated":true}]}}