{"id":158930,"date":"2025-06-02T09:39:10","date_gmt":"2025-06-02T09:39:10","guid":{"rendered":"https:\/\/www.europesays.com\/de\/158930\/"},"modified":"2025-06-02T09:39:10","modified_gmt":"2025-06-02T09:39:10","slug":"michele-fioriglio-serviert-zum-letzten-mal","status":"publish","type":"post","link":"https:\/\/www.europesays.com\/de\/158930\/","title":{"rendered":"Michele Fioriglio serviert zum letzten Mal"},"content":{"rendered":"<p>\t\tMichele Fioriglio serviert zum letzten Mal<br \/>\n\t\t\t\t\tLa Fine in einer der ersten Pizzerien Castrop-Rauxels<\/p>\n<p>\t\t<img alt=\"\" src=\"https:\/\/www.europesays.com\/de\/wp-content\/uploads\/2025\/04\/630_0036_40550_.jpg\"  class=\"avatar avatar-36 photo avatar-default\" height=\"36\" width=\"36\" loading=\"lazy\" decoding=\"async\"\/>\t\t<a class=\"article-author__name\" href=\"https:\/\/www.ruhrnachrichten.de\/author\/tobias-weckenbrock\/\" rel=\"author nofollow noopener\" target=\"_blank\">Tobias Weckenbrock<\/a><br \/>\n\t\tRedakteur<\/p>\n<p>\t02.06.2025 11:19 Uhr<\/p>\n<p>\t\tTeilen<\/p>\n<p>\n\tIn Merkliste \u00fcbernehmen\n<\/p>\n<p>    <a href=\"https:\/\/www.ruhrnachrichten.de\/wp-content\/uploads\/2025\/06\/02\/09\/630_0900_4758947_IMG_7913-1648x824.jpg\" rel=\"nofollow noopener\" target=\"_blank\"><\/p>\n<p>            <img loading=\"lazy\" decoding=\"async\" src=\"https:\/\/www.europesays.com\/de\/wp-content\/uploads\/2025\/06\/630_0900_4758946_IMG_7913-640x428.jpg\" width=\"640\" height=\"428\"  alt=\"Michele Fioriglio bei der Zubereitung einer Pizza. Er \u00fcbernahm vor knapp 15 Jahren das \u201eBei Michele\u201c an der Wittener Stra\u00dfe. Im Sommer macht der Sizilianer Schluss. Eine \u00c4ra seit 1972 endet damit m\u00f6glicherweise.\"\/><\/p>\n<p>    <\/a><br \/>\n    Michele Fioriglio bei der Zubereitung einer Pizza. Er \u00fcbernahm vor knapp 15 Jahren das \u201eBei Michele\u201c an der Wittener Stra\u00dfe. Im Sommer macht der Sizilianer Schluss. Eine \u00c4ra seit 1972 endet damit m\u00f6glicherweise. \u00a9 Archiv<\/p>\n<p class=\"article__teaser-text\">Mehr als eine Pizzeria: Das war vor Jahren schon das Fazit unseres Restaurant-Checks \u201eBei Michele\u201c. Nun macht der Traditions-Italiener an der Wittener Stra\u00dfe Schluss.<\/p>\n<p>3 Min Lesezeit<\/p>\n<p>Die erste Pizza des LebensMichele: \u201eEs war uns eine Ehre\u201c<\/p>\n<p>\n\t<a href=\"https:\/\/www.ruhrnachrichten.de\" class=\"button button--brand button--link home-button\" rel=\"nofollow noopener\" target=\"_blank\">Zur Startseite<\/a><\/p>\n","protected":false},"excerpt":{"rendered":"Michele Fioriglio serviert zum letzten Mal La Fine in einer der ersten Pizzerien Castrop-Rauxels Tobias Weckenbrock Redakteur 02.06.2025&hellip;\n","protected":false},"author":2,"featured_media":158931,"comment_status":"","ping_status":"","sticky":false,"template":"","format":"standard","meta":{"footnotes":""},"categories":[1839],"tags":[7507,3364,29,701,6763,30,1209],"class_list":{"0":"post-158930","1":"post","2":"type-post","3":"status-publish","4":"format-standard","5":"has-post-thumbnail","7":"category-bochum","8":"tag-bochum","9":"tag-de","10":"tag-deutschland","11":"tag-essen-trinken","12":"tag-gastronomie","13":"tag-germany","14":"tag-nordrhein-westfalen"},"share_on_mastodon":{"url":"https:\/\/pubeurope.com\/@de\/114613109633266630","error":""},"_links":{"self":[{"href":"https:\/\/www.europesays.com\/de\/wp-json\/wp\/v2\/posts\/158930","targetHints":{"allow":["GET"]}}],"collection":[{"href":"https:\/\/www.europesays.com\/de\/wp-json\/wp\/v2\/posts"}],"about":[{"href":"https:\/\/www.europesays.com\/de\/wp-json\/wp\/v2\/types\/post"}],"author":[{"embeddable":true,"href":"https:\/\/www.europesays.com\/de\/wp-json\/wp\/v2\/users\/2"}],"replies":[{"embeddable":true,"href":"https:\/\/www.europesays.com\/de\/wp-json\/wp\/v2\/comments?post=158930"}],"version-history":[{"count":0,"href":"https:\/\/www.europesays.com\/de\/wp-json\/wp\/v2\/posts\/158930\/revisions"}],"wp:featuredmedia":[{"embeddable":true,"href":"https:\/\/www.europesays.com\/de\/wp-json\/wp\/v2\/media\/158931"}],"wp:attachment":[{"href":"https:\/\/www.europesays.com\/de\/wp-json\/wp\/v2\/media?parent=158930"}],"wp:term":[{"taxonomy":"category","embeddable":true,"href":"https:\/\/www.europesays.com\/de\/wp-json\/wp\/v2\/categories?post=158930"},{"taxonomy":"post_tag","embeddable":true,"href":"https:\/\/www.europesays.com\/de\/wp-json\/wp\/v2\/tags?post=158930"}],"curies":[{"name":"wp","href":"https:\/\/api.w.org\/{rel}","templated":true}]}}