{"id":159008,"date":"2025-06-02T10:22:12","date_gmt":"2025-06-02T10:22:12","guid":{"rendered":"https:\/\/www.europesays.com\/de\/159008\/"},"modified":"2025-06-02T10:22:12","modified_gmt":"2025-06-02T10:22:12","slug":"russische-bomber-zerstoert-jetzt-wird-putin-deutlich","status":"publish","type":"post","link":"https:\/\/www.europesays.com\/de\/159008\/","title":{"rendered":"Russische Bomber zerst\u00f6rt \u2013 Jetzt wird Putin deutlich"},"content":{"rendered":"<p class=\"font-sans font-medium\">Berlin. Russlands Machthaber ist nach der Zerst\u00f6rung von 40 Kampfflugzeugen durch die Ukraine au\u00dfer sich. \u201eDas werden sie bereuen\u201c, sagte er.<\/p>\n<p>       Zusammenfassung <\/p>\n<ul class=\"m-0 mt-4 pl-5 text-body2\">\n<li>Ukrainische Drohnenangriffe zerst\u00f6ren \u00fcber 40 russische Flugzeuge auf vier Milit\u00e4rbasen, darunter strategische Bomber und Fr\u00fchwarnflugzeuge<\/li>\n<li>Wladimir Putin k\u00fcndigt Vergeltung an und erkl\u00e4rt, dass es keine roten Linien mehr geben wird, w\u00e4hrend Wolodymyr Selenskyj die Operation als \u201ebrillant\u201c bezeichnet<\/li>\n<li>Trotz der Spannungen setzen Russland und die Ukraine ihre Gespr\u00e4che \u00fcber eine Waffenruhe in Istanbul fort.<\/li>\n<\/ul>\n<p>Nach den ukrainischen Drohnenangriffen auf vier russische Milit\u00e4rflugh\u00e4fen hat Russlands Machthaber <a href=\"https:\/\/www.morgenpost.de\/politik\/wladimir-putin\/\" data-category-full-path=\"https:\/\/www.morgenpost.de\/politik\/\" data-paid-status=\"free\" data-article-publish-date=\"1642507179\" rel=\"nofollow noopener\" target=\"_blank\">Wladimir Putin<\/a> eine <strong>Vergeltung <\/strong>angek\u00fcndigt: \u201eHeute hat die <a href=\"https:\/\/www.morgenpost.de\/politik\/ukraine\/\" data-category-full-path=\"https:\/\/www.morgenpost.de\/politik\/\" data-paid-status=\"free\" data-article-publish-date=\"1642507080\" rel=\"nofollow noopener\" target=\"_blank\">Ukraine<\/a> die Flugpl\u00e4tze angegriffen, auf denen die strategische russische Luftfahrt untergebracht ist. Damit hat sie deutlich gemacht, dass eine friedliche L\u00f6sung nicht m\u00f6glich ist\u201c, teilte Putin mit. Demnach soll es nun \u201ekeine roten Linien mehr geben\u201c. \u201eDas werden sie bereuen\u201c, hie\u00df es vom Kremlchef.<\/p>\n<p>   Hauptstadt Inside von J\u00f6rg Quoos, Chefredakteur der FUNKE Zentralredaktion<\/p>\n<p class=\"text-body2 mt-2\">Hinter den Kulissen der Politik &#8211; meinungsstark, exklusiv, relevant.<\/p>\n<p class=\"text-caption text-copy-secondary\">\n          Mit meiner Anmeldung zum Newsletter stimme ich der<br \/>\n          <a href=\"https:\/\/www.morgenpost.de\/service\/newsletter-adconsent\" class=\"text-overline text-copy-accent-negative dark:underline\" rel=\"nofollow noopener\" target=\"_blank\">Werbevereinbarung<\/a><br \/>\n          zu.\n        <\/p>\n<p>In einer koordinierten Aktion hatte der ukrainische Geheimdienst SBU gleich <strong>vier russische Milit\u00e4rbasen<\/strong> mit Drohnen attackiert und dabei nach eigenen Angaben mehr als 40 Kampf- und Aufkl\u00e4rungsflugzeuge zerst\u00f6rt. Selbst ein Flughafen im sibirischen Irkutsk wurde laut russischen Medien getroffen. <\/p>\n<p>    Auch interessant<\/p>\n<p>    <img decoding=\"async\" src=\"https:\/\/www.europesays.com\/de\/wp-content\/uploads\/2025\/06\/409161561_1748786638_v1_1_200.jpeg\" class=\"block w-full aspect-[1\/1] \" alt=\"Aftermath of drones attack on Russia's Irkutsk region\" title=\"Smoke rises above the area following what local authorities called a drone attack on a military unit in the Sredny settlement, in the course of Russia-Ukraine conflict in the Usolsky district of the Irkutsk region, Russia, in this still image from a video published June 1, 2025. Governor of Irkutsk Region Igor Kobzev via Telegram\/Handout via REUTERS ATTENTION EDITORS - THIS IMAGE HAS BEEN SUPPLIED BY A THIRD PARTY. NO RESALES. NO ARCHIVES. MANDATORY CREDIT.\" loading=\"lazy\"\/><\/p>\n<p>Der ukrainische Pr\u00e4sident <a href=\"https:\/\/www.morgenpost.de\/politik\/wolodymyr-selenskyj\/\" data-category-full-path=\"https:\/\/www.morgenpost.de\/politik\/\" data-paid-status=\"free\" data-article-publish-date=\"1645532697\" rel=\"nofollow noopener\" target=\"_blank\">Wolodymyr\u00a0Selenskyj<\/a>\u00a0<strong>feierte <\/strong>dagegen die \u201eabsolut brillanten\u201c Ergebnisse des Angriffs. Es sei die \u201eweitreichendste Operation\u201c seines Landes seit Beginn des russischen Angriffskrieges gewesen, sagte\u00a0Selenskyj\u00a0am Sonntagabend. Zugleich versicherte er, dass die daf\u00fcr nach Russland eingeschleusten Geheimdienstagenten \u201erechtzeitig aus dem russischen Gebiet zur\u00fcckgeholt\u201c worden seien. Dagegen hatte der Kreml erkl\u00e4rt, es seien mehrere Verd\u00e4chtige festgenommen worden.<\/p>\n<p>    Auch interessant<\/p>\n<p>    <img decoding=\"async\" src=\"https:\/\/www.europesays.com\/de\/wp-content\/uploads\/2025\/06\/409163807_1748800242_v1_1_200.jpeg\" class=\"block w-full aspect-[1\/1] \" alt=\"Mehrere Luftwaffenst\u00fctzpunkte wie hier in Belaya bei Irkutsk sollen am Sonntag von ukrainischen Drohnen angegriffen worden sein.\" title=\"Mehrere Luftwaffenst\u00fctzpunkte wie hier in Belaya bei Irkutsk sollen am Sonntag von ukrainischen Drohnen angegriffen worden sein.\" loading=\"lazy\"\/><\/p>\n<p>    <img decoding=\"async\" src=\"https:\/\/www.europesays.com\/de\/wp-content\/uploads\/2025\/06\/409075649_1748684883_v1_1_200.jpeg\" class=\"block w-full aspect-[1\/1] \" alt=\"206191_1325_206191_cover.jpg\" title=\"206191_1325_206191_cover.jpg\" loading=\"lazy\"\/><\/p>\n<p>   Russland spricht von \u201eTerroranschlag\u201c  <\/p>\n<p>Nach ukrainischen Angaben wurden bei der<strong> \u201eAktion Spinnennetz\u201c <\/strong>Kampfflugzeuge vom Typ Tupolew Tu-95 sowie Tu-22 und spezielle Fr\u00fchwarnflugzeuge Berijew A-50 zerst\u00f6rt. Nach offiziell unbest\u00e4tigten Berichten setzte der ukrainische Geheimdienst Kampfdrohnen ein, die von Verstecken in Holzh\u00e4usern gestartet wurden, die auf Lastwagen verladen waren. \u201eZum richtigen Zeitpunkt wurden die D\u00e4cher ferngesteuert ge\u00f6ffnet, und die Drohnen flogen, um russische Bomber anzugreifen\u201c, hie\u00df es. Eine unabh\u00e4ngige Best\u00e4tigung war nicht m\u00f6glich. <\/p>\n<p>    Auch interessant<\/p>\n<p>    <img decoding=\"async\" src=\"https:\/\/www.europesays.com\/de\/wp-content\/uploads\/2025\/06\/409162192_1748791122_v1_1_200.jpeg\" class=\"block w-full aspect-[1\/1] \" alt=\"Der spektakul\u00e4re Drohnenangriff der Ukraine ist f\u00fcr Russlands Pr\u00e4sident Putin eine Schmach. Er wird sich r\u00e4chen. \" title=\"Der spektakul\u00e4re Drohnenangriff der Ukraine ist f\u00fcr Russlands Pr\u00e4sident Putin eine Schmach. Er wird sich r\u00e4chen. \" loading=\"lazy\"\/><\/p>\n<p>Trotz des Angriffs wollen <a href=\"https:\/\/www.morgenpost.de\/panorama\/russland\/\" data-category-full-path=\"https:\/\/www.morgenpost.de\/panorama\/\" data-paid-status=\"free\" data-article-publish-date=\"1642506816\" rel=\"nofollow noopener\" target=\"_blank\">Russland<\/a> und die Ukraine am Montag in Istanbul ihre Gespr\u00e4che \u00fcber eine <strong>Waffenruhe <\/strong>fortsetzen, hie\u00df es vom ukrainischen Pr\u00e4sidenten Selenskyj.<\/p>\n<p>mit dpa<\/p>\n","protected":false},"excerpt":{"rendered":"Berlin. Russlands Machthaber ist nach der Zerst\u00f6rung von 40 Kampfflugzeugen durch die Ukraine au\u00dfer sich. \u201eDas werden sie&hellip;\n","protected":false},"author":2,"featured_media":159009,"comment_status":"","ping_status":"","sticky":false,"template":"","format":"standard","meta":{"footnotes":""},"categories":[1825],"tags":[1941,1939,296,1937,29,30,1940,1938],"class_list":{"0":"post-159008","1":"post","2":"type-post","3":"status-publish","4":"format-standard","5":"has-post-thumbnail","7":"category-berlin","8":"tag-aktuelle-nachrichten-aus-berlin","9":"tag-aktuelle-news-aus-berlin","10":"tag-berlin","11":"tag-berlin-news","12":"tag-deutschland","13":"tag-germany","14":"tag-nachrichten-aus-berlin","15":"tag-news-aus-berlin"},"share_on_mastodon":{"url":"https:\/\/pubeurope.com\/@de\/114613278977154988","error":""},"_links":{"self":[{"href":"https:\/\/www.europesays.com\/de\/wp-json\/wp\/v2\/posts\/159008","targetHints":{"allow":["GET"]}}],"collection":[{"href":"https:\/\/www.europesays.com\/de\/wp-json\/wp\/v2\/posts"}],"about":[{"href":"https:\/\/www.europesays.com\/de\/wp-json\/wp\/v2\/types\/post"}],"author":[{"embeddable":true,"href":"https:\/\/www.europesays.com\/de\/wp-json\/wp\/v2\/users\/2"}],"replies":[{"embeddable":true,"href":"https:\/\/www.europesays.com\/de\/wp-json\/wp\/v2\/comments?post=159008"}],"version-history":[{"count":0,"href":"https:\/\/www.europesays.com\/de\/wp-json\/wp\/v2\/posts\/159008\/revisions"}],"wp:featuredmedia":[{"embeddable":true,"href":"https:\/\/www.europesays.com\/de\/wp-json\/wp\/v2\/media\/159009"}],"wp:attachment":[{"href":"https:\/\/www.europesays.com\/de\/wp-json\/wp\/v2\/media?parent=159008"}],"wp:term":[{"taxonomy":"category","embeddable":true,"href":"https:\/\/www.europesays.com\/de\/wp-json\/wp\/v2\/categories?post=159008"},{"taxonomy":"post_tag","embeddable":true,"href":"https:\/\/www.europesays.com\/de\/wp-json\/wp\/v2\/tags?post=159008"}],"curies":[{"name":"wp","href":"https:\/\/api.w.org\/{rel}","templated":true}]}}