{"id":159020,"date":"2025-06-02T10:29:09","date_gmt":"2025-06-02T10:29:09","guid":{"rendered":"https:\/\/www.europesays.com\/de\/159020\/"},"modified":"2025-06-02T10:29:09","modified_gmt":"2025-06-02T10:29:09","slug":"buch-speed-dating-in-der-familienbibliothek-tuermchen","status":"publish","type":"post","link":"https:\/\/www.europesays.com\/de\/159020\/","title":{"rendered":"Buch-Speed-Dating in der Familienbibliothek T\u00fcrmchen"},"content":{"rendered":"<p>\t\tSpeed-Dating in Marl<br \/>\n\t\t\t\t\tBesonderes Event in der Familienbibliothek T\u00fcrmchen<\/p>\n<p>\t02.06.2025 12:00 Uhr<\/p>\n<p>\t\tTeilen<\/p>\n<p>\n\tIn Merkliste \u00fcbernehmen\n<\/p>\n<p>    <a href=\"https:\/\/www.marler-zeitung.de\/wp-content\/uploads\/2025\/05\/23\/11\/630_0900_4735697_MZL_Buchspeeddating-1648x824.jpg\" target=\"_blank\" rel=\"noopener\"><\/p>\n<p>            <img decoding=\"async\" fetchpriority=\"high\" src=\"https:\/\/www.europesays.com\/de\/wp-content\/uploads\/2025\/06\/630_0900_4735576_MZL_Buchspeeddating-640x428.jpg\" width=\"640\" height=\"428\"  alt=\"Das T\u00fcrmchen-Logo \u2013 ein winkendes Kind mit einem Buch \u2013 und ein Flyer zum Speeddating.\"\/><\/p>\n<p>    <\/a><br \/>\n    Das T\u00fcrmchen l\u00e4dt Kinder zum Buch-Speed-Dating ein. \u00a9 Stadt Marl<\/p>\n<p class=\"article__teaser-text\">In der Familien-Bibliothek T\u00fcrmchen findet im Juni ein ganz besonderes Speed-Dating statt.<\/p>\n<p>1 Min Lesezeit<\/p>\n<p>Die insel-Familienbibliothek in <a href=\"https:\/\/marler-zeitung.de\/marl\/\" data-imported=\"1\" target=\"_blank\" rel=\"noopener\">Marl<\/a> l\u00e4dt zu einem besonderen Event f\u00fcr junge B\u00fccherliebhaber ein: Am Samstag, 28. Juni, wird im T\u00fcrmchen-Lesegarten unter dem Motto \u201eBuch-Speed-Dating\u201c ein interaktives Erlebnis geboten.<\/p>\n<p>Zwischen 11 und 13 Uhr haben Kinder die Gelegenheit, in kurzen Runden ihre Lieblingsb\u00fccher vorzustellen und sich \u00fcber neue Geschichten auszutauschen. Der Fokus liegt darauf, den Spannungsbogen der vorgestellten B\u00fccher geschickt aufzubauen, indem die Geschichte umrissen oder ein witziges Zitat pr\u00e4sentiert wird, ohne zu viel zu verraten. So sollen andere Teilnehmer dazu angeregt werden, neugierig auf die vorgestellten B\u00fccher zu werden.<\/p>\n<p>Mitmachen im T\u00fcrmchen-Buchclub<\/p>\n<p>Besonders engagiert sind die Mitglieder des T\u00fcrmchen-Buchclubs, die ihre Lesetipps zum Besten geben. Wer ein Buch pr\u00e4sentieren m\u00f6chte, egal ob es sich um ein Bilderbuch, eine Erstlesegeschichte oder ein umfangreicheres Werk handelt, ist eingeladen, dieses mitzubringen.<\/p>\n<p>\t\t<a href=\"https:\/\/www.marler-zeitung.de\/marl\/rathaus-und-marschall-66-baustellen-fuehrungen-marler-koennen-staedtebau-miterleben-w1027864-9000966795\/\" rel=\"nofollow noopener\" aria-hidden=\"true\" tabindex=\"-1\" target=\"_blank\"><\/p>\n<p>                <img decoding=\"async\" src=\"https:\/\/www.europesays.com\/de\/wp-content\/uploads\/2025\/06\/630_0900_4683206_mzl_Rathaus_Baustelle1-160x160.jpg\"  width=\"160\" height=\"160\" alt=\"\" loading=\"lazy\"\/><\/p>\n<p>\t\t<\/a><\/p>\n<p>Die Bibliothek bittet, sich im Voraus unter der Tel. 02365-994279 oder per Mail an tuermchen@marl.de anzumelden. Spontane Besucher \u2013 und Zuh\u00f6rer \u2013 sind aber auch gern gesehen. Zus\u00e4tzlich bereitet das Bibliotheksteam eine kleine Ausstellung mit neuen Geschichten und Geheimtipps vor.<\/p>\n<p>F\u00fcr Kinder, die die Begeisterung f\u00fcrs Lesen ebenfalls mit dem Schreiben verbinden m\u00f6chten, bietet sich der T\u00fcrmchen-Buchclub an. Der Buchclub trifft sich alle zwei Wochen mittwochs von 16.15 bis 17.15 Uhr. Wer Interesse hat, kann gern mitmachen.<\/p>\n<p>\n\t<a href=\"https:\/\/www.marler-zeitung.de\" class=\"button button--brand button--link home-button\" target=\"_blank\" rel=\"noopener\">Zur Startseite<\/a><\/p>\n","protected":false},"excerpt":{"rendered":"Speed-Dating in Marl Besonderes Event in der Familienbibliothek T\u00fcrmchen 02.06.2025 12:00 Uhr Teilen In Merkliste \u00fcbernehmen Das T\u00fcrmchen&hellip;\n","protected":false},"author":2,"featured_media":159021,"comment_status":"","ping_status":"","sticky":false,"template":"","format":"standard","meta":{"footnotes":""},"categories":[1774],"tags":[1784,1785,29,214,7754,30,55600,215],"class_list":{"0":"post-159020","1":"post","2":"type-post","3":"status-publish","4":"format-standard","5":"has-post-thumbnail","7":"category-buecher","8":"tag-books","9":"tag-buecher","10":"tag-deutschland","11":"tag-entertainment","12":"tag-familie-kinder","13":"tag-germany","14":"tag-tuermchen","15":"tag-unterhaltung"},"share_on_mastodon":{"url":"https:\/\/pubeurope.com\/@de\/114613306288797342","error":""},"_links":{"self":[{"href":"https:\/\/www.europesays.com\/de\/wp-json\/wp\/v2\/posts\/159020","targetHints":{"allow":["GET"]}}],"collection":[{"href":"https:\/\/www.europesays.com\/de\/wp-json\/wp\/v2\/posts"}],"about":[{"href":"https:\/\/www.europesays.com\/de\/wp-json\/wp\/v2\/types\/post"}],"author":[{"embeddable":true,"href":"https:\/\/www.europesays.com\/de\/wp-json\/wp\/v2\/users\/2"}],"replies":[{"embeddable":true,"href":"https:\/\/www.europesays.com\/de\/wp-json\/wp\/v2\/comments?post=159020"}],"version-history":[{"count":0,"href":"https:\/\/www.europesays.com\/de\/wp-json\/wp\/v2\/posts\/159020\/revisions"}],"wp:featuredmedia":[{"embeddable":true,"href":"https:\/\/www.europesays.com\/de\/wp-json\/wp\/v2\/media\/159021"}],"wp:attachment":[{"href":"https:\/\/www.europesays.com\/de\/wp-json\/wp\/v2\/media?parent=159020"}],"wp:term":[{"taxonomy":"category","embeddable":true,"href":"https:\/\/www.europesays.com\/de\/wp-json\/wp\/v2\/categories?post=159020"},{"taxonomy":"post_tag","embeddable":true,"href":"https:\/\/www.europesays.com\/de\/wp-json\/wp\/v2\/tags?post=159020"}],"curies":[{"name":"wp","href":"https:\/\/api.w.org\/{rel}","templated":true}]}}