{"id":159024,"date":"2025-06-02T10:31:08","date_gmt":"2025-06-02T10:31:08","guid":{"rendered":"https:\/\/www.europesays.com\/de\/159024\/"},"modified":"2025-06-02T10:31:08","modified_gmt":"2025-06-02T10:31:08","slug":"kolja-goldstein-daniel-slump-von-sek-abgefuehrt-internet-raetselt-ueber-livestream","status":"publish","type":"post","link":"https:\/\/www.europesays.com\/de\/159024\/","title":{"rendered":"Kolja Goldstein &#038; Daniel Slump von SEK abgef\u00fchrt? Internet r\u00e4tselt \u00fcber Livestream"},"content":{"rendered":"<p><a href=\"https:\/\/hiphop.de\/kolja-goldstein\" rel=\" noopener\" target=\"_blank\" title=\"Kolja Goldstein\">Kolja Goldstein<\/a> und <a href=\"https:\/\/hiphop.de\/daniel-slump\" rel=\" noopener\" target=\"_blank\" title=\"Stream\">Daniel Slump<\/a> haben sich in einem Livestream das kommende Album des Rappers gegeben. Die Listening-Session wurde jedoch unvermittelt von einigen vermummten M\u00e4nnern in Polizeiuniform unterbrochen. Dem Anschein nach st\u00fcrmte ein SEK-Kommando in den Streaming-Raum und nahm Kolja und den Twitcher schlie\u00dflich mit. Das Internet fragt sich nun, ob diese Geschichte wirklich wahr ist.<\/p>\n<p>Kolja Goldstein und Daniel Slump abgef\u00fchrt\u00a0\u2013 auch auf \u00dcberwachungskamera<\/p>\n<p>Gegenw\u00e4rtig geht ein Ausschnitt des Streams viral, der damit beginnt, dass Kolja Goldstein und Daniel Slump einen neuen Track des Rappers h\u00f6ren. Das Album &#8222;Kouwe Ouwe&#8220; ist f\u00fcr den 15. August 2025 angek\u00fcndigt. Pl\u00f6tzlich dringen zahlreiche Personen in Polizeimontur in das Zimmer ein, rufen &#8222;Polizei&#8220; und werfen eine Art Blendgranate in den Raum. Der Musiker und der Streamer werden daraufhin auf dem Boden fixiert. Auch Kabelbinder kommen zum Einsatz. &#8222;Wo ist die Tasche mit der Waffe?&#8220;, will das Kommando wissen. Kurze Zeit sp\u00e4ter hei\u00dft es: &#8222;Tasche gesichert!&#8220;\u00a0In der finalen Einstellung versucht einer der mutma\u00dflichen Polizisten, den weiterhin laufenden Stream zu beenden.<\/p>\n<blockquote class=\"twitter-tweet\">\n<p dir=\"ltr\" lang=\"de\" xml:lang=\"de\">DANIELSLUMP &amp; KOLJA GOLDSTEIN WURDEN GRADE LIVE GESWATTED??<br \/>WAS GEHT AB BRUDER? <a href=\"https:\/\/t.co\/UOZodJgb7Z\">pic.twitter.com\/UOZodJgb7Z<\/a><\/p>\n<p>\u2014 v (@visionxxv) <a href=\"https:\/\/twitter.com\/visionxxv\/status\/1929256009643561034?ref_src=twsrc%5Etfw\" target=\"_blank\" rel=\"noopener\">June 1, 2025<\/a><\/p><\/blockquote>\n<p>Es existieren zudem Aufnahmen, wie Kolja Goldstein und Daniel Slump aus dem Geb\u00e4ude abgef\u00fchrt werden. Hier kannst du sie sehen:<\/p>\n<blockquote class=\"twitter-tweet\">\n<p dir=\"ltr\" lang=\"de\" xml:lang=\"de\">\u00dcBERWACHUNGSVIDEO\u2018s wie DANIELSLUMP &amp; KOLJA GOLDSTEIN ABGEF\u00dcHRT WERDEN VON DER POLIZEI?? BRUDER? <a href=\"https:\/\/t.co\/LVdxyAGoPe\">https:\/\/t.co\/LVdxyAGoPe<\/a> <a href=\"https:\/\/t.co\/eXFFzg3PeP\">pic.twitter.com\/eXFFzg3PeP<\/a><\/p>\n<p>\u2014 v (@visionxxv) <a href=\"https:\/\/twitter.com\/visionxxv\/status\/1929283497320976589?ref_src=twsrc%5Etfw\" target=\"_blank\" rel=\"noopener\">June 1, 2025<\/a><\/p><\/blockquote>\n<p>Zuvor hatte sich im Stream Folgendes zugetragen: Die Community von Daniel Slump wollte wissen, was sich eigentlich in Kolja Goldsteins Tasche verbirgt. Diese deutete lachend mit einem Handzeichen an, dass es sich um eine Waffe handeln k\u00f6nnte.<\/p>\n<p>Ist das SEK wegen dieses Hinweises auf eine Waffe in der Tasche von Kolja Goldstein anger\u00fcckt? Sind Rapper und Streamer Opfer von Swatting geworden? Also haben Zuschauer Koljas mutma\u00dflich ironische Andeutung mit der Waffe gesehen und daraufhin einen falschen Notruf abgesetzt? Vielleicht.<\/p>\n<p>Viele Kommentare zu dem Clip ziehen die Echtheit des Ablaufs in Zweifel. Da ist von &#8222;Mietpolizei&#8220; die Rede. Au\u00dferdem wird der Umgang mit der Kamera angemerkt (sie l\u00e4uft durchgehend). Der allgemeine Vorwurf der Schauspielerei dominiert zudem in den Kommentarspalten. Dar\u00fcber hinaus sieht die Sicherung der Umgebung beim Verlassen des Geb\u00e4udes f\u00fcr manche User eher semiprofessionell aus. Der Streamer-Kollege Chefstrobel dazu: &#8222;Also wer wirklich denkt, dass das SEK so arbeitet hat nen 10er IQ&#8220; [sic!].<\/p>\n<p>Sowohl Kolja Goldstein als auch Daniel Slump haben sich seit der Aktion auf Social Media nicht weiter bemerkbar gemacht.<\/p>\n<p>Am vergangenen Freitag erschien mit &#8222;Sabr&#8220; eine neue Video-Single von Kolja Goldstein. Hier kannst du reinh\u00f6ren:<\/p>\n<p><script async src=\"https:\/\/platform.twitter.com\/widgets.js\" charset=\"utf-8\"><\/script><\/p>\n","protected":false},"excerpt":{"rendered":"Kolja Goldstein und Daniel Slump haben sich in einem Livestream das kommende Album des Rappers gegeben. Die Listening-Session&hellip;\n","protected":false},"author":2,"featured_media":159025,"comment_status":"","ping_status":"","sticky":false,"template":"","format":"standard","meta":{"footnotes":""},"categories":[1772],"tags":[55603,55601,29,2131,214,30,55604,20810,55605,1779,810,15,121,2138,15103,1897,55602,1504,215],"class_list":{"0":"post-159024","1":"post","2":"type-post","3":"status-publish","4":"format-standard","5":"has-post-thumbnail","7":"category-musik","8":"tag-blendgranate","9":"tag-daniel-slump","10":"tag-deutschland","11":"tag-deutschrap","12":"tag-entertainment","13":"tag-germany","14":"tag-kabelbinder","15":"tag-kolja-goldstein","16":"tag-kouwe-ouwe","17":"tag-music","18":"tag-musik","19":"tag-news","20":"tag-polizei","21":"tag-rap","22":"tag-sek","23":"tag-streaming","24":"tag-swatting","25":"tag-twitch","26":"tag-unterhaltung"},"share_on_mastodon":{"url":"https:\/\/pubeurope.com\/@de\/114613314116406726","error":""},"_links":{"self":[{"href":"https:\/\/www.europesays.com\/de\/wp-json\/wp\/v2\/posts\/159024","targetHints":{"allow":["GET"]}}],"collection":[{"href":"https:\/\/www.europesays.com\/de\/wp-json\/wp\/v2\/posts"}],"about":[{"href":"https:\/\/www.europesays.com\/de\/wp-json\/wp\/v2\/types\/post"}],"author":[{"embeddable":true,"href":"https:\/\/www.europesays.com\/de\/wp-json\/wp\/v2\/users\/2"}],"replies":[{"embeddable":true,"href":"https:\/\/www.europesays.com\/de\/wp-json\/wp\/v2\/comments?post=159024"}],"version-history":[{"count":0,"href":"https:\/\/www.europesays.com\/de\/wp-json\/wp\/v2\/posts\/159024\/revisions"}],"wp:featuredmedia":[{"embeddable":true,"href":"https:\/\/www.europesays.com\/de\/wp-json\/wp\/v2\/media\/159025"}],"wp:attachment":[{"href":"https:\/\/www.europesays.com\/de\/wp-json\/wp\/v2\/media?parent=159024"}],"wp:term":[{"taxonomy":"category","embeddable":true,"href":"https:\/\/www.europesays.com\/de\/wp-json\/wp\/v2\/categories?post=159024"},{"taxonomy":"post_tag","embeddable":true,"href":"https:\/\/www.europesays.com\/de\/wp-json\/wp\/v2\/tags?post=159024"}],"curies":[{"name":"wp","href":"https:\/\/api.w.org\/{rel}","templated":true}]}}