{"id":159068,"date":"2025-06-02T10:54:20","date_gmt":"2025-06-02T10:54:20","guid":{"rendered":"https:\/\/www.europesays.com\/de\/159068\/"},"modified":"2025-06-02T10:54:20","modified_gmt":"2025-06-02T10:54:20","slug":"unwetter-ulmer-muenster-vom-blitz-getroffen-umfang-der-schaeden-unklar","status":"publish","type":"post","link":"https:\/\/www.europesays.com\/de\/159068\/","title":{"rendered":"Unwetter: Ulmer M\u00fcnster vom Blitz getroffen \u2013 Umfang der Sch\u00e4den unklar"},"content":{"rendered":"<p>\t\t\t\t\t\t\t\t\t\t\t\t\t\t\t\t\t\t\t\t\t\t\t\t\t\t\t\t      \t\t            \t\t             \t\t\t\t   \t\t\t\t\t   <img decoding=\"async\" id=\"article-image\" fetchpriority=\"high\" alt=\"Unwetter: Ulmer M\u00fcnster vom Blitz getroffen \u2013 Umfang der Sch\u00e4den unklar\" title=\"Unwetter: Ulmer M\u00fcnster vom Blitz getroffen \u2013 Umfang der Sch\u00e4den unklar\" src=\"https:\/\/www.europesays.com\/de\/wp-content\/uploads\/2025\/06\/media.media.2b9bebbc-a22a-4b90-9804-24f482ca401a.16x9_700.jpg\" data-linkto=\"https:\/\/www.stuttgarter-nachrichten.de\/javascript:void(0);\"\/>\t\t\t\t\t\t\t\t\t\t\t\t\t\t\t\t\t\t\t\t\t\t\t\tIm Ulmer M\u00fcnster ist ein Blitz eingeschlagen (Archivbild).\u00a0Foto: IMAGO\/Alexander Rochau\t\t\t<\/p>\n<p>Ein Unwetter trifft das Ulmer M\u00fcnster. Die M\u00fcnsterbaumeisterin bef\u00fcrchtet massive Sch\u00e4den \u2013 doch noch laufen Untersuchungen zum Zustand der Kirche.<\/p>\n<p>Blitzeinschlag im weltweit h\u00f6chsten Kirchturm \u2013 dem <a href=\"https:\/\/www.stuttgarter-nachrichten.de\/thema\/Ulm\" title=\"Ulm\" class=\"art_thema\" rel=\"nofollow noopener\" target=\"_blank\">Ulm<\/a>er <a href=\"https:\/\/www.stuttgarter-nachrichten.de\/thema\/M%C3%BCnster\" title=\"M\u00fcnster\" class=\"art_thema\" rel=\"nofollow noopener\" target=\"_blank\">M\u00fcnster<\/a>. Ein Unwetter hat am Samstag die baden-w\u00fcrttembergische Stadt Ulm getroffen. Nach Medienberichten schlug gegen 21 Uhr ein Blitz im M\u00fcnster ein, ein Feuer brach entgegen ersten Bef\u00fcrchtungen aber nicht aus. \u201eEs sind definitiv Sch\u00e4den da, teils sogar massive\u201c, sagte die Ulmer M\u00fcnsterbaumeisterin, Heidi Vormann, der \u201eS\u00fcdwest Presse\u201c. Besonders betroffen ist demnach die Elektrik.<\/p>\n<p>Zum genauen Umfang m\u00f6glicher Sch\u00e4den konnte Vormann am Montag auf Anfrage der Katholischen Nachrichten-Agentur (KNA) noch keine weiteren Angaben machen. Die Untersuchungen liefen nach, danach werde es eine Mitteilung geben.<\/p>\n<p>Das evangelische Kirchengeb\u00e4ude ist weltbekannt: Kein Kirchturm ist h\u00f6her als der des Ulmer M\u00fcnsters mit 161,5 Metern. Noch, denn diesen Rekord h\u00e4lt k\u00fcnftig wohl die Sagrada Fam\u00edlia im spanischen Barcelona. Auf einem Turm der katholischen Basilika soll in den kommenden Monaten ein Kreuz errichtet werden. Damit wird dann eine H\u00f6he von 172,5 Metern erreicht. <\/p>\n","protected":false},"excerpt":{"rendered":"Im Ulmer M\u00fcnster ist ein Blitz eingeschlagen (Archivbild).\u00a0Foto: IMAGO\/Alexander Rochau Ein Unwetter trifft das Ulmer M\u00fcnster. Die M\u00fcnsterbaumeisterin&hellip;\n","protected":false},"author":2,"featured_media":159069,"comment_status":"","ping_status":"","sticky":false,"template":"","format":"standard","meta":{"footnotes":""},"categories":[1843],"tags":[1634,17201,3364,29,47308,30,8970,1209,12755],"class_list":{"0":"post-159068","1":"post","2":"type-post","3":"status-publish","4":"format-standard","5":"has-post-thumbnail","7":"category-muenster","8":"tag-baden-wuerttemberg","9":"tag-blitz","10":"tag-de","11":"tag-deutschland","12":"tag-eingeschlagen","13":"tag-germany","14":"tag-muenster","15":"tag-nordrhein-westfalen","16":"tag-ulm"},"share_on_mastodon":{"url":"https:\/\/pubeurope.com\/@de\/114613404711731081","error":""},"_links":{"self":[{"href":"https:\/\/www.europesays.com\/de\/wp-json\/wp\/v2\/posts\/159068","targetHints":{"allow":["GET"]}}],"collection":[{"href":"https:\/\/www.europesays.com\/de\/wp-json\/wp\/v2\/posts"}],"about":[{"href":"https:\/\/www.europesays.com\/de\/wp-json\/wp\/v2\/types\/post"}],"author":[{"embeddable":true,"href":"https:\/\/www.europesays.com\/de\/wp-json\/wp\/v2\/users\/2"}],"replies":[{"embeddable":true,"href":"https:\/\/www.europesays.com\/de\/wp-json\/wp\/v2\/comments?post=159068"}],"version-history":[{"count":0,"href":"https:\/\/www.europesays.com\/de\/wp-json\/wp\/v2\/posts\/159068\/revisions"}],"wp:featuredmedia":[{"embeddable":true,"href":"https:\/\/www.europesays.com\/de\/wp-json\/wp\/v2\/media\/159069"}],"wp:attachment":[{"href":"https:\/\/www.europesays.com\/de\/wp-json\/wp\/v2\/media?parent=159068"}],"wp:term":[{"taxonomy":"category","embeddable":true,"href":"https:\/\/www.europesays.com\/de\/wp-json\/wp\/v2\/categories?post=159068"},{"taxonomy":"post_tag","embeddable":true,"href":"https:\/\/www.europesays.com\/de\/wp-json\/wp\/v2\/tags?post=159068"}],"curies":[{"name":"wp","href":"https:\/\/api.w.org\/{rel}","templated":true}]}}