{"id":159212,"date":"2025-06-02T12:19:16","date_gmt":"2025-06-02T12:19:16","guid":{"rendered":"https:\/\/www.europesays.com\/de\/159212\/"},"modified":"2025-06-02T12:19:16","modified_gmt":"2025-06-02T12:19:16","slug":"energydrinks-und-zigarettenfilter-gestohlen-wiederholungstaeter-in-haft","status":"publish","type":"post","link":"https:\/\/www.europesays.com\/de\/159212\/","title":{"rendered":"Energydrinks und Zigarettenfilter gestohlen &#8211; Wiederholungst\u00e4ter in Haft"},"content":{"rendered":"<p class=\"bodytext\">HC\/ Bielefeld- Mitte- Am Samstag, 31.05.2025, wurde ein Ladendieb erwischt, der bis zum 28.05.2025 in Hauptverhandlungshaft gesessen hatte. Jetzt sitzt er in Untersuchungshaft.<\/p>\n<p>Ein Ladendetektiv beobachtete gegen 14:30 Uhr in einem Supermarkt, an der Viktoria-Steinbi\u00df-Stra\u00dfe einen vermeintlichen Kunden, der zahlreiche Getr\u00e4nkedosen in seinen Rucksack steckte. Der Mann verlie\u00df anschlie\u00dfend das Gesch\u00e4ft, ohne die Ware zu bezahlen. Der Detektiv sprach den Dieb an und geleitete ihn in sein B\u00fcro. In dem Rucksack fanden sich neben 27 Dosen eines Energydrinks noch 50 Packungen Zigarettenfilterpapier. Geld oder andere Zahlungsmittel hatte der T\u00e4ter nicht dabei.<\/p>\n<p>Die eingesetzten Streifenbeamten nahmen den Ladendieb vorl\u00e4ufig fest. Die Recherchen der Kriminalbeamten ergaben, dass der 31-J\u00e4hrige mit t\u00fcrkischer Staatsangeh\u00f6rigkeit und ohne festen Wohnsitz bereits wiederholt mit Ladendiebst\u00e4hlen aufgefallen ist. Bis zum 28.05.2025 hatte er sich in Hauptverhandlungshaft befunden. Kriminalbeamte f\u00fchrten den 31-J\u00e4hrigen dem Haftrichter vor, der einen Untersuchungshaftbefehl erlie\u00df.<\/p>\n<p>R\u00fcckfragen von Journalisten bitte an:<\/p>\n<p>Polizeipr\u00e4sidium Bielefeld Leitungsstab\/ Presse- und \u00d6ffentlichkeitsarbeit Kurt-Schumacher-Stra\u00dfe 46 33615 Bielefeld<\/p>\n<p>Sonja Rehmert (SR), Tel. 0521\/545-3020 Katja K\u00fcster (KK), Tel. 0521\/545-3195 Sarah Siedschlag (SI), Tel. 0521\/545-3021 Michael K\u00f6tter (MK), Tel. 0521\/545-3022 Hella Christoph (HC), Tel. 0521\/545-3023 Fabian Rickel (FR), Tel. 0521\/545-3024 Caroline Steffen (CS), Tel. 0521\/545-3026 Lukas Reker (LR), Tel. 0521\/545-3222 Jan Grote (JG), Tel. 0521\/545-3235<\/p>\n<p>E-Mail: pressestelle.bielefeld@polizei.nrw.de <a href=\"https:\/\/bielefeld.polizei.nrw\/\" target=\"_blank\" rel=\"nofollow noopener\">bielefeld.polizei.nrw<\/a><\/p>\n<p>Au\u00dferhalb der B\u00fcrodienstzeit: Leitstelle, Tel. 0521\/545-0<\/p>\n<p> Original-Content von: Polizei Bielefeld, \u00fcbermittelt durch news aktuell<\/p>\n","protected":false},"excerpt":{"rendered":"HC\/ Bielefeld- Mitte- Am Samstag, 31.05.2025, wurde ein Ladendieb erwischt, der bis zum 28.05.2025 in Hauptverhandlungshaft gesessen hatte.&hellip;\n","protected":false},"author":2,"featured_media":29613,"comment_status":"","ping_status":"","sticky":false,"template":"","format":"standard","meta":{"footnotes":""},"categories":[1841],"tags":[1605,3364,29,30,1209,12925],"class_list":{"0":"post-159212","1":"post","2":"type-post","3":"status-publish","4":"format-standard","5":"has-post-thumbnail","7":"category-bielefeld","8":"tag-bielefeld","9":"tag-de","10":"tag-deutschland","11":"tag-germany","12":"tag-nordrhein-westfalen","13":"tag-polizeimeldungen"},"share_on_mastodon":{"url":"https:\/\/pubeurope.com\/@de\/114613738849698361","error":""},"_links":{"self":[{"href":"https:\/\/www.europesays.com\/de\/wp-json\/wp\/v2\/posts\/159212","targetHints":{"allow":["GET"]}}],"collection":[{"href":"https:\/\/www.europesays.com\/de\/wp-json\/wp\/v2\/posts"}],"about":[{"href":"https:\/\/www.europesays.com\/de\/wp-json\/wp\/v2\/types\/post"}],"author":[{"embeddable":true,"href":"https:\/\/www.europesays.com\/de\/wp-json\/wp\/v2\/users\/2"}],"replies":[{"embeddable":true,"href":"https:\/\/www.europesays.com\/de\/wp-json\/wp\/v2\/comments?post=159212"}],"version-history":[{"count":0,"href":"https:\/\/www.europesays.com\/de\/wp-json\/wp\/v2\/posts\/159212\/revisions"}],"wp:featuredmedia":[{"embeddable":true,"href":"https:\/\/www.europesays.com\/de\/wp-json\/wp\/v2\/media\/29613"}],"wp:attachment":[{"href":"https:\/\/www.europesays.com\/de\/wp-json\/wp\/v2\/media?parent=159212"}],"wp:term":[{"taxonomy":"category","embeddable":true,"href":"https:\/\/www.europesays.com\/de\/wp-json\/wp\/v2\/categories?post=159212"},{"taxonomy":"post_tag","embeddable":true,"href":"https:\/\/www.europesays.com\/de\/wp-json\/wp\/v2\/tags?post=159212"}],"curies":[{"name":"wp","href":"https:\/\/api.w.org\/{rel}","templated":true}]}}