{"id":159217,"date":"2025-06-02T12:22:09","date_gmt":"2025-06-02T12:22:09","guid":{"rendered":"https:\/\/www.europesays.com\/de\/159217\/"},"modified":"2025-06-02T12:22:09","modified_gmt":"2025-06-02T12:22:09","slug":"wuppertaler-extremwanderer-jannik-giesen-geht-337-kilometer-in-48-stunden","status":"publish","type":"post","link":"https:\/\/www.europesays.com\/de\/159217\/","title":{"rendered":"Wuppertaler Extremwanderer Jannik Giesen geht 337 Kilometer in 48 Stunden"},"content":{"rendered":"<p class=\"text_ohne_einzug richtext text-em-55 !leading-serif mx-6 desktop:mx-0\">Wuppertals Extremwanderer Jannik Giesen hat die n\u00e4chste Wahnsinns-Ausdauerleistung erbracht. Beim 48-Stunden-Lauf \u201eBorn to Run\u201c in Unna, der offenen Deutschen Meisterschaft, durfte er mit 336,8 Kilometer sowohl den Gesamtsieg als auch den Titel in seiner Altersklasse U 40 feiern und stellte einen neuen Streckenrekord auf. Seine runde 100 Konkurrenten \u2013 fast alles L\u00e4ufer \u2013 lie\u00df Giesen mit seiner gewohnten Taktik, nach und nach stehen: Stetiges Durchmaschieren, wenige Standzeiten f\u00fcr die Verpflegung. \u201eInsgesamt hatte ich rund eine Stunde Standzeit, am Ende musste ich wegen Knieschmerzen noch mal 15 Minuten Pause machen, die nicht eingeplant waren\u201c, so Giesen. Die gr\u00f6\u00dfte Herausforderung sei f\u00fcr ihn der fehlende Schlaf \u00fcber zwei Tage gewesen. \u201eAls es zum zweiten Mal dunkel wurde, wurde die Strecke f\u00fcr mich zur Achterbahn\u201c, so Giesen. Pl\u00f6tzlich sei ihm die zwei Kilometer lange, flache Runde viel l\u00e4nger und stellenweise unbekannt vorgekommen. \u201eEin Wunder, dass ich am Ende meinen Vorsprung auf den Zweiten halten konnte.\u201c Der hatte schlie\u00dflich nur eine Runde weniger absolviert.<\/p>\n<p class=\"richtext text-em-55 !leading-serif mx-6 desktop:mx-0\">Gro\u00df Ausruhen ist f\u00fcr Giesen nun \u00fcbrigens nicht. An Pfingsten startet er als Titelverteidiger beim Halden-Mohikaner im Saarland, einem Extrem-Lauf \u00fcber maximal 48 Stunden, mit deutlich anspruchsvollerer Streckenf\u00fchrung.<\/p>\n","protected":false},"excerpt":{"rendered":"Wuppertals Extremwanderer Jannik Giesen hat die n\u00e4chste Wahnsinns-Ausdauerleistung erbracht. Beim 48-Stunden-Lauf \u201eBorn to Run\u201c in Unna, der offenen&hellip;\n","protected":false},"author":2,"featured_media":159218,"comment_status":"","ping_status":"","sticky":false,"template":"","format":"standard","meta":{"footnotes":""},"categories":[1840],"tags":[3364,29,30,38760,29896,15839,15840,1209,22841,14947,4418,18312],"class_list":{"0":"post-159217","1":"post","2":"type-post","3":"status-publish","4":"format-standard","5":"has-post-thumbnail","7":"category-wuppertal","8":"tag-de","9":"tag-deutschland","10":"tag-germany","11":"tag-giesen","12":"tag-kilometer","13":"tag-lauf","14":"tag-laeufer","15":"tag-nordrhein-westfalen","16":"tag-runde","17":"tag-stunde","18":"tag-wuppertal","19":"tag-zweiten"},"share_on_mastodon":{"url":"https:\/\/pubeurope.com\/@de\/114613750546474543","error":""},"_links":{"self":[{"href":"https:\/\/www.europesays.com\/de\/wp-json\/wp\/v2\/posts\/159217","targetHints":{"allow":["GET"]}}],"collection":[{"href":"https:\/\/www.europesays.com\/de\/wp-json\/wp\/v2\/posts"}],"about":[{"href":"https:\/\/www.europesays.com\/de\/wp-json\/wp\/v2\/types\/post"}],"author":[{"embeddable":true,"href":"https:\/\/www.europesays.com\/de\/wp-json\/wp\/v2\/users\/2"}],"replies":[{"embeddable":true,"href":"https:\/\/www.europesays.com\/de\/wp-json\/wp\/v2\/comments?post=159217"}],"version-history":[{"count":0,"href":"https:\/\/www.europesays.com\/de\/wp-json\/wp\/v2\/posts\/159217\/revisions"}],"wp:featuredmedia":[{"embeddable":true,"href":"https:\/\/www.europesays.com\/de\/wp-json\/wp\/v2\/media\/159218"}],"wp:attachment":[{"href":"https:\/\/www.europesays.com\/de\/wp-json\/wp\/v2\/media?parent=159217"}],"wp:term":[{"taxonomy":"category","embeddable":true,"href":"https:\/\/www.europesays.com\/de\/wp-json\/wp\/v2\/categories?post=159217"},{"taxonomy":"post_tag","embeddable":true,"href":"https:\/\/www.europesays.com\/de\/wp-json\/wp\/v2\/tags?post=159217"}],"curies":[{"name":"wp","href":"https:\/\/api.w.org\/{rel}","templated":true}]}}