{"id":159310,"date":"2025-06-02T13:11:13","date_gmt":"2025-06-02T13:11:13","guid":{"rendered":"https:\/\/www.europesays.com\/de\/159310\/"},"modified":"2025-06-02T13:11:13","modified_gmt":"2025-06-02T13:11:13","slug":"heidi-klum-feiert-52-geburtstag-faeltchen-sehe-ich-nur-verschwommen-unterhaltung","status":"publish","type":"post","link":"https:\/\/www.europesays.com\/de\/159310\/","title":{"rendered":"Heidi Klum feiert 52. Geburtstag: \u201eF\u00e4ltchen sehe ich nur verschwommen\u201c | Unterhaltung"},"content":{"rendered":"<p>Los Angeles \u2013<b> Mit Bl\u00fcmchen-Torte, Kartoffelsalat, Luftballons, Flower-Power-Brille und guter Laune feierte Heidi Klum am Sonntag im heimischen Garten ihren 52. Geburtstag. Ein neues Lebensjahr auf der Uhr \u2013 f\u00fcr Heidi kein Problem!<\/b><\/p>\n<p>Auf Instagram gab die Model-Mama von vier Kindern Einblicke in die coole Party, die ihre Liebsten und Freunde am 1. Juni f\u00fcr sie geschmissen hatten.<\/p>\n<p><img decoding=\"async\" width=\"992\" height=\"1213\" alt=\"Mit viel Liebe gemacht: Heidi Klums Geburtstagstorte\" src=\"https:\/\/www.europesays.com\/de\/wp-content\/uploads\/2025\/06\/9e2b118829ab30318471d2a23646e88b,8a322bb\"   class=\"dynamic\" loading=\"lazy\"\/><\/p>\n<p class=\"fig__caption__text\">Mit viel Liebe gemacht: Heidi Klums Geburtstagstorte<\/p>\n<p>Foto: heidiklum\/Instagram<\/p>\n<p>Von wegen ausgefallen: So feiert Heidi Klum Geburtstag<a href=\"https:\/\/www.bild.de\/unterhaltung\/stars-und-leute\/voller-durchblick-mit-52-heidi-klum-setzt-auf-mega-brille-683d52a84513bb4e873dce0f\" class=\"anchor\" target=\"_blank\" rel=\"noopener\"><img decoding=\"async\" width=\"992\" height=\"558\" alt=\"Happy Birthday, Heidi Klum! So feiert das Model ihren 52. Geburtstag\" src=\"https:\/\/www.europesays.com\/de\/wp-content\/uploads\/2025\/06\/315c3d5647aafbe4991562b9cdf082d7,556288f7\"   class=\"landscape teaser__image\" loading=\"lazy\"\/><\/a><\/p>\n<p>Quelle: Heidi Klum\/Instagram, Storyblocks02.06.2025<\/p>\n<p>Zu ihrem Ehrentag wurde der riesige Garten der Klum-Villa in Los Angeles herrlich geschm\u00fcckt. Es wurde gegrillt (u.a. W\u00fcrstchen und H\u00fchnerkeulen), geschlemmt, getrunken, gelacht und Musik gemacht \u2013 und Heidi freute sich wie\u2019n Schnitzel. <\/p>\n<p>Daf\u00fcr, dass es der Klum an ihrem Geburtstag an nichts fehlte, sorgte auch Ehemann <a href=\"https:\/\/www.bild.de\/unterhaltung\/leute\/tom-kaulitz\/tom-kaulitz-alle-infos-76664388.bild.html\" class=\"text-link\" target=\"_blank\" rel=\"noopener\">Tom Kaulitz<\/a> (verheiratet seit 2019). Er schnippelte nicht nur flei\u00dfig Pellkartoffeln f\u00fcr Heidis geliebten Kartoffelsalat. Der Tokio-Hotel-Gitarrist stellte sich auch an den Grill und setzte sich als s\u00fc\u00dfe Geburtstags\u00fcberraschung sogar ans Schlagzeug einer Jazz-Band, um seiner Frau ein St\u00e4ndchen zu spielen.<\/p>\n<p><img decoding=\"async\" width=\"992\" height=\"1366\" alt=\"Ehemann Tom Kaulitz (35) setzte sich f\u00fcr seine Heidi bei ihrer Geburtstagsparty ans Schlagzeug\" src=\"https:\/\/www.europesays.com\/de\/wp-content\/uploads\/2025\/06\/9713cbffb4a6b889ca5118a57b899182,d81b1305\"   class=\"dynamic\" loading=\"lazy\"\/><\/p>\n<p class=\"fig__caption__text\">Ehemann Tom Kaulitz (35) setzte sich f\u00fcr Heidi ans Schlagzeug<\/p>\n<p>Foto: heidiklum\/Instagram<\/p>\n<p>Heidi Klum hat kein Problem mit dem Alter<\/p>\n<p>Nun ist Heidi Klum also 52 \u2013 und gl\u00fccklich wie nie. Sie hat in Ehemann Tom ihren Seelenverwandten gefunden, ist nach wie vor als Model und auch als Moderatorin (\u201e<a href=\"https:\/\/www.bild.de\/unterhaltung\/tv\/germanys-next-topmodel\/gntm-alle-infos-76680488.bild.html\" class=\"text-link\" target=\"_blank\" rel=\"noopener\">Germany\u2019s Next Topmodel<\/a>\u201c) schwer angesagt. Ein Vorbild f\u00fcr viele: ihre entspannte Haltung zum Altern. <\/p>\n<p><img decoding=\"async\" width=\"992\" height=\"1576\" alt=\"Toms Bruder Bill Kaulitz r\u00fcckte mit Geschenken zu Heidis Geburtstag an, w\u00fcnschte auf Instagram \u201eAlles Gute zum Geburtstag liebe Maus!\u201c und ewiges Gl\u00fcck\" src=\"https:\/\/www.europesays.com\/de\/wp-content\/uploads\/2025\/06\/b29adbed1226dccfc0ce0bfdd3968953,ec73444\"   class=\"dynamic\" loading=\"lazy\"\/><\/p>\n<p class=\"fig__caption__text\">Toms Zwillingsbruder Bill Kaulitz r\u00fcckte mit Geschenken zu Heidis Geburtstag an, gratulierte auf Instagram mit \u201eAlles Gute zum Geburtstag, liebe Maus!\u201c<\/p>\n<p>Foto: billkaulitz\/Instagram<\/p>\n<p>\u201eIch feiere gerne meinen Geburtstag und war noch nie eine Frau, die herumdruckst oder sich j\u00fcnger macht, wenn ich auf mein Alter angesprochen werde\u201c, <a href=\"https:\/\/www.bild.de\/unterhaltung\/stars-und-leute\/wie-heidi-klum-sich-in-tom-kaulitz-verliebte-sie-warnte-ihn-vor-dem-altersunterschied-6824476d6bd17d5fade587ac\" class=\"text-link\" target=\"_blank\" rel=\"noopener\">verriet Heidi Klum BILD gerade im Interview in Cannes<\/a>, wo sie als Werbegesicht der franz\u00f6sischen Kosmetiklinie L\u2019Or\u00e9al Paris geladen war. Und weiter: \u201eIch bin heute entspannt mit mir, meinem Alter und meinem K\u00f6rper, und war es auch zu Beginn meiner Karriere vor mehr als 30 Jahren. Vielleicht, weil ich stets wusste, was ich wollte im Leben.\u201c<\/p>\n<p><img decoding=\"async\" width=\"992\" height=\"1345\" alt=\"Eine sch\u00f6n geschm\u00fcckte Tafel und Luftballons: Heidi Klum feierte ihren Geburtstag zu Hause \u2013 mit Familie und Freunden\" src=\"https:\/\/www.europesays.com\/de\/wp-content\/uploads\/2025\/06\/692cde280cf6cbe8e48962aea37fdcbf,86eefdb6\"   class=\"dynamic\" loading=\"lazy\"\/><\/p>\n<p class=\"fig__caption__text\">Eine sch\u00f6n geschm\u00fcckte Tafel und Luftballons: Heidi Klum feierte ihren Geburtstag zu Hause \u2013 mit Familie, Freunden und Hunden<\/p>\n<p>Foto: heidiklum\/Instagram<\/p>\n<p>Lesen Sie auchHeidi Klum: \u201eMeine Augen werden immer schlechter\u201c<\/p>\n<p>Wie gelassen <a href=\"https:\/\/www.bild.de\/unterhaltung\/leute\/heidi-klum\/heidi-klum-alle-infos-76664276.bild.html\" class=\"text-link\" target=\"_blank\" rel=\"noopener\">Heidi Klum<\/a> mit dem Altern umgeht, machte sie auch im \u201e<a href=\"https:\/\/www.vogue.de\/artikel\/heidi-klum-geburtstag-interview-loreal-aelter-werden\" target=\"_blank\" rel=\"noopener\" class=\"text-link--external text-link\">Vogue\u201c-Interview<\/a> deutlich. \u201eIch nehme das \u00c4lterwerden schon wahr. Das Gute ist aber, meine Augen werden immer schlechter, deswegen sehe ich auch nicht mehr jedes F\u00e4ltchen. Das ist ganz praktisch, wenn dann alles ein bisschen verschwommen ist.\u201c<\/p>\n<p>Ihre Botschaft ist ein Geschenk an alle Frauen: \u201eWir sind alle sch\u00f6n und sollten stolz und stark unseren Weg gehen \u2013 unabh\u00e4ngig des Alters, des Geschlechts oder der Herkunft.\u201c<\/p>\n<p>Mit diesen Fotos gratulierte Schwager Bill<\/p>\n<p> An dieser Stelle findest du Inhalte aus Instagram <\/p>\n<p> Um mit Inhalten aus Instagram und anderen sozialen Netzwerken zu interagieren oder diese darzustellen, brauchen wir deine Zustimmung. <\/p>\n<p> soziale Netzwerke aktivieren  Um eingebettete Inhalte anzuzeigen, ist Ihre jederzeit widerrufliche Einwilligung (\u00fcber den Schalter oder \u00fcber &#8220; <a class=\"embed-placeholder__text-link\" href=\"#\" rel=\"noopener noreferrer\" title=\"Tracking widerrufen\"> Widerruf Tracking und Cookies<\/a> &#8220; am Seitenende) zur Verarbeitung personenbezogener Daten n\u00f6tig.  Dabei k\u00f6nnen Daten in Drittl\u00e4nder wie die USA \u00fcbermittelt werden (Art. 49 Abs. 1 lit. a DSGVO). Mit dem Aktivieren des Inhalts stimmen Sie zu. Weitere Infos finden Sie <a class=\"embed-placeholder__text-link\" href=\"#\" rel=\"noopener noreferrer\" title=\"Zu den Privatsph\u00e4re Einstellungen\"> hier<\/a>. <\/p>\n","protected":false},"excerpt":{"rendered":"Los Angeles \u2013 Mit Bl\u00fcmchen-Torte, Kartoffelsalat, Luftballons, Flower-Power-Brille und guter Laune feierte Heidi Klum am Sonntag im heimischen&hellip;\n","protected":false},"author":2,"featured_media":159311,"comment_status":"","ping_status":"","sticky":false,"template":"","format":"standard","meta":{"footnotes":""},"categories":[1776],"tags":[1801,29,214,2701,30,11270,152,5351,5352,27432,7893,1802,45,215],"class_list":{"0":"post-159310","1":"post","2":"type-post","3":"status-publish","4":"format-standard","5":"has-post-thumbnail","7":"category-prominente","8":"tag-celebrities","9":"tag-deutschland","10":"tag-entertainment","11":"tag-geburtstag","12":"tag-germany","13":"tag-germanys-next-topmodel","14":"tag-instagram","15":"tag-kaulitz-bill","16":"tag-kaulitz-tom","17":"tag-klum-heidi","18":"tag-los-angeles","19":"tag-prominente","20":"tag-texttospeech","21":"tag-unterhaltung"},"share_on_mastodon":{"url":"https:\/\/pubeurope.com\/@de\/114613943290533319","error":""},"_links":{"self":[{"href":"https:\/\/www.europesays.com\/de\/wp-json\/wp\/v2\/posts\/159310","targetHints":{"allow":["GET"]}}],"collection":[{"href":"https:\/\/www.europesays.com\/de\/wp-json\/wp\/v2\/posts"}],"about":[{"href":"https:\/\/www.europesays.com\/de\/wp-json\/wp\/v2\/types\/post"}],"author":[{"embeddable":true,"href":"https:\/\/www.europesays.com\/de\/wp-json\/wp\/v2\/users\/2"}],"replies":[{"embeddable":true,"href":"https:\/\/www.europesays.com\/de\/wp-json\/wp\/v2\/comments?post=159310"}],"version-history":[{"count":0,"href":"https:\/\/www.europesays.com\/de\/wp-json\/wp\/v2\/posts\/159310\/revisions"}],"wp:featuredmedia":[{"embeddable":true,"href":"https:\/\/www.europesays.com\/de\/wp-json\/wp\/v2\/media\/159311"}],"wp:attachment":[{"href":"https:\/\/www.europesays.com\/de\/wp-json\/wp\/v2\/media?parent=159310"}],"wp:term":[{"taxonomy":"category","embeddable":true,"href":"https:\/\/www.europesays.com\/de\/wp-json\/wp\/v2\/categories?post=159310"},{"taxonomy":"post_tag","embeddable":true,"href":"https:\/\/www.europesays.com\/de\/wp-json\/wp\/v2\/tags?post=159310"}],"curies":[{"name":"wp","href":"https:\/\/api.w.org\/{rel}","templated":true}]}}