{"id":159312,"date":"2025-06-02T13:13:10","date_gmt":"2025-06-02T13:13:10","guid":{"rendered":"https:\/\/www.europesays.com\/de\/159312\/"},"modified":"2025-06-02T13:13:10","modified_gmt":"2025-06-02T13:13:10","slug":"die-wilden-60er-kaisen-und-zweimal-paula","status":"publish","type":"post","link":"https:\/\/www.europesays.com\/de\/159312\/","title":{"rendered":"Die wilden 60er, Kaisen und zweimal Paula"},"content":{"rendered":"<p>Blicke in die vergangenen mehr als hundert Jahre bieten die vier B\u00fccher aus der Region, die in diesen Wochen auf den Markt kommen. Lesefreunde k\u00f6nnen sich dabei mit den wilden Sechzigerjahren, der politischen Arbeit Wilhelm Kaisens und \u2013 passend zum runden Geburtstag im kommenden Jahr \u2013 auch mit dem Leben <a href=\"https:\/\/www.weser-kurier.de\/thema\/paula-modersohn-becker-q234370\/\" rel=\"nofollow noopener\" target=\"_blank\">Paula Modersohn-Becker<\/a>s auseinandersetzen.<\/p>\n<p>Ilona Rudolph und J\u00fcrgen Linke: Wer in der Vergangenheit gr\u00e4bt<\/p>\n<p>Um die &#8222;wilden 1960er-Jahre&#8220; dreht sich der Roman &#8222;Wer in der Vergangenheit gr\u00e4bt&#8220; der Autoren Ilona Rudolph und J\u00fcrgen Linke. Sie haben gemeinsam einen Roman verfasst, in dem sie sich in den Rollen zweier fiktiver Figuren \u00fcber Jahre gegenseitig Briefe schreiben. Zentrale Frage: Was war da eigentlich in den 1960er-Jahren los in Berlin? Wollten die Menschen das Land erneuern oder war alles nur ein einziges Chaos? Eduard &#8222;Edu&#8220; von Marwitz und Charlotte Becker alias Lotta teilten in diesen turbulenten Zeiten in einer Berliner Wohngemeinschaft Bett und politische Ansichten. Jahrzehnte sp\u00e4ter finden sie einander zuf\u00e4llig wieder und schreiben sich Briefe. Doch die wieder aufkeimende Beziehung ist von Misstrauen und Verd\u00e4chtigungen gepr\u00e4gt. Hat Edu etwas mit dem Verschwinden von Lottas Bruder zu tun? &#8222;Die Autoren greifen damalige politische Ereignisse auf und entspinnen in ihnen ein Geflecht der Emotionen zwischen Katastrophe und Vers\u00f6hnung&#8220;, schreibt der Bremer Kellner-Verlag in seiner Ank\u00fcndigung und urteilt: &#8222;Ein packender Roman zwischen Bremen, der Insel Poel und Berlin.&#8220; Das 230-Seiten-Buch kostet 17 Euro.<\/p>\n<p>Karl Ludwig Sommer: Wilhelm Kaisen \u2013 eine politische Biografie<\/p>\n<p>Vor 80 Jahren endete der Zweite Weltkrieg, auch in und f\u00fcr Bremen. Wenige Wochen sp\u00e4ter wurde Wilhelm Kaisen als Wohlfahrtssenator in den ersten Nachkriegssenat berufen und am 1. August 1945 als Pr\u00e4sident des Senats mit dem Wiederaufbau von Stadt und Land Bremen betraut. Wilhelm Kaisen ist in Bremen kein Unbekannter und nicht vergessen. T\u00e4glich queren Tausende von Menschen die Weserbr\u00fccke, die seinen Namen tr\u00e4gt. Eine erste politische Biografie Wilhelm Kaisens aus der Feder des Bremer Historikers Karl Ludwig Sommer im Auftrag der Wilhelm und Helene Kaisen-Stiftung erschien im Jahre 2000, die mit der Zeit schlie\u00dflich vergriffen war. Infolge einer best\u00e4ndigen Nachfrage hat die Stiftung bei der Edition Falkenberg j\u00fcngst eine Neuauflage in Auftrag gegeben, die nun in aktualisierter Form vorliegt. Das Buch hat 528 Seiten und kostet 19,90 Euro. <\/p>\n<p>J\u00fcrgen Teumer: Auf Paulas Spuren<\/p>\n<p>Anl\u00e4sslich des bevorstehenden 150. Geburtstags der Malerin Paula Modersohn-Becker im Februar 2026 erscheint im Carl Sch\u00fcnemann Verlag die \u00fcberarbeitete Neuauflage des Buches \u201eAuf Paulas Spuren\u201c von J\u00fcrgen Teumer. Ab dem 29. Juni 2025 w\u00fcrdigen die Worpsweder Museen die K\u00fcnstlerin mit Ausstellungen in verschiedenen H\u00e4usern. \u201eAuf Paulas Spuren\u201c l\u00e4dt die Leserinnen und Leser zu einer Zeitreise durch das Leben von Modersohn-Beckers ein, die wie wenige andere mit dem K\u00fcnstlerdorf Worpswede verbunden ist. Das Buch zeichnet ihren Weg von ihrem ersten Besuch in Worpswede 1897 bis zu ihrem fr\u00fchen Tod im Jahr 1907 nach. Anhand von Tagebuchausz\u00fcgen, Briefen und Erinnerungen ihrer Weggef\u00e4hrten entsteht ein Bild der Malerin und ihrer Welt. Dieser Band nimmt das Leben einer au\u00dfergew\u00f6hnlichen Frau in den Blick, die Kunstgeschichte schrieb und sich als Pionierin des deutschen Expressionismus in einer von M\u00e4nnern dominierten Kunstwelt behauptete. Das Buch hat 116 Seiten und kostet 15 Euro.<\/p>\n<p>Renate Hanekamp: Paula und Magda<\/p>\n<p>Der Sch\u00fcnemann-Verlag hat noch mehr Neues von Paula Modersohn-Becker im Angebot. \u201ePaula und Magda\u201c entf\u00fchrt kunst- und literaturinteressierte Leserinnen und Leser in die Lebenswelten von Paula Modersohn-Becker und Magdalene Pauli. Die von Renate Hanekamp gestaltete Erz\u00e4hlung verwebt Briefe, Tagebucheintr\u00e4ge und Romantexte beider Frauen und gibt dabei Einblicke in die Herausforderungen und Tr\u00e4ume von Frauen in einer m\u00e4nnerdominierten Gesellschaft. Obwohl sich die Wege der Malerin Paula Modersohn-Becker und der Kunstf\u00f6rderin und Autorin Magdalene Pauli nur fl\u00fcchtig kreuzten, sind ihre Gedanken und Lebenserfahrungen in dieser Collage nach Verlagsangaben &#8222;auf stimmige Weise&#8220; miteinander verbunden. Renate Hanekamps Buch zeige, wie sich beide Frauen in einer Zeit voller gesellschaftlicher Beschr\u00e4nkungen gegen Konventionen auflehnten und ihren eigenen Weg suchten. \u201ePaula und Magda\u201c versteht sich als Hommage an zwei bemerkenswerte Pers\u00f6nlichkeiten und als Zeugnis weiblicher Selbstbehauptung und Kreativit\u00e4t. Das Werk hat 52 Seiten und kostet 14 Euro. <\/p>\n<p>                        <a href=\"https:\/\/www.weser-kurier.de\/\" id=\"home\" class=\"button primary-primary font-size-15_1 m-0a customEvent\" data-layer-event-name=\"customEvent\" data-layer-trigger=\"click\" data-layer-category=\"artikelscoring\" data-layer-action=\"startseite_button\" data-layer-label=\"doc80engki793m1n7pun9pu\" data-layer-value=\"https:\/\/www.weser-kurier.de\/bremen\/stadtteil-borgfeld\/1\" rel=\"nofollow noopener\" target=\"_blank\">Zur Startseite<\/a><\/p>\n","protected":false},"excerpt":{"rendered":"Blicke in die vergangenen mehr als hundert Jahre bieten die vier B\u00fccher aus der Region, die in diesen&hellip;\n","protected":false},"author":2,"featured_media":159313,"comment_status":"","ping_status":"","sticky":false,"template":"","format":"standard","meta":{"footnotes":""},"categories":[1774],"tags":[1784,1785,29,214,30,215],"class_list":{"0":"post-159312","1":"post","2":"type-post","3":"status-publish","4":"format-standard","5":"has-post-thumbnail","7":"category-buecher","8":"tag-books","9":"tag-buecher","10":"tag-deutschland","11":"tag-entertainment","12":"tag-germany","13":"tag-unterhaltung"},"share_on_mastodon":{"url":"https:\/\/pubeurope.com\/@de\/114613950979793575","error":""},"_links":{"self":[{"href":"https:\/\/www.europesays.com\/de\/wp-json\/wp\/v2\/posts\/159312","targetHints":{"allow":["GET"]}}],"collection":[{"href":"https:\/\/www.europesays.com\/de\/wp-json\/wp\/v2\/posts"}],"about":[{"href":"https:\/\/www.europesays.com\/de\/wp-json\/wp\/v2\/types\/post"}],"author":[{"embeddable":true,"href":"https:\/\/www.europesays.com\/de\/wp-json\/wp\/v2\/users\/2"}],"replies":[{"embeddable":true,"href":"https:\/\/www.europesays.com\/de\/wp-json\/wp\/v2\/comments?post=159312"}],"version-history":[{"count":0,"href":"https:\/\/www.europesays.com\/de\/wp-json\/wp\/v2\/posts\/159312\/revisions"}],"wp:featuredmedia":[{"embeddable":true,"href":"https:\/\/www.europesays.com\/de\/wp-json\/wp\/v2\/media\/159313"}],"wp:attachment":[{"href":"https:\/\/www.europesays.com\/de\/wp-json\/wp\/v2\/media?parent=159312"}],"wp:term":[{"taxonomy":"category","embeddable":true,"href":"https:\/\/www.europesays.com\/de\/wp-json\/wp\/v2\/categories?post=159312"},{"taxonomy":"post_tag","embeddable":true,"href":"https:\/\/www.europesays.com\/de\/wp-json\/wp\/v2\/tags?post=159312"}],"curies":[{"name":"wp","href":"https:\/\/api.w.org\/{rel}","templated":true}]}}