{"id":159317,"date":"2025-06-02T13:17:10","date_gmt":"2025-06-02T13:17:10","guid":{"rendered":"https:\/\/www.europesays.com\/de\/159317\/"},"modified":"2025-06-02T13:17:10","modified_gmt":"2025-06-02T13:17:10","slug":"das-neue-prinzip-innovativer-nahrungsergaenzung","status":"publish","type":"post","link":"https:\/\/www.europesays.com\/de\/159317\/","title":{"rendered":"Das neue Prinzip innovativer Nahrungserg\u00e4nzung"},"content":{"rendered":"<p>pts20250602021 in Leben<\/p>\n<p>Pr\u00e4zisions-Pr\u00e4biotika gegen Reizdarm: Spezielle Verkapselung \u2013 gezielte Entfaltung<\/p>\n<p>Rellingen (pts021\/02.06.2025\/15:00) <\/p>\n<p>Ein Start-up aus Rellingen revolutioniert die Welt der Nahrungserg\u00e4nzungsmittel: Mit der Entwicklung sogenannter <strong>Pr\u00e4zisions-Pr\u00e4biotika<\/strong> gelingt es dem Team um den Wissenschaftler Dr. Henning Rosenfeld, \u00fcber rein ern\u00e4hrungsbasierte Ans\u00e4tze nahezu pharmakologische Effekte zu erzielen. Diese innovativen Pr\u00e4biotika f\u00f6rdern gezielt die Heilung \u2013 und zwar dort, wo viele Krankheiten entstehen: im Darm.<\/p>\n<p>Denn das Darm-Mikrobiom beeinflusst unsere Gesundheit weit \u00fcber Verdauung und N\u00e4hrstoffaufnahme hinaus. Es produziert essenzielle Substanzen wie Neurotransmitter (z.\u202fB. das Gl\u00fcckshormon Serotonin), Vitamine, Hormone und kurzkettige Fetts\u00e4uren. Sch\u00e4tzungsweise die H\u00e4lfte aller Stoffwechselprodukte im Blut sind direkt oder indirekt bakteriellen Ursprungs \u2013 ein starkes Argument daf\u00fcr, das Mikrobiom als Schl\u00fcssel zur Gesundheit zu verstehen. Viele chronische Krankheiten wie Krebs oder Alzheimer nehmen bereits Jahrzehnte vor Ausbruch ihren Ursprung im Darm. Studien zeigen: Das Mikrobiom ist an rund 90\u202fProzent aller Krankheiten beteiligt.<\/p>\n<p>Die Forschung von Bonafeel identifiziert gezielt jene Pflanzenstoffe, die eine gest\u00f6rte Darmflora sanft und effektiv regulieren k\u00f6nnen. Insbesondere <strong>Polyphenole<\/strong> stehen dabei im Fokus \u2013 sie gelten als wahre &#8222;Darmhelden&#8220;, da sie nicht nur das Wachstum n\u00fctzlicher Bakterien f\u00f6rdern, sondern auch potenziell sch\u00e4dliche Keime hemmen k\u00f6nnen. Jedoch kommen viele von ihnen nur ungen\u00fcgend im Dickdarm beim Mikrobiom an. Bonafeels spezielle Verkapselung l\u00f6st das Problem der mangelnden Bioverf\u00fcgbarkeit.<\/p>\n<p>&#8222;Die entscheidende Wirkung von Polyphenolen auf die Darmflora zu entschl\u00fcsseln, er\u00f6ffnet uns neue Wege in der Pr\u00e4vention und Behandlung chronischer Krankheiten&#8220;, so Dr. Rosenfeld. Aufgrund ihrer strukturellen Komplexit\u00e4t (es gibt \u00fcber 8.000 bekannte Polyphenole) ist ihre Wirkung jedoch schwer zu fassen \u2013 insbesondere, weil das Mikrobiom selbst nicht direkt einer Messung zug\u00e4nglich ist. Mithilfe spezifisch entwickelter Analysemethoden gelingt es Bonafeel dennoch, die Effekte einiger dieser Stoffe pr\u00e4zise zu erfassen. Die k\u00fcnstliche Intelligenz wird k\u00fcnftig eine zentrale Rolle bei der Entschl\u00fcsselung solcher Polyphenol-Mikrobiom-Interaktionen spielen. <\/p>\n<p>Das erste Produkt von Bonafeel, das <strong>Nutrazeutikum PHYTO<\/strong> ist bereits verf\u00fcgbar \u2013 es wurde speziell zur Linderung von Darmbeschwerden, insbesondere bei Reizdarmsyndrom, entwickelt. Erh\u00e4ltlich in Apotheken (PZN 18831871) oder \u00fcber bonaval@bonafeel.de.<\/p>\n<p> (Ende)<br \/>\n<a href=\"http:\/\/www.bonafeel.de\" rel=\"external noopener\" target=\"_blank\"><img decoding=\"async\" src=\"https:\/\/www.europesays.com\/de\/wp-content\/uploads\/2025\/06\/logo.png\" alt=\"Bonafeel\" title=\"Bonafeel\"\/><\/a><\/p>\n","protected":false},"excerpt":{"rendered":"pts20250602021 in Leben Pr\u00e4zisions-Pr\u00e4biotika gegen Reizdarm: Spezielle Verkapselung \u2013 gezielte Entfaltung Rellingen (pts021\/02.06.2025\/15:00) Ein Start-up aus Rellingen revolutioniert&hellip;\n","protected":false},"author":2,"featured_media":159318,"comment_status":"","ping_status":"","sticky":false,"template":"","format":"standard","meta":{"footnotes":""},"categories":[137],"tags":[55694,55695,29,43205,55696,30,141,232,837],"class_list":{"0":"post-159317","1":"post","2":"type-post","3":"status-publish","4":"format-standard","5":"has-post-thumbnail","7":"category-gesundheit","8":"tag-biologische-nahrungsmittel","9":"tag-biomedizin","10":"tag-deutschland","11":"tag-forschung-und-entwicklung","12":"tag-ganzheitliche-medizin","13":"tag-germany","14":"tag-gesundheit","15":"tag-health","16":"tag-medizin"},"share_on_mastodon":{"url":"https:\/\/pubeurope.com\/@de\/114613966809697512","error":""},"_links":{"self":[{"href":"https:\/\/www.europesays.com\/de\/wp-json\/wp\/v2\/posts\/159317","targetHints":{"allow":["GET"]}}],"collection":[{"href":"https:\/\/www.europesays.com\/de\/wp-json\/wp\/v2\/posts"}],"about":[{"href":"https:\/\/www.europesays.com\/de\/wp-json\/wp\/v2\/types\/post"}],"author":[{"embeddable":true,"href":"https:\/\/www.europesays.com\/de\/wp-json\/wp\/v2\/users\/2"}],"replies":[{"embeddable":true,"href":"https:\/\/www.europesays.com\/de\/wp-json\/wp\/v2\/comments?post=159317"}],"version-history":[{"count":0,"href":"https:\/\/www.europesays.com\/de\/wp-json\/wp\/v2\/posts\/159317\/revisions"}],"wp:featuredmedia":[{"embeddable":true,"href":"https:\/\/www.europesays.com\/de\/wp-json\/wp\/v2\/media\/159318"}],"wp:attachment":[{"href":"https:\/\/www.europesays.com\/de\/wp-json\/wp\/v2\/media?parent=159317"}],"wp:term":[{"taxonomy":"category","embeddable":true,"href":"https:\/\/www.europesays.com\/de\/wp-json\/wp\/v2\/categories?post=159317"},{"taxonomy":"post_tag","embeddable":true,"href":"https:\/\/www.europesays.com\/de\/wp-json\/wp\/v2\/tags?post=159317"}],"curies":[{"name":"wp","href":"https:\/\/api.w.org\/{rel}","templated":true}]}}