{"id":159327,"date":"2025-06-02T13:22:11","date_gmt":"2025-06-02T13:22:11","guid":{"rendered":"https:\/\/www.europesays.com\/de\/159327\/"},"modified":"2025-06-02T13:22:11","modified_gmt":"2025-06-02T13:22:11","slug":"new-york-baerbock-soll-heute-zu-neuer-praesidentin-der-uno-vollversammlung-gewaehlt-werden","status":"publish","type":"post","link":"https:\/\/www.europesays.com\/de\/159327\/","title":{"rendered":"New York &#8211; Baerbock soll heute zu neuer Pr\u00e4sidentin der UNO-Vollversammlung gew\u00e4hlt werden"},"content":{"rendered":"<p>                    <img decoding=\"async\" loading=\"lazy\" class=\"internal-image\" title=\"Annalena Baerbock (B\u00fcndnis 90\/Die Gr\u00fcnen), Au\u00dfenministerin, spricht im Haus der Bundespressekonferenz auf einer Pressekonferenz. \" alt=\"Annalena Baerbock (B\u00fcndnis 90\/Die Gr\u00fcnen), Au\u00dfenministerin, spricht im Haus der Bundespressekonferenz auf einer Pressekonferenz. \" src=\"https:\/\/www.europesays.com\/de\/wp-content\/uploads\/2025\/06\/aussenministerin-baerbock-100-1920x1080.jpg\" \/><\/p>\n<p>                  Die Gr\u00fcnen-Politikerin Annalena Baerbock (Archivfoto vom Februar 2025). (S\u00f6ren Stache\/dpa)<\/p>\n<p>Russland und einige Kreml-freundliche Staaten hatten sich allerdings gegen ihre Wahl ausgesprochen. Ihre Amtszeit w\u00fcrde im September kurz vor der n\u00e4chsten Generaldebatte beginnen und ein Jahr dauern.<\/p>\n<p>Die Position hat vor allem protokollarische Bedeutung. Als Pr\u00e4sidentin der UNO-Vollversammlung w\u00e4re Baerbock vor allem f\u00fcr die Organisation und Leitung der Sitzungen des zentralen Beratungsorgans der Vereinten Nationen zust\u00e4ndig. Die UNO-Vollversammlung genehmigt den Haushalt, ernennt den Generalsekret\u00e4r und entscheidet \u00fcber die Besetzung wichtiger \u00c4mter. Wegen der h\u00e4ufigen Blockaden im Sicherheitsrat ist der UNO-Generalversammlung in den vergangenen Jahren eine noch st\u00e4rkere Bedeutung zugekommen.<\/p>\n<p>                Baerbock: Will als Br\u00fcckenbauerin fungieren<\/p>\n<p>Baerbock hatte bei der Vorstellung ihrer Priorit\u00e4ten f\u00fcr den Posten erkl\u00e4rt, sie wolle als einende Kraft allen 193 Mitgliedstaaten dienen und wolle das gr\u00f6\u00dfte Gremium der Vereinten Nationen als glaubw\u00fcrdige Br\u00fcckenbauerin f\u00fchren. Als Schwerpunkte nannte sie das Erreichen der Nachhaltigkeitsziele, den Kampf gegen die Klimakrise sowie die Gleichstellung der Geschlechter.<\/p>\n<p>Mit der Amts\u00fcbernahme werde Baerbock ihr Bundestagsmandat niederlegen, hei\u00dft es aus Regierungskreisen. Mit der Kandidatur unterstreiche Deutschland sein starkes Bekenntnis zu den Vereinten Nationen.<\/p>\n<p>Urspr\u00fcnglich war f\u00fcr das Amt die deutsche Top-Diplomatin Helga Schmid vorgesehen, die auch von Russland akzeptiert war. Baerbock wurde f\u00fcr ihre sp\u00e4te Kandidatur nach der verlorenen Bundestagswahl kritisiert.<\/p>\n<p>Diese Nachricht wurde am 02.06.2025 im Programm Deutschlandfunk gesendet.<\/p>\n","protected":false},"excerpt":{"rendered":"Die Gr\u00fcnen-Politikerin Annalena Baerbock (Archivfoto vom Februar 2025). (S\u00f6ren Stache\/dpa) Russland und einige Kreml-freundliche Staaten hatten sich allerdings&hellip;\n","protected":false},"author":2,"featured_media":159328,"comment_status":"","ping_status":"","sticky":false,"template":"","format":"standard","meta":{"footnotes":""},"categories":[3],"tags":[13,14,15,12,10,8,9,11,103,104],"class_list":{"0":"post-159327","1":"post","2":"type-post","3":"status-publish","4":"format-standard","5":"has-post-thumbnail","7":"category-welt","8":"tag-headlines","9":"tag-nachrichten","10":"tag-news","11":"tag-schlagzeilen","12":"tag-top-news","13":"tag-top-meldungen","14":"tag-topmeldungen","15":"tag-topnews","16":"tag-welt","17":"tag-world"},"share_on_mastodon":{"url":"https:\/\/pubeurope.com\/@de\/114613987273038620","error":""},"_links":{"self":[{"href":"https:\/\/www.europesays.com\/de\/wp-json\/wp\/v2\/posts\/159327","targetHints":{"allow":["GET"]}}],"collection":[{"href":"https:\/\/www.europesays.com\/de\/wp-json\/wp\/v2\/posts"}],"about":[{"href":"https:\/\/www.europesays.com\/de\/wp-json\/wp\/v2\/types\/post"}],"author":[{"embeddable":true,"href":"https:\/\/www.europesays.com\/de\/wp-json\/wp\/v2\/users\/2"}],"replies":[{"embeddable":true,"href":"https:\/\/www.europesays.com\/de\/wp-json\/wp\/v2\/comments?post=159327"}],"version-history":[{"count":0,"href":"https:\/\/www.europesays.com\/de\/wp-json\/wp\/v2\/posts\/159327\/revisions"}],"wp:featuredmedia":[{"embeddable":true,"href":"https:\/\/www.europesays.com\/de\/wp-json\/wp\/v2\/media\/159328"}],"wp:attachment":[{"href":"https:\/\/www.europesays.com\/de\/wp-json\/wp\/v2\/media?parent=159327"}],"wp:term":[{"taxonomy":"category","embeddable":true,"href":"https:\/\/www.europesays.com\/de\/wp-json\/wp\/v2\/categories?post=159327"},{"taxonomy":"post_tag","embeddable":true,"href":"https:\/\/www.europesays.com\/de\/wp-json\/wp\/v2\/tags?post=159327"}],"curies":[{"name":"wp","href":"https:\/\/api.w.org\/{rel}","templated":true}]}}