{"id":159412,"date":"2025-06-02T14:08:14","date_gmt":"2025-06-02T14:08:14","guid":{"rendered":"https:\/\/www.europesays.com\/de\/159412\/"},"modified":"2025-06-02T14:08:14","modified_gmt":"2025-06-02T14:08:14","slug":"tiefkuehlprodukt-wegen-salmonellengefahr-nicht-essen","status":"publish","type":"post","link":"https:\/\/www.europesays.com\/de\/159412\/","title":{"rendered":"Tiefk\u00fchlprodukt wegen Salmonellengefahr nicht essen!"},"content":{"rendered":"<p>\t\tR\u00fcckruf bei Norma<br \/>\n\t\t\t\t\tTiefk\u00fchlprodukt wegen Salmonellengefahr nicht mehr verzehren<\/p>\n<p>\t\t<img alt=\"\" src=\"https:\/\/www.europesays.com\/de\/wp-content\/uploads\/2025\/06\/AnnaLenjaHartfiel-Autorenbild.png\"  class=\"avatar avatar-36 photo avatar-default\" height=\"36\" width=\"36\" loading=\"lazy\" decoding=\"async\"\/>\t\t<a class=\"article-author__name\" href=\"https:\/\/www.ruhrnachrichten.de\/author\/anna-lenja-hartfiel\/\" rel=\"author noopener\" target=\"_blank\">Anna Lenja Hartfiel<\/a><br \/>\n\t\tTeam Lead SEO<\/p>\n<p>\t02.06.2025 15:31 Uhr<\/p>\n<p>\t\tTeilen<\/p>\n<p>\n\tIn Merkliste \u00fcbernehmen\n<\/p>\n<p>    <a href=\"https:\/\/www.ruhrnachrichten.de\/wp-content\/uploads\/2025\/06\/02\/13\/630_0900_4760203_norma_rueckrufaktion_tiefkuehl_taler_dp-1648x824.jpg\" target=\"_blank\" rel=\"noopener\"><\/p>\n<p>            <img decoding=\"async\" fetchpriority=\"high\" src=\"https:\/\/www.europesays.com\/de\/wp-content\/uploads\/2025\/06\/630_0900_4760202_norma_rueckrufaktion_tiefkuehl_taler_dp-640x428.jpg\" width=\"640\" height=\"428\"  alt=\"Einkaufswagen des Lebensmitteldiscounters Norma vor einer Filiale.\"\/><\/p>\n<p>    <\/a><br \/>\n    Norma ruft aktuell ein beliebtes Tiefk\u00fchlprodukt wegen Salmonellengefahr zur\u00fcck. \u00a9 picture alliance \/ dpa<\/p>\n<p class=\"article__teaser-text\">R\u00fcckruf bei Norma: Kunden sollen Blumenkohl-K\u00e4se-Taler nicht verzehren \u2013 R\u00fcckgabe ohne Bon m\u00f6glich.<\/p>\n<p>1 Min Lesezeit<\/p>\n<p>Tiefgek\u00fchlte vegetarische Fertigprodukte erfreuen sich gro\u00dfer Beliebtheit, insbesondere in der schnellen K\u00fcche f\u00fcr zu Hause. Ein aktuelles Produkt aus dem Tiefk\u00fchlregal von Norma muss nun jedoch aus dem Handel genommen werden: Die Weinbergmaier GmbH ruft vorsorglich die \u201eSt. Alpine \u00d6sterreichische Blumenkohl-K\u00e4se-Taler\u201c zur\u00fcck. Grund ist eine m\u00f6gliche Verunreinigung mit Salmonellen. Die <a target=\"_blank\" href=\"https:\/\/www.ruhrnachrichten.de\/rueckrufaktion\/\" data-imported=\"1\" rel=\"noopener\">R\u00fcckrufaktion<\/a> betrifft mehrere Bundesl\u00e4nder.<\/p>\n<p>M\u00f6glicher Salmonellenbefall als Ausl\u00f6ser des R\u00fcckrufs<\/p>\n<p>Wie das Unternehmen mitteilt, kann nicht ausgeschlossen werden, dass sich Salmonellen in dem betroffenen Produkt befinden. Ein Verzehr k\u00f6nnte zu ernsthaften gesundheitlichen Beschwerden wie Durchfall, Bauchschmerzen und Erbrechen f\u00fchren. Besonders Kleinkinder, Senioren und immungeschw\u00e4chte Personen sind gef\u00e4hrdet.<\/p>\n<p>\t\t<a href=\"https:\/\/www.ruhrnachrichten.de\/service\/rueckruf-aldi-sued-raclette-kaese-gourmet-lustenberger-duerst-listerien-fieber-uebelkeit-w1030479-2001653059\/\" rel=\"nofollow noopener\" aria-hidden=\"true\" tabindex=\"-1\" target=\"_blank\"><\/p>\n<p>                <img decoding=\"async\" src=\"https:\/\/www.europesays.com\/de\/wp-content\/uploads\/2025\/06\/630_0900_4699780_Kaese_Rueckruf-160x160.jpg\"  width=\"160\" height=\"160\" alt=\"\" loading=\"lazy\"\/><\/p>\n<p>\t\t<\/a><\/p>\n<p>Norma-R\u00fcckruf: Diese Produktdaten sind betroffen<\/p>\n<p>Vom R\u00fcckruf betroffen ist folgendes Produkt:<\/p>\n<ul strstyle=\"disc\">\n<li><strong>Produktname<\/strong>: St. Alpine \u00d6sterreichische Blumenkohl-K\u00e4se-Taler<\/li>\n<li><strong>Hersteller<\/strong>: Weinbergmaier GmbH<\/li>\n<li><strong>Inhalt<\/strong>: 300g, tiefgefroren<\/li>\n<li><strong>Mindesthaltbarkeitsdatum<\/strong>: alle MHD<\/li>\n<li><strong>Verkaufsstellen<\/strong>: Norma-Filialen in Baden-W\u00fcrttemberg, Bayern, Nordrhein-Westfalen, Rheinland-Pfalz<\/li>\n<\/ul>\n<p><img decoding=\"async\" width=\"1024\" height=\"682\" loading=\"lazy\" src=\"https:\/\/www.europesays.com\/de\/wp-content\/uploads\/2025\/06\/630_0900_4760453_norma_blumenkohl_kaese_taler_rueckruf-1024x682.jpg\" alt=\"Produktabbildung Blumenkohl K\u00e4se Taler von Norma\" class=\"wp-image-2001680445\" title=\"Produktabbildung Blumenkohl K\u00e4se Taler von Norma\"  \/>Norma ruft aktuell ein beliebtes Tiefk\u00fchlprodukt zur\u00fcck.\u00a9 Weinbergmaier GmbH<\/p>\n<p>Hinweis zur R\u00fcckgabe und Erstattung<\/p>\n<p>Kunden, die das Produkt gekauft haben, sollten es keinesfalls verzehren. Es kann in jeder Norma-Filiale zur\u00fcckgegeben werden. Auch ohne Vorlage des Kassenbons wird der Kaufpreis erstattet.<\/p>\n<p>\t\t<a href=\"https:\/\/www.ruhrnachrichten.de\/service\/rueckrufkation-edeka-rewe-fremdkoerper-wurst-gesundheitsgefahr-lyoner-jagdwurst-w1036274-2001669273\/\" rel=\"nofollow noopener\" aria-hidden=\"true\" tabindex=\"-1\" target=\"_blank\"><\/p>\n<p>                <img decoding=\"async\" src=\"https:\/\/www.europesays.com\/de\/wp-content\/uploads\/2025\/06\/630_0900_4736739_Lyoner-160x160.jpg\"  width=\"160\" height=\"160\" alt=\"\" loading=\"lazy\"\/><\/p>\n<p>\t\t<\/a><\/p>\n<p>Weitere aktuelle R\u00fcckrufe im \u00dcberblick<\/p>\n<p>Immer wieder kommt es zu Produktr\u00fcckrufen aus Gr\u00fcnden der Lebensmittelsicherheit. Eine \u00dcbersicht aktueller R\u00fcckrufe finden Sie hier:<\/p>\n<p>\n\t<a href=\"https:\/\/www.ruhrnachrichten.de\" class=\"button button--brand button--link home-button\" target=\"_blank\" rel=\"noopener\">Zur Startseite<\/a><\/p>\n","protected":false},"excerpt":{"rendered":"R\u00fcckruf bei Norma Tiefk\u00fchlprodukt wegen Salmonellengefahr nicht mehr verzehren Anna Lenja Hartfiel Team Lead SEO 02.06.2025 15:31 Uhr&hellip;\n","protected":false},"author":2,"featured_media":159413,"comment_status":"","ping_status":"","sticky":false,"template":"","format":"standard","meta":{"footnotes":""},"categories":[1834],"tags":[3364,29,3688,30,1209,37250,625],"class_list":{"0":"post-159412","1":"post","2":"type-post","3":"status-publish","4":"format-standard","5":"has-post-thumbnail","7":"category-essen","8":"tag-de","9":"tag-deutschland","10":"tag-essen","11":"tag-germany","12":"tag-nordrhein-westfalen","13":"tag-rueckrufaktion","14":"tag-verbraucher"},"share_on_mastodon":{"url":"https:\/\/pubeurope.com\/@de\/114614167599777604","error":""},"_links":{"self":[{"href":"https:\/\/www.europesays.com\/de\/wp-json\/wp\/v2\/posts\/159412","targetHints":{"allow":["GET"]}}],"collection":[{"href":"https:\/\/www.europesays.com\/de\/wp-json\/wp\/v2\/posts"}],"about":[{"href":"https:\/\/www.europesays.com\/de\/wp-json\/wp\/v2\/types\/post"}],"author":[{"embeddable":true,"href":"https:\/\/www.europesays.com\/de\/wp-json\/wp\/v2\/users\/2"}],"replies":[{"embeddable":true,"href":"https:\/\/www.europesays.com\/de\/wp-json\/wp\/v2\/comments?post=159412"}],"version-history":[{"count":0,"href":"https:\/\/www.europesays.com\/de\/wp-json\/wp\/v2\/posts\/159412\/revisions"}],"wp:featuredmedia":[{"embeddable":true,"href":"https:\/\/www.europesays.com\/de\/wp-json\/wp\/v2\/media\/159413"}],"wp:attachment":[{"href":"https:\/\/www.europesays.com\/de\/wp-json\/wp\/v2\/media?parent=159412"}],"wp:term":[{"taxonomy":"category","embeddable":true,"href":"https:\/\/www.europesays.com\/de\/wp-json\/wp\/v2\/categories?post=159412"},{"taxonomy":"post_tag","embeddable":true,"href":"https:\/\/www.europesays.com\/de\/wp-json\/wp\/v2\/tags?post=159412"}],"curies":[{"name":"wp","href":"https:\/\/api.w.org\/{rel}","templated":true}]}}