{"id":159414,"date":"2025-06-02T14:09:15","date_gmt":"2025-06-02T14:09:15","guid":{"rendered":"https:\/\/www.europesays.com\/de\/159414\/"},"modified":"2025-06-02T14:09:15","modified_gmt":"2025-06-02T14:09:15","slug":"re7-faehrt-wieder-durch-unna-und-holzwickede","status":"publish","type":"post","link":"https:\/\/www.europesays.com\/de\/159414\/","title":{"rendered":"RE7 f\u00e4hrt wieder durch Unna und Holzwickede"},"content":{"rendered":"<p>\t\tBauarbeiten abgeschlossen<br \/>\n\t\t\t\t\tRE7 f\u00e4hrt wieder durch Unna und Holzwickede \u2013 mit Einschr\u00e4nkungen<\/p>\n<p>\t\t\t\t<a class=\"article-author__name\" href=\"https:\/\/www.hellwegeranzeiger.de\/author\/jan-moorkamp\/\" rel=\"author nofollow noopener\" target=\"_blank\">Jan Moorkamp<\/a><br \/>\n\t\tFreier Mitarbeiter<\/p>\n<p>\t02.06.2025 15:00 Uhr<\/p>\n<p>\t\tTeilen<\/p>\n<p>\n\tIn Merkliste \u00fcbernehmen\n<\/p>\n<p>    <a href=\"https:\/\/www.hellwegeranzeiger.de\/wp-content\/uploads\/2025\/06\/02\/12\/630_0900_4760121_0107sh_bahn3_rs_jpg-1648x824.jpg\" rel=\"nofollow noopener\" target=\"_blank\"><\/p>\n<p>            <img decoding=\"async\" fetchpriority=\"high\" src=\"https:\/\/www.europesays.com\/de\/wp-content\/uploads\/2025\/06\/630_0900_4760120_0107sh_bahn3_rs_jpg-640x428.jpg\" width=\"640\" height=\"428\"  alt=\"Ein Zug steht im Bahnhof.\"\/><\/p>\n<p>    <\/a><br \/>\n    Wegen Bauarbeiten mussten Bahnreisende in Holzwickede und Unna rund vier Wochen auf die Linie RE7 verzichten. \u00a9 Reinhard Schmitz<\/p>\n<p class=\"article__teaser-text\">Rund vier Wochen mussten Fahrg\u00e4ste in Holzwickede und Unna auf den RE7 verzichten. Nun f\u00e4hrt der Regional-Express wieder, allerdings mit Einschr\u00e4nkungen.<\/p>\n<p>1 Min Lesezeit<\/p>\n<p>Wer mit dem Zug von <a href=\"https:\/\/www.hellwegeranzeiger.de\/holzwickede\/\" data-imported=\"1\" rel=\"nofollow noopener\" target=\"_blank\">Holzwickede<\/a> in Richtung Rheine oder Krefeld reisen wollte, musste <a href=\"https:\/\/www.hellwegeranzeiger.de\/unna\/vierwoechige-baustelle-zugverkehr-re7-re13-rb59-ausfaelle-unna-holzwickede-db-w1022675-1001374311\/\" data-imported=\"1\" rel=\"nofollow noopener\" target=\"_blank\">in den vergangenen vier Wochen<\/a> einiges an Aufwand auf sich nehmen. Entweder mussten Zugreisende auf einen alternativen Bahnhof ausweichen oder sie nutzten das Angebot des Schienenersatzverkehrs.<\/p>\n<p>Grund daf\u00fcr waren Bauarbeiten. Die sorgten in der Folge daf\u00fcr, dass die Strecke zwischen Schwerte und B\u00f6nen gesperrt war. Konkret galten die Einschr\u00e4nkungen f\u00fcr den Zeitraum vom 25. April bis zum 23. Mai.<\/p>\n<p>RE7 f\u00e4hrt wieder \u2013 mit Einschr\u00e4nkung<\/p>\n<p>F\u00fcr Bahnreisende gibt es nun gute Neuigkeiten: Der RE7 hat seinen Regelbetrieb weitestgehend wieder aufgenommen. Die Linie f\u00e4hrt wieder st\u00fcndlich und bringt die Fahrg\u00e4ste von Holzwickede sowohl in Richtung Rheine als auch in Richtung Krefeld.<\/p>\n<p>Eine Einschr\u00e4nkung gibt es aber dennoch: Aufgrund der aktuellen Personalsituation besteht auf der Linie RE7 ein reduzierter Fahrplan. Davon betroffen sind die Z\u00fcge, die nach 21 Uhr fahren. <\/p>\n<p>So f\u00e4hrt der letzte Regional-Express in Holzwickede aktuell schon um 20.38 Uhr. Dieser reduzierte Fahrplan soll laut Informationen des National Express bis zum 5. September 2025 andauern.<\/p>\n<p>\n\t<a href=\"https:\/\/www.hellwegeranzeiger.de\" class=\"button button--brand button--link home-button\" rel=\"nofollow noopener\" target=\"_blank\">Zur Startseite<\/a><\/p>\n","protected":false},"excerpt":{"rendered":"Bauarbeiten abgeschlossen RE7 f\u00e4hrt wieder durch Unna und Holzwickede \u2013 mit Einschr\u00e4nkungen Jan Moorkamp Freier Mitarbeiter 02.06.2025 15:00&hellip;\n","protected":false},"author":2,"featured_media":159415,"comment_status":"","ping_status":"","sticky":false,"template":"","format":"standard","meta":{"footnotes":""},"categories":[1833],"tags":[2227,3364,29,217,30,1209,3587],"class_list":{"0":"post-159414","1":"post","2":"type-post","3":"status-publish","4":"format-standard","5":"has-post-thumbnail","7":"category-dortmund","8":"tag-bahnverkehr","9":"tag-de","10":"tag-deutschland","11":"tag-dortmund","12":"tag-germany","13":"tag-nordrhein-westfalen","14":"tag-verkehr-mobilitaet"},"share_on_mastodon":{"url":"https:\/\/pubeurope.com\/@de\/114614171407440908","error":""},"_links":{"self":[{"href":"https:\/\/www.europesays.com\/de\/wp-json\/wp\/v2\/posts\/159414","targetHints":{"allow":["GET"]}}],"collection":[{"href":"https:\/\/www.europesays.com\/de\/wp-json\/wp\/v2\/posts"}],"about":[{"href":"https:\/\/www.europesays.com\/de\/wp-json\/wp\/v2\/types\/post"}],"author":[{"embeddable":true,"href":"https:\/\/www.europesays.com\/de\/wp-json\/wp\/v2\/users\/2"}],"replies":[{"embeddable":true,"href":"https:\/\/www.europesays.com\/de\/wp-json\/wp\/v2\/comments?post=159414"}],"version-history":[{"count":0,"href":"https:\/\/www.europesays.com\/de\/wp-json\/wp\/v2\/posts\/159414\/revisions"}],"wp:featuredmedia":[{"embeddable":true,"href":"https:\/\/www.europesays.com\/de\/wp-json\/wp\/v2\/media\/159415"}],"wp:attachment":[{"href":"https:\/\/www.europesays.com\/de\/wp-json\/wp\/v2\/media?parent=159414"}],"wp:term":[{"taxonomy":"category","embeddable":true,"href":"https:\/\/www.europesays.com\/de\/wp-json\/wp\/v2\/categories?post=159414"},{"taxonomy":"post_tag","embeddable":true,"href":"https:\/\/www.europesays.com\/de\/wp-json\/wp\/v2\/tags?post=159414"}],"curies":[{"name":"wp","href":"https:\/\/api.w.org\/{rel}","templated":true}]}}