{"id":159418,"date":"2025-06-02T14:11:09","date_gmt":"2025-06-02T14:11:09","guid":{"rendered":"https:\/\/www.europesays.com\/de\/159418\/"},"modified":"2025-06-02T14:11:09","modified_gmt":"2025-06-02T14:11:09","slug":"wgt-fans-mit-zylinder-6-spannende-fakten-ueber-steampunk","status":"publish","type":"post","link":"https:\/\/www.europesays.com\/de\/159418\/","title":{"rendered":"WGT Fans mit Zylinder: 6 spannende Fakten \u00fcber Steampunk"},"content":{"rendered":"<p>2) <strong>Schriftsteller Jules Verne als Urvater<\/strong><\/p>\n<p class=\"text\">\nSteampunk wird zwar oft in Verbindung zur Gothic-Szene gebracht, doch anders als bei den meisten Str\u00f6mungen der schwarzen Szene basiert Steampunk nicht auf einem Musikgenre, sondern hat seine Urspr\u00fcnge in der Literatur. Verr\u00fcckte und waghalsige Erfindungen im viktorianischen Look findet man vielfach in den Romanen des franz\u00f6sischen Schriftstellers Jules Verne. Von seinen Welten inspirierte Outfits, Accessoires und Apparaturen lassen sich deshalb immer wieder in der Szene entdecken. Ebenso ist H.G. Wells zu nennen, der auch als Vater des Science-Fiction bezeichnet wird, seine Motive tauchen ebenfalls h\u00e4ufig in der Szene auf.\n<\/p>\n<p>3) <strong>Retro-Futurismus: Aus dem 19. Jahrhundert in die Zukunft sehen<\/strong><\/p>\n<p class=\"text\">\nDem Steampunk liegen Zukunftsvisionen aus der Perspektive des 19. Jahrhunderts zugrunde. Man stellt sich vor, wie moderne Erfindungen mit Technik der Vergangenheit aussehen und funktionieren k\u00f6nnten. Im klassischen Steampunk werden die Funktionsweisen der Technik bewusst sichtbar gemacht. \u2013 Damit geh\u00f6rt Steampunk zum sogenannten Retro-Futurismus, also Vorstellungen von der Zukunft, wie sie Menschen in der Vergangenheit hatten. Dabei geht es auch um gesellschaftliche Visionen, zum Beispiel Themen wie das Spannungsfeld zwischen Mensch und Maschine oder den Alltag in einer zunehmend technisierten Welt.\n<\/p>\n<p>4) Facettenreich: <strong>Steampunk, Cattlepunk, Atompunk<\/strong><\/p>\n<p class=\"text\">\nSteampunk ist ein Oberbegriff, der eine Vielzahl von Subgenres zusammenfasst. Eine Variante ist zum Beispiel der Cattlepunk. Hier wird die Steampunk-\u00c4sthetik in den Wilden Westen verlagert \u2013 wunderbar zu sehen in dem Film &#8222;Wild Wild West&#8220; mit Will Smith.\n<\/p>\n<p class=\"text\">\nEin weiteres Subgenre, das man sich filmisch umgesetzt anschauen kann, ist die auf einer Videospielreihe basierende Serie &#8222;Fallout&#8220;. Sie zeigt die vergleichsweise reduzierte Aufmachung des sogenannten Atompunk, das Subgenre tauscht die \u00fcblichen Dampfmaschinen gegen Atomtechnik. Auch Filmgr\u00f6\u00dfen wie Martin Scorsese und Peter Jackson arbeiteten in Filmen wie &#8222;Hugo Cabret&#8220; (Clockpunk) und &#8222;Mortal Engines&#8220; (Post-apocalyptic Steampunk) mit Steampunk-Varianten.\n<\/p>\n<p>5) <strong>Markanter Stil, der Erfindergeist zeigt<\/strong><\/p>\n<p class=\"text\">\nDie Fans des Steampunk sind auf Conventions und Festivals wie dem <a href=\"https:\/\/www.mdr.de\/kultur\/wgt\/wave-gotik-treffen-pfingsten-106.html\" title=\"WGT 2025 Leipzig: Alle Infos zum Wave-Gotik-Treffen\" rel=\"nofollow noopener\" target=\"_blank\">WGT<\/a> anzutreffen und erkennbar an ihrem markanten Stil. Typische Elemente ihrer aufwendig gestalteten Outfits sind Schutzbrillen, Zahnr\u00e4der, Gold- und Sepiat\u00f6ne sowie Kopfbedeckungen wie Zylinder oder Fliegerhauben. Der klassische Steampunk greift auf viktorianische Silhouetten zur\u00fcck, doch die kreative Freiheit kennt keine Grenzen, solange der Erfindergeist durch die aufw\u00e4ndigen Looks schimmert.\n<\/p>\n<p>6) <strong>Gelebte DIY-Kultur<\/strong><\/p>\n<p class=\"text\">\nSteampunk zu sein hei\u00dft, die Faszination f\u00fcr eine fiktive Welt aus futuristischen und historischen Elementen bis ins Detail zu leben. Bekleidung, Accessoires und Apparaturen sind liebevoll und meist unglaublich detailreich handgemacht. \u00dcber Monate hinweg wird konzipiert, gen\u00e4ht, verziert und gebaut, bis die Visionen umgesetzt sind. Das Entwickeln gemeinsamer Ideen, das Gestalten und Probieren verbindet und sorgt f\u00fcr ein starkes Gemeinschaftsgef\u00fchl in der Szene.\n<\/p>\n<p class=\"text\">\nQuelle: MDR KULTUR-Eigenrecherche, Redaktionelle Bearbeitung: Sabine Neumann-Queck, ks<\/p>\n","protected":false},"excerpt":{"rendered":"2) Schriftsteller Jules Verne als Urvater Steampunk wird zwar oft in Verbindung zur Gothic-Szene gebracht, doch anders als&hellip;\n","protected":false},"author":2,"featured_media":159419,"comment_status":"","ping_status":"","sticky":false,"template":"","format":"standard","meta":{"footnotes":""},"categories":[1832],"tags":[86,96,55720,3364,29,89,98,92,30,99,42060,55721,95,87,88,91,80,84,90,71,100,101,93,81,85,82,97,17698,83,859,55719,94,20070,3449],"class_list":{"0":"post-159418","1":"post","2":"type-post","3":"status-publish","4":"format-standard","5":"has-post-thumbnail","7":"category-leipzig","8":"tag-artour","9":"tag-buehne","10":"tag-cyberpunk","11":"tag-de","12":"tag-deutschland","13":"tag-erlebnis-musik","14":"tag-feature","15":"tag-film","16":"tag-germany","17":"tag-hoerspiele","18":"tag-industrialisierung","19":"tag-jules-verne","20":"tag-kino","21":"tag-kino-royal","22":"tag-kinoroyal","23":"tag-klassik","24":"tag-kultur","25":"tag-kulturfernsehen","26":"tag-lebenslaeufe","27":"tag-leipzig","28":"tag-lesezeit","29":"tag-lesung","30":"tag-literatur","31":"tag-mdr","32":"tag-mdr-figaro","33":"tag-mdr-kultur","34":"tag-oper","35":"tag-outfit","36":"tag-radio","37":"tag-sachsen","38":"tag-steampunk","39":"tag-theater","40":"tag-wave-gotik-treffen","41":"tag-wgt"},"share_on_mastodon":{"url":"https:\/\/pubeurope.com\/@de\/114614179293276923","error":""},"_links":{"self":[{"href":"https:\/\/www.europesays.com\/de\/wp-json\/wp\/v2\/posts\/159418","targetHints":{"allow":["GET"]}}],"collection":[{"href":"https:\/\/www.europesays.com\/de\/wp-json\/wp\/v2\/posts"}],"about":[{"href":"https:\/\/www.europesays.com\/de\/wp-json\/wp\/v2\/types\/post"}],"author":[{"embeddable":true,"href":"https:\/\/www.europesays.com\/de\/wp-json\/wp\/v2\/users\/2"}],"replies":[{"embeddable":true,"href":"https:\/\/www.europesays.com\/de\/wp-json\/wp\/v2\/comments?post=159418"}],"version-history":[{"count":0,"href":"https:\/\/www.europesays.com\/de\/wp-json\/wp\/v2\/posts\/159418\/revisions"}],"wp:featuredmedia":[{"embeddable":true,"href":"https:\/\/www.europesays.com\/de\/wp-json\/wp\/v2\/media\/159419"}],"wp:attachment":[{"href":"https:\/\/www.europesays.com\/de\/wp-json\/wp\/v2\/media?parent=159418"}],"wp:term":[{"taxonomy":"category","embeddable":true,"href":"https:\/\/www.europesays.com\/de\/wp-json\/wp\/v2\/categories?post=159418"},{"taxonomy":"post_tag","embeddable":true,"href":"https:\/\/www.europesays.com\/de\/wp-json\/wp\/v2\/tags?post=159418"}],"curies":[{"name":"wp","href":"https:\/\/api.w.org\/{rel}","templated":true}]}}