{"id":159424,"date":"2025-06-02T14:14:09","date_gmt":"2025-06-02T14:14:09","guid":{"rendered":"https:\/\/www.europesays.com\/de\/159424\/"},"modified":"2025-06-02T14:14:09","modified_gmt":"2025-06-02T14:14:09","slug":"duesseldorf-entenrennen-auf-der-itter","status":"publish","type":"post","link":"https:\/\/www.europesays.com\/de\/159424\/","title":{"rendered":"D\u00fcsseldorf: Entenrennen auf der Itter"},"content":{"rendered":"<p class=\"text_ohne_einzug richtext text-em-55 !leading-serif mx-6 desktop:mx-0\"> \u201eDrei, zwei, eins, los!\u201c Mit Schwung landet das Starterfeld von der Br\u00fccke am Torhaus von <a href=\"https:\/\/rp-online.de\/thema\/schloss-benrath\/\" rel=\"nofollow noopener\" target=\"_blank\">Schloss Benrath<\/a> im Itterbach. Ab jetzt sind die Badeenten auf sich selbst gestellt, um ins einen knappen Kilometer entfernte Ziel zu kommen. Den Zieldurchlauf werden alle schaffen, das ist Ehrensache. Dass keine Ente beim gro\u00dfen Rennen auf der Strecke schlapp macht, daf\u00fcr sorgen Max und Levin. Die waten hinter dem schwimmenden Pulk her durchs knietiefe Wasser, schieben mal hier an, drehen mal dort eine Ente wieder in die aufrechte Position.<\/p>\n<p class=\"richtext text-em-55 !leading-serif mx-6 desktop:mx-0\">Am Rand stehen Schaulustige, die f\u00fcr ihre Favoriten die Daumen dr\u00fccken. So wie die der achtj\u00e4hrige Leon oder die sechsj\u00e4hrige Johanna, die im vorletzten Jahr mit ihrer Ente den ersten Preis \u2013 ein Kinderfahrrad \u2013 abger\u00e4umt hat.<\/p>\n<p class=\"richtext text-em-55 !leading-serif mx-6 desktop:mx-0\">Vor vier Jahren startete der Lions- Club D\u00fcsseldorf-Schloss Benrath gemeinsam mit dem Allgemeinen B\u00fcrgerverein Urdenbach (ABVU) und dem Verein Charity D\u00fcsseldorf-S\u00fcd dieses lustige Event, dessen Erl\u00f6s f\u00fcr einen guten Zweck bestimmt ist. \u201eDas Startgeld pro Ente betr\u00e4gt f\u00fcnf Euro. Auf diese Weise kamen 2024 insgesamt 10.000 Euro zusammen\u201c, bilanziert Julius Reiter vom Lions-Club.<\/p>\n<p class=\"richtext text-em-55 !leading-serif mx-6 desktop:mx-0\">Wie jedes wichtige Sportereignis hat auch das Entenrennen klare Regeln: Es gibt drei Durchl\u00e4ufe. Bei zweien d\u00fcrfen nur die Spielzeugenten ins Wasser, die vor Ort erworben wurden. Nicht auszudenken, wenn sich jede dahergeschwommene Ente einfach ins Feld mogeln w\u00fcrde. Schlie\u00dflich sollen ja alle die gleiche Chance haben.<\/p>\n<p class=\"richtext text-em-55 !leading-serif mx-6 desktop:mx-0\">Beim Kreativrennen ist erlaubt, was gef\u00e4llt. Dabei sind sowohl die schnellste als auch die sch\u00f6nste Ente preisverd\u00e4chtig. Mark Lucht und sein Sohn Paul (10) lieben es zu zaubern, \u201eDeshalb haben wir unsere Enten wie kleine Zauberer gestaltet\u201c, verr\u00e4t der stolze Papa. Ob sie eine Chance haben? \u201eAbwarten. Im vergangenen Jahr waren wir weit abgeschlagen, aber diesmal rocken wir das\u201c, motiviert Mark sich und den zehnj\u00e4hrigen Filius.<\/p>\n<p class=\"richtext text-em-55 !leading-serif mx-6 desktop:mx-0\">Sascha, Stefan und David sind da schon einen Schritt weiter. Die drei Urdenbacher waren bereits bei der ersten Auflage vor vier Jahren am Start. F\u00fcr ihre Ente haben sie ordentlich Hirnschmalz investiert, diskutiert und schlie\u00dflich gebastelt. Das Ergebnis ist eine Schwimmente auf Kufen. Daf\u00fcr haben die drei PET-Flaschen zweckentfremdet. Nur leider muss das gute St\u00fcck noch vor dem Start einen Boxenstopp einlegen, denn gerade eine dieser Kufen erlag der Erdanziehung und verabschiedete sich vom Rest der Konstruktion. \u201eNichts, was sich nicht mit Panzerband retten lie\u00dfe\u201c, stellt ein eilig herbeigerufener \u201eTechniker\u201c des Veranstalter-Teams mit Expertenblick fest.<\/p>\n<p class=\"richtext text-em-55 !leading-serif mx-6 desktop:mx-0\">Die Herren indes haben von dem Unfall ihrer Ente noch gar nichts mitbekommen, nehmen die Nachricht dann aber gelassen auf: \u201eDabeisein ist alles\u201c, findet Sascha. Und ein Hingucker sind die drei allemal, denn sie haben sich ins passende Outfit mit Entenaufdruck auf Hose, Shirt und Hut geworfen.<\/p>\n<p class=\"richtext text-em-55 !leading-serif mx-6 desktop:mx-0\">Gerade bringen Samanta (16) und Emily (9) gemeinsam mit den Eltern ihre Kreativenten in Position. Die Familie hat eine Krake, eine Schildkr\u00f6te und eine Rennschnecke gebastelt. \u201eIm Wesentlichen haben wir Pappmaschee verwendet. Die Tentakel der Krake sind aus mit Alu-Folie umwickeltem Zeitungspapier\u201c, erz\u00e4hlt Papa Marco und seine Frau Sonja verr\u00e4t: \u201eWir haben zu Hause schon mal eine Schwimmprobe gemacht, damit wir hier mit unseren Enten nicht untergehen.\u201c Auch wenn dabei sein alles ist, wollen alle schon, dass ihre Enten wenigstens das Ziel erreichen.<\/p>\n","protected":false},"excerpt":{"rendered":"\u201eDrei, zwei, eins, los!\u201c Mit Schwung landet das Starterfeld von der Br\u00fccke am Torhaus von Schloss Benrath im&hellip;\n","protected":false},"author":2,"featured_media":159425,"comment_status":"","ping_status":"","sticky":false,"template":"","format":"standard","meta":{"footnotes":""},"categories":[1831],"tags":[55734,12180,27585,5238,55733,3364,29,3405,24772,55737,5323,55735,30,55736,55738,48205,55732,1209,10818,13597,33714,55740,55739,13180],"class_list":{"0":"post-159424","1":"post","2":"type-post","3":"status-publish","4":"format-standard","5":"has-post-thumbnail","7":"category-duesseldorf","8":"tag-badeenten","9":"tag-benrath","10":"tag-benrather","11":"tag-club","12":"tag-dabeisein","13":"tag-de","14":"tag-deutschland","15":"tag-duesseldorf","16":"tag-ente","17":"tag-entenaufdruck","18":"tag-entenrennen","19":"tag-entenrennens","20":"tag-germany","21":"tag-kreativenten","22":"tag-kreativrennen","23":"tag-lions","24":"tag-lustige","25":"tag-nordrhein-westfalen","26":"tag-rennen","27":"tag-schloss","28":"tag-schlosspark","29":"tag-schwimmente","30":"tag-spielzeugenten","31":"tag-urdenbach"},"share_on_mastodon":{"url":"https:\/\/pubeurope.com\/@de\/114614191027713984","error":""},"_links":{"self":[{"href":"https:\/\/www.europesays.com\/de\/wp-json\/wp\/v2\/posts\/159424","targetHints":{"allow":["GET"]}}],"collection":[{"href":"https:\/\/www.europesays.com\/de\/wp-json\/wp\/v2\/posts"}],"about":[{"href":"https:\/\/www.europesays.com\/de\/wp-json\/wp\/v2\/types\/post"}],"author":[{"embeddable":true,"href":"https:\/\/www.europesays.com\/de\/wp-json\/wp\/v2\/users\/2"}],"replies":[{"embeddable":true,"href":"https:\/\/www.europesays.com\/de\/wp-json\/wp\/v2\/comments?post=159424"}],"version-history":[{"count":0,"href":"https:\/\/www.europesays.com\/de\/wp-json\/wp\/v2\/posts\/159424\/revisions"}],"wp:featuredmedia":[{"embeddable":true,"href":"https:\/\/www.europesays.com\/de\/wp-json\/wp\/v2\/media\/159425"}],"wp:attachment":[{"href":"https:\/\/www.europesays.com\/de\/wp-json\/wp\/v2\/media?parent=159424"}],"wp:term":[{"taxonomy":"category","embeddable":true,"href":"https:\/\/www.europesays.com\/de\/wp-json\/wp\/v2\/categories?post=159424"},{"taxonomy":"post_tag","embeddable":true,"href":"https:\/\/www.europesays.com\/de\/wp-json\/wp\/v2\/tags?post=159424"}],"curies":[{"name":"wp","href":"https:\/\/api.w.org\/{rel}","templated":true}]}}