{"id":159434,"date":"2025-06-02T14:19:09","date_gmt":"2025-06-02T14:19:09","guid":{"rendered":"https:\/\/www.europesays.com\/de\/159434\/"},"modified":"2025-06-02T14:19:09","modified_gmt":"2025-06-02T14:19:09","slug":"allianz-koelner-sport-trifft-sich-mit-oberbuergermeister-kandidaten-der-stadt-zum-gespraech","status":"publish","type":"post","link":"https:\/\/www.europesays.com\/de\/159434\/","title":{"rendered":"Allianz K\u00f6lner Sport trifft sich mit Oberb\u00fcrgermeister-Kandidaten der Stadt zum Gespr\u00e4ch"},"content":{"rendered":"<p>Am Mittwoch, den 04. Juni wird sich die Allianz K\u00f6lner Sport, zu welcher auch die K\u00f6lner Haie geh\u00f6ren, mit den drei K\u00f6lner OB-Kandidaten Torsten Burmester (SPD), Markus Greitemann (CDU) und Volker G\u00f6rzel (FDP) treffen, um \u00fcber gemeinsame L\u00f6sungen f\u00fcr den Sport in K\u00f6ln zu sprechen und diese zu suchen. Der Sport mit all seinen Akteuren und den allein 340.000 Vereinsmitgliedern ist wichtig f\u00fcr Stadt, Gemeinwohl und eine intakte Gesellschaft.<\/p>\n<p>Die f\u00fcr den Sport in K\u00f6ln Streichungen im Haushaltsplan f\u00fcr die Jahre 2025 und 2026 und die Perspektiven bis in die 2030er Jahre gef\u00e4hrden alles, wof\u00fcr der Sport in unserer Stadt steht \u2013 eine Stadt, die sich gerne Sportstadt nennt. Auch wenn die Politik nach den heftigen Protesten von StadtSportBund und Allianz K\u00f6lner Sport zumindest 1,2 Millionen Euro f\u00fcr die beiden Jahre nachsetzte, fehlen f\u00fcr den Doppelhaushalt noch immer 35 Millionen Euro an urspr\u00fcnglich avisierter und notwendiger Investitionssumme, besonders im Breiten-, Senioren- und Behindertensport.<\/p>\n<p>Die Folgen sind absehbar: Aus der \u201eSportstadt K\u00f6ln\u201c droht eine Sportw\u00fcste zu werden. Gerade jetzt, da sich die Mitgliederzahlen nach der Pandemie langsam erholen, droht dem Sport der finanzielle Knockout. Sollte es dabei bleiben, droht K\u00f6ln ein noch nie dagewesener Niedergang des Etiketts \u201eSportstadt\u201c zur Sportw\u00fcste. In diesen Szenarien werden sich die Sportvereine auf immer marodere Sportst\u00e4tten einstellen m\u00fcssen; auf gestrichene Betreuungsangebote bei Kindern, Jugendlichen und Senioren oder bei der F\u00f6rderung physischer und mentaler Gesundheit sowie der dringend notwendigen Vermittlung von Werten in unserer Gesellschaft.<\/p>\n<p>In vielen Nachbarst\u00e4dten ist der Sport l\u00e4ngst als zentrale kommunale Aufgabe anerkannt und wird entsprechend finanziell ausgestattet \u2013 warum nicht auch in K\u00f6ln? Sport und seine Implikationen werden dort also nicht nur gesch\u00e4tzt, sondern auch erkannt. <\/p>\n<p>\u00dcber den Ist-Zustand und m\u00f6gliche Auswege aus der Misere wird die Allianz K\u00f6lner Sport im ersten Schritt am kommenden Mittwoch (04. Juni) mit den drei OB-Kandidaten Torsten Burmester von der SPD, Markus Greitemann von der CDU und Volker G\u00f6rzel von der FDP reden, um gemeinsame L\u00f6sungen zu finden. <\/p>\n<p>Die Gespr\u00e4chsbereitschaft der Kandidaten wird zeigen, welchen Stellenwert der Sport k\u00fcnftig in unserer Stadt haben soll. F\u00fcr eine lebenswerte, gesunde und inklusive Stadtgesellschaft ist Sport keine K\u00fcr \u2013 sondern Pflicht. Weitere Schritte mit Politik und Verwaltung werden folgen. F\u00fcr den Sport liegen in dieser fatalen Lage alle Optionen auf dem Tisch.<\/p>\n","protected":false},"excerpt":{"rendered":"Am Mittwoch, den 04. Juni wird sich die Allianz K\u00f6lner Sport, zu welcher auch die K\u00f6lner Haie geh\u00f6ren,&hellip;\n","protected":false},"author":2,"featured_media":159435,"comment_status":"","ping_status":"","sticky":false,"template":"","format":"standard","meta":{"footnotes":""},"categories":[1828],"tags":[29,30,1420,1209,33018],"class_list":{"0":"post-159434","1":"post","2":"type-post","3":"status-publish","4":"format-standard","5":"has-post-thumbnail","7":"category-koeln","8":"tag-deutschland","9":"tag-germany","10":"tag-koeln","11":"tag-nordrhein-westfalen","12":"tag-saison-2025-2026"},"share_on_mastodon":{"url":"https:\/\/pubeurope.com\/@de\/114614210609906154","error":""},"_links":{"self":[{"href":"https:\/\/www.europesays.com\/de\/wp-json\/wp\/v2\/posts\/159434","targetHints":{"allow":["GET"]}}],"collection":[{"href":"https:\/\/www.europesays.com\/de\/wp-json\/wp\/v2\/posts"}],"about":[{"href":"https:\/\/www.europesays.com\/de\/wp-json\/wp\/v2\/types\/post"}],"author":[{"embeddable":true,"href":"https:\/\/www.europesays.com\/de\/wp-json\/wp\/v2\/users\/2"}],"replies":[{"embeddable":true,"href":"https:\/\/www.europesays.com\/de\/wp-json\/wp\/v2\/comments?post=159434"}],"version-history":[{"count":0,"href":"https:\/\/www.europesays.com\/de\/wp-json\/wp\/v2\/posts\/159434\/revisions"}],"wp:featuredmedia":[{"embeddable":true,"href":"https:\/\/www.europesays.com\/de\/wp-json\/wp\/v2\/media\/159435"}],"wp:attachment":[{"href":"https:\/\/www.europesays.com\/de\/wp-json\/wp\/v2\/media?parent=159434"}],"wp:term":[{"taxonomy":"category","embeddable":true,"href":"https:\/\/www.europesays.com\/de\/wp-json\/wp\/v2\/categories?post=159434"},{"taxonomy":"post_tag","embeddable":true,"href":"https:\/\/www.europesays.com\/de\/wp-json\/wp\/v2\/tags?post=159434"}],"curies":[{"name":"wp","href":"https:\/\/api.w.org\/{rel}","templated":true}]}}