{"id":159440,"date":"2025-06-02T14:22:09","date_gmt":"2025-06-02T14:22:09","guid":{"rendered":"https:\/\/www.europesays.com\/de\/159440\/"},"modified":"2025-06-02T14:22:09","modified_gmt":"2025-06-02T14:22:09","slug":"falschparker-in-muenchen-oedp-aktion-gegen-gehwegparken-in-laim-muenchen","status":"publish","type":"post","link":"https:\/\/www.europesays.com\/de\/159440\/","title":{"rendered":"Falschparker in M\u00fcnchen: \u00d6DP Aktion gegen Gehwegparken in Laim &#8211; M\u00fcnchen"},"content":{"rendered":"<p data-manual=\"paragraph\" data-schema-org-speakable=\"true\" class=\"css-1ylqqlw\">Das Thema birgt Z\u00fcndstoff: Seit Jahrzehnten parken in M\u00fcnchner Wohnvierteln Autofahrer mit zwei Reifen auf dem Gehsteig. Obwohl dies nicht erlaubt ist oder jemals war, wurde diese Praxis jahrzehntelang geduldet. Doch inzwischen wollen sich viele nicht l\u00e4nger damit abfinden, dass die B\u00fcrgersteige mancherorts kaum mehr nutzbar sind und fordern, dass die Beh\u00f6rden dagegen vorgehen.<\/p>\n<p data-manual=\"paragraph\" data-schema-org-speakable=\"true\" class=\"css-1ylqqlw\">Die Rathaus-\u00d6DP hat nun zu einer Aktion aufgerufen, bei der die falsch geparkten Autos im Stadtbezirk <a href=\"https:\/\/www.sueddeutsche.de\/thema\/Laim\" target=\"_blank\" rel=\"noopener\">Laim<\/a> erfasst werden sollen. Das betrifft nicht nur Gehwegparker, sondern auch Autos, die auf Gr\u00fcnstreifen, Radwegen oder zu nah an Kreuzungen abgestellt sind. \u201ePiccola Mappatura\u201c hei\u00dft die Aktion in Anlehnung an eine gro\u00dfe Autoz\u00e4hl-Aktion in Mailand 2024. An diesem Dienstagabend ziehen rund 30 Menschen, aufgeteilt in 15 Teams, durch den 25. Stadtbezirk und erfassen alle illegal abgestellten Autos nach Ort und Art des Falschparkens.<\/p>\n<p><a href=\"https:\/\/www.sueddeutsche.de\/muenchen\/gute-nachrichten-muenchen-whatsapp-kanal-sueddeutsche-zeitung-1.6315833\" aria-label=\"Artikelverlinkung:\" data-track-szde=\"{&quot;event&quot;:&quot;teaser_clicked&quot;,&quot;teaser_clicked&quot;:{&quot;article_title&quot;:&quot;gute_nachrichten_aus_muenchen_jetzt_auf_whatsapp_abonnieren&quot;,&quot;doctype&quot;:&quot;&quot;,&quot;label&quot;:&quot;&quot;,&quot;main_topic&quot;:&quot;muenchen&quot;,&quot;object_id&quot;:&quot;sz.1.6315833&quot;,&quot;pcat&quot;:&quot;free&quot;,&quot;section&quot;:&quot;muenchen&quot;,&quot;teaser_type&quot;:&quot;article_teaser_top&quot;}}\" data-manual=\"teaser-url\" data-tb-link=\"\" aria-labelledby=\"teaser-httpswwwsueddeutschedemuenchengute-nachrichten-muenchen-whatsapp-kanal-sueddeutsche-zeitung-16315833\" class=\"css-14tg8sh\" target=\"_blank\" rel=\"noopener\"><img decoding=\"async\" src=\"https:\/\/www.europesays.com\/de\/wp-content\/uploads\/2025\/06\/97c098fc-5b07-45f5-80e8-251184ccdd3f.jpeg\"   alt=\"\" loading=\"lazy\" class=\"css-8atqhb\"\/><\/p>\n<p>SZ Good News<\/p>\n<p>:Gute Nachrichten aus M\u00fcnchen \u2013 jetzt auf Whatsapp abonnieren<\/p>\n<p class=\"css-a6ecqs\" data-manual=\"teaser-text\" data-tb-description=\"\" data-schema-org-speakable=\"true\">Mehr positive Neuigkeiten im Alltag: Die S\u00fcddeutsche Zeitung verbreitet jeden Tag auf Whatsapp ausschlie\u00dflich sch\u00f6ne und heitere Nachrichten aus M\u00fcnchen und der Region. So k\u00f6nnen Sie ihn abonnieren.<\/p>\n<p data-manual=\"paragraph\" data-schema-org-speakable=\"true\" class=\"css-1ylqqlw\">Damit will die \u00d6DP die Debatte am Laufen halten und ihre Erkenntnisse an einem \u201erunden Tisch\u201c einbringen, an dem m\u00f6glichst die Polizei, das Kreisverwaltungsreferat (KVR) und das Mobilit\u00e4tsreferat teilnehmen, so die Vorstellung der \u00d6kopartei. Laut \u00d6DP-Stadtr\u00e4tin Sonja Haider geht es nicht darum, irgendjemanden anzuschw\u00e4rzen oder gar anzuzeigen, sondern das Bewusstsein daf\u00fcr zu sch\u00e4rfen, dass Gehwege eben f\u00fcr Fu\u00dfg\u00e4nger und Rollstuhlfahrer da sind.<\/p>\n<p data-manual=\"paragraph\" data-schema-org-speakable=\"true\" class=\"css-1ylqqlw\">Gerade f\u00fcr Letztere und andere Menschen mit eingeschr\u00e4nkter Mobilit\u00e4t ist es gef\u00e4hrlich, wenn sie wegen der geparkten Fahrzeuge auf die Fahrbahn ausweichen m\u00fcssen und so mit dem rollenden Verkehr in Konflikt kommen. Daran denken nicht viele, wenn sie ihren Wagen auf der Stra\u00dfe parken, auch wenn auf ihren Grundst\u00fccken Platz w\u00e4re. \u201eEs wird noch dauern, bis das in den K\u00f6pfen angekommen ist\u201c, sagt Haider.<\/p>\n<p>Selbst der Bund Naturschutz kritisiert die Polizei, als sie in Laim Dutzende Strafzettel verteilt<\/p>\n<p data-manual=\"paragraph\" data-schema-org-speakable=\"true\" class=\"css-1ylqqlw\">Gehwegparken ist haupts\u00e4chlich in den Gebieten ohne Parkraummanagement ein Problem. Nach Sch\u00e4tzungen des KVR sind Hunderte Anwohnerstra\u00dfen betroffen. Hier ist die Polizei f\u00fcr die Verkehrskontrollen zust\u00e4ndig, in den Lizenzgebieten kontrolliert die Kommunale Verkehrs\u00fcberwachung des KVR den ruhenden Verkehr.<\/p>\n<p data-manual=\"paragraph\" data-schema-org-speakable=\"true\" class=\"css-1ylqqlw\">In Laim hat die Polizei im M\u00e4rz durchgegriffen und in einem Wohngebiet Dutzende Strafzettel verteilt, sehr zum \u00c4rger der betroffenen Anwohner. Das war dem Stadtrat zu viel, die Mehrheit ist f\u00fcr ein behutsames Vorgehen und f\u00fcr eine Kommunikation mit den Anwohnern. Sogar der Bund Naturschutz kritisierte, dass Anwohner nicht vorgewarnt wurden.<\/p>\n<p data-manual=\"paragraph\" data-schema-org-speakable=\"true\" class=\"css-1ylqqlw\">Das Mobilit\u00e4tsreferat will sich nun etwas einfallen lassen, wie Anwohner Stellpl\u00e4tze auf privaten Fl\u00e4chen, in Garagen oder Tiefgaragen der \u00f6ffentlichen Hand finden k\u00f6nnen. Dann wird es darum gehen, dass die Autofahrer die Angebote auch nutzen, bevor die Polizei wieder massenhaft Kn\u00f6llchen verteilt.<\/p>\n","protected":false},"excerpt":{"rendered":"Das Thema birgt Z\u00fcndstoff: Seit Jahrzehnten parken in M\u00fcnchner Wohnvierteln Autofahrer mit zwei Reifen auf dem Gehsteig. Obwohl&hellip;\n","protected":false},"author":2,"featured_media":159441,"comment_status":"","ping_status":"","sticky":false,"template":"","format":"standard","meta":{"footnotes":""},"categories":[1827],"tags":[772,29,30,30912,1268,2813,2339,149,3232],"class_list":{"0":"post-159440","1":"post","2":"type-post","3":"status-publish","4":"format-standard","5":"has-post-thumbnail","7":"category-muenchen","8":"tag-bayern","9":"tag-deutschland","10":"tag-germany","11":"tag-laim","12":"tag-muenchen","13":"tag-muenchen-stadtteile","14":"tag-oberbayern","15":"tag-sueddeutsche-zeitung","16":"tag-verkehr-in-muenchen"},"share_on_mastodon":{"url":"https:\/\/pubeurope.com\/@de\/114614222489712420","error":""},"_links":{"self":[{"href":"https:\/\/www.europesays.com\/de\/wp-json\/wp\/v2\/posts\/159440","targetHints":{"allow":["GET"]}}],"collection":[{"href":"https:\/\/www.europesays.com\/de\/wp-json\/wp\/v2\/posts"}],"about":[{"href":"https:\/\/www.europesays.com\/de\/wp-json\/wp\/v2\/types\/post"}],"author":[{"embeddable":true,"href":"https:\/\/www.europesays.com\/de\/wp-json\/wp\/v2\/users\/2"}],"replies":[{"embeddable":true,"href":"https:\/\/www.europesays.com\/de\/wp-json\/wp\/v2\/comments?post=159440"}],"version-history":[{"count":0,"href":"https:\/\/www.europesays.com\/de\/wp-json\/wp\/v2\/posts\/159440\/revisions"}],"wp:featuredmedia":[{"embeddable":true,"href":"https:\/\/www.europesays.com\/de\/wp-json\/wp\/v2\/media\/159441"}],"wp:attachment":[{"href":"https:\/\/www.europesays.com\/de\/wp-json\/wp\/v2\/media?parent=159440"}],"wp:term":[{"taxonomy":"category","embeddable":true,"href":"https:\/\/www.europesays.com\/de\/wp-json\/wp\/v2\/categories?post=159440"},{"taxonomy":"post_tag","embeddable":true,"href":"https:\/\/www.europesays.com\/de\/wp-json\/wp\/v2\/tags?post=159440"}],"curies":[{"name":"wp","href":"https:\/\/api.w.org\/{rel}","templated":true}]}}