{"id":159515,"date":"2025-06-02T15:02:12","date_gmt":"2025-06-02T15:02:12","guid":{"rendered":"https:\/\/www.europesays.com\/de\/159515\/"},"modified":"2025-06-02T15:02:12","modified_gmt":"2025-06-02T15:02:12","slug":"die-stadt-wuppertal-will-schulen-erweitern-und-neue-sporthallen-bauen","status":"publish","type":"post","link":"https:\/\/www.europesays.com\/de\/159515\/","title":{"rendered":"Die Stadt Wuppertal will Schulen erweitern und neue Sporthallen bauen"},"content":{"rendered":"<p class=\"text_ohne_einzug richtext text-em-55 !leading-serif mx-6 desktop:mx-0\">Das ist eines der Ergebnisse des aktuellen Zwischenberichtes zur Schulentwicklungsplanung, der jetzt vorliegt.<\/p>\n<p class=\"richtext text-em-55 !leading-serif mx-6 desktop:mx-0\">Die Verwaltung m\u00f6chte deshalb pr\u00fcfen, ob sich an der <strong class=\"font-bold dark:text-white-solid\">Pina-Bausch-Gesamtschule in Vohwinke<\/strong>l und an der <strong class=\"font-bold dark:text-white-solid\">Friedrich-Bayer-Realschule im Schulzentrum S\u00fcd<\/strong> mehr Klassen eingerichtet werden k\u00f6nnen und ob es m\u00f6glich ist, daf\u00fcr die n\u00f6tigen R\u00e4ume zur Verf\u00fcgung zu stellen. Die Verwaltung ist bereits in Gespr\u00e4chen mit den Schulen und erbittet sich jetzt den Auftrag des Rates, die Erweiterung konkret zu pr\u00fcfen und zu planen.<\/p>\n<p class=\"richtext text-em-55 !leading-serif mx-6 desktop:mx-0\">In seiner Sitzung am 8. Juli wird dem Rat au\u00dferdem Vorgeschlagen, <strong class=\"font-bold dark:text-white-solid\">auf dem Gel\u00e4nde der ehemaligen Grundschule <\/strong><strong class=\"font-bold dark:text-white-solid\">Yorkstra\u00dfe<\/strong><strong class=\"font-bold dark:text-white-solid\"> eine Sporthalle zu bauen<\/strong>. Auch hier ist der Grund eine steigende Sch\u00fcler-Zahl. Im Rahmen der Sportentwicklungsplanung wurde festgestellt, dass in <strong class=\"font-bold dark:text-white-solid\">Vohwinkel 4,5 Sportanlagen fehlen<\/strong>. Jetzt soll zumindest eine weitere Halle entstehen.<\/p>\n<p class=\"text_ohne_einzug richtext text-em-55 !leading-serif mx-6 desktop:mx-0\">Auch die <strong class=\"font-bold dark:text-white-solid\">geplante 7. Gesamtschule in <\/strong><strong class=\"font-bold dark:text-white-solid\">Heckinghausen<\/strong> soll, so sieht es ein Ratsbeschluss aus dem Jahr 2028 vor, eine Mehrfachsporthalle bekommen. Die daf\u00fcr n\u00f6tigen Planungsmittel waren erst f\u00fcr 2027 vorgesehen. Weil Platz f\u00fcr den Sport aber dringend fr\u00fcher ben\u00f6tigt wird, m\u00f6chte die Verwaltung die Planungsmittel schon <strong class=\"font-bold dark:text-white-solid\">2025 <\/strong>nutzen, um so die Errichtung schneller umsetzen zu k\u00f6nnen.<\/p>\n","protected":false},"excerpt":{"rendered":"Das ist eines der Ergebnisse des aktuellen Zwischenberichtes zur Schulentwicklungsplanung, der jetzt vorliegt. Die Verwaltung m\u00f6chte deshalb pr\u00fcfen,&hellip;\n","protected":false},"author":2,"featured_media":159516,"comment_status":"","ping_status":"","sticky":false,"template":"","format":"standard","meta":{"footnotes":""},"categories":[1840],"tags":[7600,3364,29,30,9022,1209,55751,55750,55749,17075,19466,4418],"class_list":{"0":"post-159515","1":"post","2":"type-post","3":"status-publish","4":"format-standard","5":"has-post-thumbnail","7":"category-wuppertal","8":"tag-bauen","9":"tag-de","10":"tag-deutschland","11":"tag-germany","12":"tag-gesamtschule","13":"tag-nordrhein-westfalen","14":"tag-noetigen","15":"tag-planungsmittel","16":"tag-pruefen","17":"tag-verwaltung","18":"tag-vohwinkel","19":"tag-wuppertal"},"share_on_mastodon":{"url":"https:\/\/pubeurope.com\/@de\/114614379663433689","error":""},"_links":{"self":[{"href":"https:\/\/www.europesays.com\/de\/wp-json\/wp\/v2\/posts\/159515","targetHints":{"allow":["GET"]}}],"collection":[{"href":"https:\/\/www.europesays.com\/de\/wp-json\/wp\/v2\/posts"}],"about":[{"href":"https:\/\/www.europesays.com\/de\/wp-json\/wp\/v2\/types\/post"}],"author":[{"embeddable":true,"href":"https:\/\/www.europesays.com\/de\/wp-json\/wp\/v2\/users\/2"}],"replies":[{"embeddable":true,"href":"https:\/\/www.europesays.com\/de\/wp-json\/wp\/v2\/comments?post=159515"}],"version-history":[{"count":0,"href":"https:\/\/www.europesays.com\/de\/wp-json\/wp\/v2\/posts\/159515\/revisions"}],"wp:featuredmedia":[{"embeddable":true,"href":"https:\/\/www.europesays.com\/de\/wp-json\/wp\/v2\/media\/159516"}],"wp:attachment":[{"href":"https:\/\/www.europesays.com\/de\/wp-json\/wp\/v2\/media?parent=159515"}],"wp:term":[{"taxonomy":"category","embeddable":true,"href":"https:\/\/www.europesays.com\/de\/wp-json\/wp\/v2\/categories?post=159515"},{"taxonomy":"post_tag","embeddable":true,"href":"https:\/\/www.europesays.com\/de\/wp-json\/wp\/v2\/tags?post=159515"}],"curies":[{"name":"wp","href":"https:\/\/api.w.org\/{rel}","templated":true}]}}