{"id":159525,"date":"2025-06-02T15:07:09","date_gmt":"2025-06-02T15:07:09","guid":{"rendered":"https:\/\/www.europesays.com\/de\/159525\/"},"modified":"2025-06-02T15:07:09","modified_gmt":"2025-06-02T15:07:09","slug":"usa-genehmigen-syriens-plan-zur-integration-ehemaliger-auslaendischer-dschihadisten-in-die-armee","status":"publish","type":"post","link":"https:\/\/www.europesays.com\/de\/159525\/","title":{"rendered":"USA genehmigen Syriens Plan zur Integration ehemaliger ausl\u00e4ndischer Dschihadisten in die Armee"},"content":{"rendered":"<p>Die Vereinigten Staaten haben gr\u00fcnes Licht f\u00fcr einen Plan der neuen syrischen F\u00fchrung gegeben, Tausende ausl\u00e4ndische dschihadistische Ex-Rebellen in die nationale Armee zu integrieren &#8211; vorausgesetzt, dies geschieht transparent. Das erkl\u00e4rte Donald Trumps Syrien-Beauftragter, Thomas Barrack.<\/p>\n<p>Drei syrische Verteidigungsbeamte berichteten, dass im Rahmen dieses Plans rund 3.500 ausl\u00e4ndische K\u00e4mpfer, haupts\u00e4chlich Uiguren aus China und Nachbarl\u00e4ndern, einer neu gebildeten Einheit, der 84. Division der syrischen Armee, beitreten sollen. Diese Einheit soll auch syrische K\u00e4mpfer umfassen.<\/p>\n<p>Auf die Frage von Reuters in Damaskus, ob Washington die Integration ausl\u00e4ndischer K\u00e4mpfer in Syriens neue Streitkr\u00e4fte billige, sagte Thomas Barrack, US-Botschafter in der T\u00fcrkei und seit letztem Monat Trumps Sondergesandter f\u00fcr Syrien: ,,Ich w\u00fcrde sagen, es gibt ein Verst\u00e4ndnis &#8211; mit Transparenz.&#8220;<\/p>\n<p>Er betonte, es sei besser, die K\u00e4mpfer, von denen viele ,,sehr loyal&#8220; gegen\u00fcber der neuen syrischen Regierung seien, in ein staatliches Projekt einzubinden, als sie auszuschlie\u00dfen.<\/p>\n<p>Das Schicksal der Ausl\u00e4nder, die sich w\u00e4hrend des 13-j\u00e4hrigen Krieges Syriens Hayat Tahrir al-Sham (HTS) angeschlossen hatten, war eine der umstrittensten Fragen im Hinblick auf eine Ann\u00e4herung an den Westen. Seit HTS, ein einstiger Ableger von al-Qaida, Assad st\u00fcrzte und im vergangenen Jahr die Macht \u00fcbernahm, blockiert dieses Thema Fortschritte.<\/p>\n<p>Bis mindestens Anfang Mai hatten die USA von der neuen F\u00fchrung gefordert, ausl\u00e4ndische K\u00e4mpfer weitgehend aus den Sicherheitskr\u00e4ften auszuschlie\u00dfen.<\/p>\n<p>Doch Washingtons Kurs gegen\u00fcber Syrien \u00e4nderte sich drastisch, nachdem Trump im vergangenen Monat durch den Nahen Osten reiste. Trump stimmte zu, die Assad-\u00c4ra-Sanktionen gegen Syrien aufzuheben, traf den Interimspr\u00e4sidenten Syriens, Ahmed al-Sharaa, in Riad und ernannte Barrack, einen engen Freund, zu seinem Sondergesandten.<\/p>\n<p>Zwei Quellen aus dem Umfeld des syrischen Verteidigungsministeriums sagten Reuters, Sharaa und sein Kreis h\u00e4tten westlichen Gespr\u00e4chspartnern vermittelt, dass die Integration der ausl\u00e4ndischen K\u00e4mpfer in die Armee ein geringeres Sicherheitsrisiko darstelle, als sie auszuschlie\u00dfen &#8211; was sie in die Arme von al-Qaida oder dem Islamischen Staat treiben k\u00f6nnte.<\/p>\n<p>Das US-Au\u00dfenministerium und ein Sprecher der syrischen Regierung antworteten nicht auf Anfragen nach einer Stellungnahme.<\/p>\n<p><b>CHINESISCHE BEDENKEN<\/b><\/p>\n<p>Tausende sunnitische Muslime aus dem Ausland schlossen sich zu Beginn des 13-j\u00e4hrigen B\u00fcrgerkriegs den syrischen Rebellen im Kampf gegen Assad an, der seinerseits von iranisch unterst\u00fctzten schiitischen Milizen unterst\u00fctzt wurde.<\/p>\n<p>Einige K\u00e4mpfer gr\u00fcndeten eigene Fraktionen, andere schlossen sich etablierten Gruppen wie dem Islamischen Staat an, der kurzzeitig ein Kalifat in Teilen Syriens und des Iraks ausrief, bevor er von einer Vielzahl von, sowohl von den USA als auch von Iran unterst\u00fctzten, Kr\u00e4ften zur\u00fcckgedr\u00e4ngt wurde.<\/p>\n<p>Ausl\u00e4ndische K\u00e4mpfer innerhalb von HTS galten als loyal, diszipliniert und kampferfahren und bildeten das R\u00fcckgrat der sogenannten Elite-Selbstmord-Einheiten der Gruppe. Sie k\u00e4mpften ab 2016, als sich HTS von al-Qaida trennte, gegen den Islamischen Staat und andere al-Qaida-Fl\u00fcgel.<\/p>\n<p>Die uigurischen K\u00e4mpfer aus China und Zentralasien geh\u00f6ren der Turkistan Islamischen Partei an, die von Peking als Terrororganisation eingestuft wird. Ein syrischer Beamter und ein ausl\u00e4ndischer Diplomat sagten, China habe darauf gedr\u00e4ngt, den Einfluss dieser Gruppe in Syrien einzud\u00e4mmen.<\/p>\n<p>Ein Sprecher des chinesischen Au\u00dfenministeriums erkl\u00e4rte: ,,China hofft, dass Syrien im Interesse der internationalen Gemeinschaft allen Formen von Terrorismus und extremistischen Kr\u00e4ften entgegentritt.&#8220;<\/p>\n<p>Osman Bughra, ein politischer Funktion\u00e4r der TIP, teilte Reuters schriftlich mit, die Gruppe habe sich offiziell aufgel\u00f6st und in die syrische Armee integriert.<\/p>\n<p>,,Derzeit operiert die Gruppe vollst\u00e4ndig unter der Autorit\u00e4t des Verteidigungsministeriums, h\u00e4lt sich an die nationale Politik und unterh\u00e4lt keine Verbindungen zu externen Einheiten oder Gruppen&#8220;, sagte er.<\/p>\n<p>Die Ernennung einiger ausl\u00e4ndischer Dschihadisten, die zur HTS-F\u00fchrung geh\u00f6rten, auf hohe Milit\u00e4rposten im Dezember hatte westliche Regierungen alarmiert und Bedenken hinsichtlich der Ausrichtung der neuen islamistischen F\u00fchrung Syriens ausgel\u00f6st.<\/p>\n<p>Forderungen, diese Ernennungen einzufrieren und einfache ausl\u00e4ndische K\u00e4mpfer auszuschlie\u00dfen, waren bis zur Woche von Trumps historischem Treffen mit Sharaa ein zentraler Streitpunkt mit Washington und anderen westlichen Staaten.<\/p>\n<p>Sharaa erkl\u00e4rte, ausl\u00e4ndische K\u00e4mpfer und ihre Familien k\u00f6nnten aufgrund ihres Einsatzes im Kampf gegen Assad die syrische Staatsb\u00fcrgerschaft erhalten.<\/p>\n<p>Abbas Sharifa, ein in Damaskus ans\u00e4ssiger Experte f\u00fcr dschihadistische Gruppen, sagte, die in die Armee aufgenommenen K\u00e4mpfer h\u00e4tten Loyalit\u00e4t gegen\u00fcber der syrischen F\u00fchrung gezeigt und seien ,,ideologisch gefiltert&#8220; worden.<\/p>\n<p>,,Wenn man sie im Stich l\u00e4sst, werden sie zur Beute f\u00fcr ISIS oder andere radikale Gruppen&#8220;, sagte er.<\/p>\n","protected":false},"excerpt":{"rendered":"Die Vereinigten Staaten haben gr\u00fcnes Licht f\u00fcr einen Plan der neuen syrischen F\u00fchrung gegeben, Tausende ausl\u00e4ndische dschihadistische Ex-Rebellen&hellip;\n","protected":false},"author":2,"featured_media":159526,"comment_status":"","ping_status":"","sticky":false,"template":"","format":"standard","meta":{"footnotes":""},"categories":[3977],"tags":[331,332,665,13,14,15,12,4017,4018,4016,64,4019,4020],"class_list":{"0":"post-159525","1":"post","2":"type-post","3":"status-publish","4":"format-standard","5":"has-post-thumbnail","7":"category-usa","8":"tag-aktuelle-nachrichten","9":"tag-aktuelle-news","10":"tag-boerse","11":"tag-headlines","12":"tag-nachrichten","13":"tag-news","14":"tag-schlagzeilen","15":"tag-united-states","16":"tag-united-states-of-america","17":"tag-us","18":"tag-usa","19":"tag-vereinigte-staaten","20":"tag-vereinigte-staaten-von-amerika"},"share_on_mastodon":{"url":"https:\/\/pubeurope.com\/@de\/114614399456142222","error":""},"_links":{"self":[{"href":"https:\/\/www.europesays.com\/de\/wp-json\/wp\/v2\/posts\/159525","targetHints":{"allow":["GET"]}}],"collection":[{"href":"https:\/\/www.europesays.com\/de\/wp-json\/wp\/v2\/posts"}],"about":[{"href":"https:\/\/www.europesays.com\/de\/wp-json\/wp\/v2\/types\/post"}],"author":[{"embeddable":true,"href":"https:\/\/www.europesays.com\/de\/wp-json\/wp\/v2\/users\/2"}],"replies":[{"embeddable":true,"href":"https:\/\/www.europesays.com\/de\/wp-json\/wp\/v2\/comments?post=159525"}],"version-history":[{"count":0,"href":"https:\/\/www.europesays.com\/de\/wp-json\/wp\/v2\/posts\/159525\/revisions"}],"wp:featuredmedia":[{"embeddable":true,"href":"https:\/\/www.europesays.com\/de\/wp-json\/wp\/v2\/media\/159526"}],"wp:attachment":[{"href":"https:\/\/www.europesays.com\/de\/wp-json\/wp\/v2\/media?parent=159525"}],"wp:term":[{"taxonomy":"category","embeddable":true,"href":"https:\/\/www.europesays.com\/de\/wp-json\/wp\/v2\/categories?post=159525"},{"taxonomy":"post_tag","embeddable":true,"href":"https:\/\/www.europesays.com\/de\/wp-json\/wp\/v2\/tags?post=159525"}],"curies":[{"name":"wp","href":"https:\/\/api.w.org\/{rel}","templated":true}]}}