{"id":159612,"date":"2025-06-02T15:53:12","date_gmt":"2025-06-02T15:53:12","guid":{"rendered":"https:\/\/www.europesays.com\/de\/159612\/"},"modified":"2025-06-02T15:53:12","modified_gmt":"2025-06-02T15:53:12","slug":"buecher-machen-schule-diakonie-hannover-land-unterstuetzt-familien-mit-schulpflichtigen-kindern","status":"publish","type":"post","link":"https:\/\/www.europesays.com\/de\/159612\/","title":{"rendered":"\u201eB\u00fccher machen Schule\u201c: Diakonie Hannover-Land unterst\u00fctzt Familien mit schulpflichtigen Kindern"},"content":{"rendered":"<p><strong>HANNOVER-LAND (red).<\/strong><\/p>\n<p><a style=\"font-size: 14px;\" href=\"https:\/\/www.europesays.com\/de\/wp-content\/uploads\/2025\/06\/Schulbuchaktion.jpg\"><img fetchpriority=\"high\" decoding=\"async\" class=\"size-full wp-image-143746\" src=\"https:\/\/www.europesays.com\/de\/wp-content\/uploads\/2025\/06\/Schulbuchaktion.jpg\" alt=\"\" width=\"2000\" height=\"1289\"  \/><\/a><\/p>\n<p>Wie auch im Vorjahr bietet der Diakonieverband Calenberger Land Informationen und Termine f\u00fcr Familien mit schulpflichtigen Kindern an, die \u00fcber ein geringes Einkommen verf\u00fcgen. Mit Beginn der Schulzeit kommen j\u00e4hrlich weitere Ausgaben hinzu. \u201eWas viele nicht wissen, ist dass Kosten f\u00fcr Schulb\u00fccher und Arbeitshefte, die nicht ausgeliehen werden k\u00f6nnen, aber in der Schule ben\u00f6tigt werden, zus\u00e4tzlich vom Jobcenter oder Sozialamt \u00fcbernommen werden. Dies ist m\u00f6glich, wenn die B\u00fccher und Arbeitshefte eine ISBN-Nummer haben. F\u00fcr eine Kosten\u00fcbernahme wird ein formloser Antrag beim JobCenter der Region Hannover oder dem Sozialamt gestellt\u201c, erkl\u00e4rt Kirchenkreissozialarbeiterin Andrea Schink. Dem Antrag beizuf\u00fcgen ist eine Liste oder Best\u00e4tigung der Schule \u00fcber die zu beschaffenden Schulb\u00fccher mit den Kosten. Um die Antragstellung zu erleichtern, bietet Andrea Schink zusammen mit Kolleginnen aus dem Verband zwei offene Termine ohne vorherige Anmeldung an. Diese finden am Montag, 23. Juni, von 15 bis 18 Uhr im Diakonischen Beratungszentrum in der Stra\u00dfe Am Weingarten 1 in Ronnenberg und am Dienstag, 24. Junivon 15 bis 18 Uhr bei der Sozialberatung der Diakonie, Bergstra\u00dfe 13 in Barsinghausen statt. Anspruch auf einen finanziellen Zuschuss haben Familien, die eine dieser Leistungen beziehen:\u00a0 B\u00fcrgergeld, Sozialhilfe, Asylbewerber-Leistungen. \u201eKommen Sie einfach vorbei, bringen Ihren Bescheid vom Jobcenter oder Sozialamt und die Liste der Schule f\u00fcr Ihr Kind oder Ihre Kinder mit\u201c, l\u00e4dt Andrea Schink ein. Auf der Homepage des Verbandes ist unter anderem auch das digitale Antragsformular zu finden: <a style=\"font-size: 14px;\" href=\"http:\/\/www.dv-hl.de\/sozialberatung#schule\" rel=\"nofollow noopener\" target=\"_blank\">www.dv-hl.de\/sozialberatung#schule<\/a><\/p>\n<p>Foto: Sabine Freitag<\/p>\n","protected":false},"excerpt":{"rendered":"HANNOVER-LAND (red). Wie auch im Vorjahr bietet der Diakonieverband Calenberger Land Informationen und Termine f\u00fcr Familien mit schulpflichtigen&hellip;\n","protected":false},"author":2,"featured_media":159613,"comment_status":"","ping_status":"","sticky":false,"template":"","format":"standard","meta":{"footnotes":""},"categories":[1774],"tags":[1784,1785,29,214,30,215],"class_list":{"0":"post-159612","1":"post","2":"type-post","3":"status-publish","4":"format-standard","5":"has-post-thumbnail","7":"category-buecher","8":"tag-books","9":"tag-buecher","10":"tag-deutschland","11":"tag-entertainment","12":"tag-germany","13":"tag-unterhaltung"},"share_on_mastodon":{"url":"https:\/\/pubeurope.com\/@de\/114614580273265369","error":""},"_links":{"self":[{"href":"https:\/\/www.europesays.com\/de\/wp-json\/wp\/v2\/posts\/159612","targetHints":{"allow":["GET"]}}],"collection":[{"href":"https:\/\/www.europesays.com\/de\/wp-json\/wp\/v2\/posts"}],"about":[{"href":"https:\/\/www.europesays.com\/de\/wp-json\/wp\/v2\/types\/post"}],"author":[{"embeddable":true,"href":"https:\/\/www.europesays.com\/de\/wp-json\/wp\/v2\/users\/2"}],"replies":[{"embeddable":true,"href":"https:\/\/www.europesays.com\/de\/wp-json\/wp\/v2\/comments?post=159612"}],"version-history":[{"count":0,"href":"https:\/\/www.europesays.com\/de\/wp-json\/wp\/v2\/posts\/159612\/revisions"}],"wp:featuredmedia":[{"embeddable":true,"href":"https:\/\/www.europesays.com\/de\/wp-json\/wp\/v2\/media\/159613"}],"wp:attachment":[{"href":"https:\/\/www.europesays.com\/de\/wp-json\/wp\/v2\/media?parent=159612"}],"wp:term":[{"taxonomy":"category","embeddable":true,"href":"https:\/\/www.europesays.com\/de\/wp-json\/wp\/v2\/categories?post=159612"},{"taxonomy":"post_tag","embeddable":true,"href":"https:\/\/www.europesays.com\/de\/wp-json\/wp\/v2\/tags?post=159612"}],"curies":[{"name":"wp","href":"https:\/\/api.w.org\/{rel}","templated":true}]}}