{"id":159614,"date":"2025-06-02T15:54:09","date_gmt":"2025-06-02T15:54:09","guid":{"rendered":"https:\/\/www.europesays.com\/de\/159614\/"},"modified":"2025-06-02T15:54:09","modified_gmt":"2025-06-02T15:54:09","slug":"dreh-fuer-das-traumschiff-evelyn-burdeckis-tv-rolle-bringt-mutter-zum-weinen","status":"publish","type":"post","link":"https:\/\/www.europesays.com\/de\/159614\/","title":{"rendered":"Dreh f\u00fcr &#8222;Das Traumschiff&#8220;: Evelyn Burdeckis TV-Rolle bringt Mutter zum Weinen"},"content":{"rendered":"<p>                    Dreh f\u00fcr &#8222;Das Traumschiff&#8220;<br \/>\n                Evelyn Burdeckis TV-Rolle bringt Mutter zum Weinen<\/p>\n<p>\t\t\t\t              02.06.2025, 17:09 Uhr<\/p>\n<p>\t\t\t\t\t       Artikel anh\u00f6ren<\/p>\n<p>\t\t\t\t\t\t\tDiese Audioversion wurde k\u00fcnstlich generiert. <a href=\"https:\/\/www.n-tv.de\/23249898\" target=\"_blank\" rel=\"noopener\">Mehr Infos<\/a><\/p>\n<p><strong>Als Kind schaut RTL-Dschungelk\u00f6nigin Evelyn Burdecki mit ihren Eltern regelm\u00e4\u00dfig &#8222;Das Traumschiff&#8220;. Nun heuert sie dort selbst als Schauspielerin an und erf\u00fcllt sich damit einen Kindertraum. Nur Florian Silbereisen fehlt noch zum perfekten Gl\u00fcck.<\/strong><\/p>\n<p>Mit einem fr\u00f6hlichen &#8222;Ahoi aus der Ger\u00fcchtek\u00fcche&#8220; meldet sich Evelyn Burdecki bei ihren Instagram-Followern und best\u00e4tigt, was schon l\u00e4nger gemunkelt wird: &#8222;Achtung, Achtung: Evelyn an Bord! Ich bin wirklich auf DEM Traumschiff und nein, nicht als Animateurin oder blinder Passagier, sondern mit Rolle, Text und allem Drum und Dran!&#8220; <\/p>\n<p>Es sei &#8222;so eine Ehre&#8220;, dabei zu sein, freut sich die RTL-Dschungelk\u00f6nigin von 2019 in ihren Storys. Im Hintergrund sind die Kameras der ZDF-Kultreihe zu sehen. Ihr Einsatz als Schauspielerin sei &#8222;sehr aufregend&#8220;, schw\u00e4rmt die 36-J\u00e4hrige, die sich vor allem durch die Teilnahme an diversen Reality-Formaten einen Namen gemacht hat. <\/p>\n<p>Auch wenn Burdeckis Storys den Anschein erwecken, als sei sie aktuell noch an Bord, fanden die Dreharbeiten in Island laut Informationen der &#8222;Bild&#8220;-Zeitung bereits vor einigen Tagen statt. Um f\u00fcnf Uhr morgens musste die Nachwuchsschauspielerin schon am Set sein. An Schlaf sei aber eh nicht zu denken gewesen, weil sie &#8222;so aufgeregt&#8220; gewesen sei, gesteht Burdecki. Details zu ihrer Rolle darf sie noch nicht verraten. &#8222;Das wird eine \u00dcberraschung&#8220;, erkl\u00e4rt sie im Gespr\u00e4ch mit der Zeitung.<\/p>\n<p>Kindheitserinnerungen an &#8222;Das Traumschiff&#8220;<\/p>\n<p>F\u00fcr die 36-J\u00e4hrige bedeute die Rolle mehr als nur ein weiteres TV-Engagement, wie Burdecki der &#8222;Bild&#8220; noch verr\u00e4t. Schon als Kind habe sie die ZDF-Serie regelm\u00e4\u00dfig mit ihren Eltern verfolgt. Besonders ihre 78-j\u00e4hrige Mutter Teresa, die seit 1981 treue &#8222;Das Traumschiff&#8220;-Zuschauerin sei, habe sich sehr dar\u00fcber gefreut, dass nun ihre Tochter an Bord gehen darf: &#8222;Als sie geh\u00f6rt hat, dass ich dort eine kleine Rolle spielen darf, hat sie geweint vor Freude.&#8220;<\/p>\n<p>Die dargestellten Traumreisen h\u00e4tten Burdecki schon als kleines M\u00e4dchen fasziniert, doch ihre Familie habe sich damals solche Abenteuer nie leisten k\u00f6nnen. Heute hingegen sei das Reisen ihr gr\u00f6\u00dftes Hobby geworden. Eine Leidenschaft, die der Reality-Star durchaus in ihrer Begeisterung f\u00fcr &#8222;Das Traumschiff&#8220; begr\u00fcndet sieht.<\/p>\n<p>Hauptdarsteller Florian Silbereisen, der seit 2019 die Rolle des Kapit\u00e4ns Max Parger verk\u00f6rpert, war bei den Island-Dreharbeiten nicht anwesend, erkl\u00e4rt Burdecki. Sie hoffe aber weiterhin auf ein TV-Rendezvous: &#8222;Ich habe mich bei der Crew schon f\u00fcr eine Kussszene beworben. Ist also in Arbeit.&#8220; Die Folge mit Burdecki soll planm\u00e4\u00dfig im Rahmen der kommenden &#8222;Traumschiff&#8220;-Staffel ausgestrahlt werden. Das ZDF hat bisher jedoch noch keine weiteren Details zur Handlung oder zu anderen Gastdarstellern genannt.<\/p>\n","protected":false},"excerpt":{"rendered":"Dreh f\u00fcr &#8222;Das Traumschiff&#8220; Evelyn Burdeckis TV-Rolle bringt Mutter zum Weinen 02.06.2025, 17:09 Uhr Artikel anh\u00f6ren Diese Audioversion&hellip;\n","protected":false},"author":2,"featured_media":159615,"comment_status":"","ping_status":"","sticky":false,"template":"","format":"standard","meta":{"footnotes":""},"categories":[1773],"tags":[29,933,214,30,152,12937,640,471,1780,684,215,1448],"class_list":{"0":"post-159614","1":"post","2":"type-post","3":"status-publish","4":"format-standard","5":"has-post-thumbnail","7":"category-serien","8":"tag-deutschland","9":"tag-dschungelcamp","10":"tag-entertainment","11":"tag-germany","12":"tag-instagram","13":"tag-island","14":"tag-rtl","15":"tag-serien","16":"tag-series","17":"tag-tv","18":"tag-unterhaltung","19":"tag-zdf"},"share_on_mastodon":{"url":"https:\/\/pubeurope.com\/@de\/114614584473105674","error":""},"_links":{"self":[{"href":"https:\/\/www.europesays.com\/de\/wp-json\/wp\/v2\/posts\/159614","targetHints":{"allow":["GET"]}}],"collection":[{"href":"https:\/\/www.europesays.com\/de\/wp-json\/wp\/v2\/posts"}],"about":[{"href":"https:\/\/www.europesays.com\/de\/wp-json\/wp\/v2\/types\/post"}],"author":[{"embeddable":true,"href":"https:\/\/www.europesays.com\/de\/wp-json\/wp\/v2\/users\/2"}],"replies":[{"embeddable":true,"href":"https:\/\/www.europesays.com\/de\/wp-json\/wp\/v2\/comments?post=159614"}],"version-history":[{"count":0,"href":"https:\/\/www.europesays.com\/de\/wp-json\/wp\/v2\/posts\/159614\/revisions"}],"wp:featuredmedia":[{"embeddable":true,"href":"https:\/\/www.europesays.com\/de\/wp-json\/wp\/v2\/media\/159615"}],"wp:attachment":[{"href":"https:\/\/www.europesays.com\/de\/wp-json\/wp\/v2\/media?parent=159614"}],"wp:term":[{"taxonomy":"category","embeddable":true,"href":"https:\/\/www.europesays.com\/de\/wp-json\/wp\/v2\/categories?post=159614"},{"taxonomy":"post_tag","embeddable":true,"href":"https:\/\/www.europesays.com\/de\/wp-json\/wp\/v2\/tags?post=159614"}],"curies":[{"name":"wp","href":"https:\/\/api.w.org\/{rel}","templated":true}]}}