{"id":159616,"date":"2025-06-02T15:55:10","date_gmt":"2025-06-02T15:55:10","guid":{"rendered":"https:\/\/www.europesays.com\/de\/159616\/"},"modified":"2025-06-02T15:55:10","modified_gmt":"2025-06-02T15:55:10","slug":"ich-liebe-singen-kinderhitparade-wird-35-jahre-alt","status":"publish","type":"post","link":"https:\/\/www.europesays.com\/de\/159616\/","title":{"rendered":"&#8222;Ich liebe singen&#8220;: Kinderhitparade wird 35 Jahre alt"},"content":{"rendered":"<p class=\"text\">\nGuido Schmidt ist seit 35 Jahren der Mann mit der Kinderhitparade. Dabei war das eigentlich gar nicht geplant, erz\u00e4hlt der Berufsmusiker. Damals war er bei der <a href=\"https:\/\/www.mdr.de\/nachrichten\/thueringen\/west-thueringen\/wartburgkreis\/wak-hainich-rhoen-werratal-salzungen-100.html\" title=\"Nachrichten und aktuelle Informationen aus Bad Salzungen\/Th\u00fcringen\" rel=\"nofollow noopener\" target=\"_blank\">Stadt Bad Salzungen<\/a> besch\u00e4ftigt und sollte Veranstaltungen f\u00fcr Kurg\u00e4ste organisieren. Eine Mini-Playback-Show war geplant.\n<\/p>\n<p class=\"text\">\nDoch nach den ersten Proben mit den jungen Gesangstalenten stand fest: singen k\u00f6nnen sie. So fand die erste Kinderhitparade am 2. Juni 1990 vor 650 Zuschauern im ausverkauften Kursaal in Bad Salzungen statt, erinnert sich Schmidt.\n<\/p>\n<p>Auf Sommertour mit MDR<\/p>\n<p class=\"text\">\nWeil das so gut ankam, ging es weiter. Auch beim MDR &#8211; damals noch MDR 1 &#8211; fand die Kinderhitparade Anklang. Th\u00fcringenweit wurde in Zusammenarbeit mit der Sendung &#8222;Spielwiese&#8220; von <a href=\"https:\/\/www.mdr.de\/nachrichten\/thueringen\/service\/landesfunkhaus\/moderator-matthias-haase-100.html\" title=\"Zehn Fragen an MDR TH\u00dcRINGEN-Moderator Matthias Haase\" rel=\"nofollow noopener\" target=\"_blank\">Matthias Haase<\/a> nach Talenten gesucht. Bis zu 60 Kassetten h\u00f6rte Schmidt durch, um die besten jungen S\u00e4ngerinnen und S\u00e4nger zu finden, die vor einer Jury im Funkhaus auftraten.\n<\/p>\n<p class=\"text\">\nDie besten zehn gingen dann mit auf die damalige &#8222;mdr 1 Sommertour&#8220;. Von 1993 bis 1999 fand zus\u00e4tzlich jeweils im Herbst eine gro\u00dfe Finalshow statt, die in der &#8222;Spielwiese&#8220; \u00fcbertragen wurde.\n<\/p>\n<p class=\"text\">\n<a href=\"https:\/\/www.mdr.de\/nachrichten\/thueringen\/west-thueringen\/westthueringen-nachrichtenfeed100.html\" title=\"Wartburgkreis, Eisenach, Gotha, Bad Salzungen | News und Aktuelles\" rel=\"nofollow noopener\" target=\"_blank\">Im Wartburgkreis<\/a> gibt es die Kinderhitparade bis heute. Derzeit sind es ein knappes Dutzend M\u00e4dchen und Jungen im Alter zwischen sieben und 15 Jahren, die jeden Dienstag bei Schmidt in Leimbach proben. Alle singen sie schon von klein auf.\n<\/p>\n<p class=\"text\">\nEinige &#8211; wie Sarah und Johnny &#8211; kannten die Kinderhitparade bereits von ihren gro\u00dfen Schwestern, sind sozusagen hineingewachsen. F\u00fcr Paulina und Tilda, sieben und neun Jahre alt, bewarben sich die M\u00fctter bei Schmidt mit Videos von \u00f6ffentlichen Gesangsauftritten ihrer T\u00f6chter.\n<\/p>\n<p>Junge Talente rocken Stadtfeste in Th\u00fcringen<\/p>\n<p class=\"text\">\nMehrmals im Monat treten die jungen Talente mit ihrem einst\u00fcndigen Programm gemeinsam auf, vor allem in Kurorten der Region wie Bad Salzungen, Bad Liebenstein, Stadtlengsfeld und Bad Tabarz. Jeder von ihnen singt bei eigenen Titeln die Solostimme.\n<\/p>\n<p class=\"text\">\nRomeo beispielsweise beim DJ-\u00d6tzi-Hit &#8222;A Mann f\u00fcr Amore&#8220;, Paul bei &#8222;Ohne Dich schlaf ich heute Nacht nicht ein&#8220; von der M\u00fcnchner Freiheit, Sarah tritt mit &#8222;Du hast den Farbfilm vergessen&#8220; in die Spuren der jungen <a href=\"https:\/\/www.mdr.de\/nachrichten\/deutschland\/gesellschaft\/nina-hagen-musik-geburtstag-kultur-news-100.html\" title=\"Nina Hagen wird 70: Wie die S\u00e4ngerin zur Ikone wurde\" rel=\"nofollow noopener\" target=\"_blank\">Nina Hagen<\/a> und Tilda singt das Pippi-Langstrumpf-Lied. Mit dazu geh\u00f6ren auch Eigenkompositionen von Schmidt wie das Lied von der rosa Puppe.\n<\/p>\n<p class=\"text\">\nMit einem peppigen Programm sorgen sie f\u00fcr gute Stimmung, haben Mimik und Gestik genau geprobt, lassen die Zuschauer mitsingen. Auch bei Kirmes, Fasching oder Stadtfesten tritt die Kinderhitparade auf. In der Weihnachtszeit firmieren die Kinder als X-MAS Kids und sind dann auch auf M\u00e4rkten in Hessen und Bayern zu erleben.\n<\/p>\n<blockquote>\n<p class=\"text\">Ich freue mich, wenn ich den Leuten einen sch\u00f6nen Tag machen kann mit meiner Stimme.<\/p>\n<p>Paulina<\/p>\n<\/blockquote>\n<p class=\"text\">\nKostet das nicht \u00dcberwindung, vor so vielen Menschen zu singen? &#8222;Nee&#8220;, sagt Paulina, die j\u00fcngste, &#8222;ich freue mich eigentlich, wenn ich den Leuten einen sch\u00f6nen Tag machen kann mit meiner Stimme.&#8220; Tilda kennt \u00f6ffentliche Auftritte schon als Tanzmariechen, also eigentlich kein Problem, sagt sie. Aber beim ersten Mal ist ihr das Mikro die ganze Zeit in der Hand gerutscht, weil sie so schwitzige H\u00e4nde hatte.\n<\/p>\n<blockquote>\n<p class=\"text\">Ich liebe Singen. Es macht mir so sehr Spa\u00df. Egal, wo ich bin, ich will eigentlich nur singen.<\/p>\n<p>Sarah<\/p>\n<\/blockquote>\n<p class=\"text\">\nAufgeregt war auch der elfj\u00e4hrige Johnny bei seinen ersten Auftritten vor vier Jahren, hatte Sorge, bei einem Patzer auf der B\u00fchne ausgelacht zu werden. &#8222;Aber die meisten Leute merken das gar nicht, man braucht keine Angst zu haben. Alles sch\u00f6n!&#8220;\n<\/p>\n<p class=\"text\">\nDas \u00f6ffentliche Singen gibt Selbstvertrauen. Aber als Beruf? Naja, sagen sie &#8211; Tilda will lieber Polizistin werden und Sarah Physiotherapeutin.\n<\/p>\n<p>Schon 200 junge Talente in Hitparade<\/p>\n<p class=\"text\">\nBis zu 200 junge Talente haben bisher in der Kinderhitparade gesungen, sch\u00e4tzt Schmidt. Es mache Spa\u00df, &#8222;ein Talent herauszukitzeln&#8220;, zu sehen, wie sich die Kinder entwickelten. Dazu sei ein sch\u00f6nes Gef\u00fchl, immer wieder Shows zu gestalten &#8211; zur Freude der G\u00e4ste.\n<\/p>\n<p class=\"text\">\n<a href=\"https:\/\/www.mdr.de\/nachrichten\/thueringen\/ost-thueringen\/greiz\/musikerstammtisch-corona-treffen-netzwerk-zeulenroda-100.html\" title=\"&quot;Was immer geht, ist Jugendliebe&quot;: Zugeh\u00f6rt beim Musikerstammtisch in Zeulenroda\" rel=\"nofollow noopener\" target=\"_blank\">Als Berufsmusiker<\/a> ist Schmidt mit mehreren Bands bei Veranstaltungen unterwegs. Ein Vorteil der Arbeit mit dem Nachwuchs: er findet immer gute S\u00e4ngerinnen f\u00fcr seine Bands. Die Kinderhitparade sei eigentlich nur ein kleiner Teil seiner Arbeit, sagt er, der aber viel Aufmerksamkeit erfordere. Und nach au\u00dfen, das ist ihm klar, wird der Name Guido Schmidt in der Region immer mit der Kinderhitparade verbunden sein.<\/p>\n","protected":false},"excerpt":{"rendered":"Guido Schmidt ist seit 35 Jahren der Mann mit der Kinderhitparade. Dabei war das eigentlich gar nicht geplant,&hellip;\n","protected":false},"author":2,"featured_media":159617,"comment_status":"","ping_status":"","sticky":false,"template":"","format":"standard","meta":{"footnotes":""},"categories":[1772],"tags":[29,214,30,16134,55779,81,1779,810,14,23325,861,215],"class_list":{"0":"post-159616","1":"post","2":"type-post","3":"status-publish","4":"format-standard","5":"has-post-thumbnail","7":"category-musik","8":"tag-deutschland","9":"tag-entertainment","10":"tag-germany","11":"tag-guido","12":"tag-kinderhitparade","13":"tag-mdr","14":"tag-music","15":"tag-musik","16":"tag-nachrichten","17":"tag-schmidt","18":"tag-thueringen","19":"tag-unterhaltung"},"share_on_mastodon":{"url":"https:\/\/pubeurope.com\/@de\/114614588085523352","error":""},"_links":{"self":[{"href":"https:\/\/www.europesays.com\/de\/wp-json\/wp\/v2\/posts\/159616","targetHints":{"allow":["GET"]}}],"collection":[{"href":"https:\/\/www.europesays.com\/de\/wp-json\/wp\/v2\/posts"}],"about":[{"href":"https:\/\/www.europesays.com\/de\/wp-json\/wp\/v2\/types\/post"}],"author":[{"embeddable":true,"href":"https:\/\/www.europesays.com\/de\/wp-json\/wp\/v2\/users\/2"}],"replies":[{"embeddable":true,"href":"https:\/\/www.europesays.com\/de\/wp-json\/wp\/v2\/comments?post=159616"}],"version-history":[{"count":0,"href":"https:\/\/www.europesays.com\/de\/wp-json\/wp\/v2\/posts\/159616\/revisions"}],"wp:featuredmedia":[{"embeddable":true,"href":"https:\/\/www.europesays.com\/de\/wp-json\/wp\/v2\/media\/159617"}],"wp:attachment":[{"href":"https:\/\/www.europesays.com\/de\/wp-json\/wp\/v2\/media?parent=159616"}],"wp:term":[{"taxonomy":"category","embeddable":true,"href":"https:\/\/www.europesays.com\/de\/wp-json\/wp\/v2\/categories?post=159616"},{"taxonomy":"post_tag","embeddable":true,"href":"https:\/\/www.europesays.com\/de\/wp-json\/wp\/v2\/tags?post=159616"}],"curies":[{"name":"wp","href":"https:\/\/api.w.org\/{rel}","templated":true}]}}