{"id":159622,"date":"2025-06-02T15:58:20","date_gmt":"2025-06-02T15:58:20","guid":{"rendered":"https:\/\/www.europesays.com\/de\/159622\/"},"modified":"2025-06-02T15:58:20","modified_gmt":"2025-06-02T15:58:20","slug":"veroeffentlichung-der-spielplaene-dfl-deutsche-fussball-liga","status":"publish","type":"post","link":"https:\/\/www.europesays.com\/de\/159622\/","title":{"rendered":"Ver\u00f6ffentlichung der Spielpl\u00e4ne | DFL Deutsche Fu\u00dfball Liga"},"content":{"rendered":"<p>    <img width=\"1200\" height=\"675\" src=\"https:\/\/www.europesays.com\/de\/wp-content\/uploads\/2025\/06\/2425_MD33_LEVBVB_LS_015_16x9-1200x675.png\" class=\"attachment-post-thumbnail size-post-thumbnail wp-post-image\" alt=\"\" decoding=\"async\" fetchpriority=\"high\"  \/><\/p>\n<p>Foto: DFL\/Getty Images\/Lukas Schulze<\/p>\n<p>2.6.2025 \u2013 Die Spielpl\u00e4ne f\u00fcr die Saison 2025\/26 der Bundesliga und 2. Bundesliga werden am 27. Juni ver\u00f6ffentlicht. Traditionell beginnt die 2. Bundesliga bereits vor der h\u00f6chsten deutschen Spielklasse, in diesem Jahr am 1. August. Den Auftakt bildet wie gewohnt ein Freitagabendspiel. Drei Wochen sp\u00e4ter, am 22. August, startet die Bundesliga in ihre 63. Saison.<\/p>\n<p>In die Erstellung der Spielpl\u00e4ne flie\u00dfen unter anderem Vorgaben von Kommunen, Sicherheitsorganen, der Zentralen Informationsstelle Sporteins\u00e4tze (ZIS) sowie W\u00fcnsche von Clubs und Stadionbetrieb ein. Neben Einschr\u00e4nkungen wie der Tatsache, dass benachbarte Clubs versetzt zu ihren Heimspielen antreten sollten, m\u00fcssen unter anderem auch Feiertage, parallele Gro\u00dfveranstaltungen und vor allem Spieltermine internationaler Wettbewerbe ber\u00fccksichtigt werden. In einigen Bundesl\u00e4ndern d\u00fcrfen beispielsweise am Totensonntag keine Spiele stattfinden. In anderen Regionen schr\u00e4nken Karneval oder andere Volksfeste die Terminierung von Partien ein.\u00a0<\/p>\n<p>Bei der Erstellung der Spielpl\u00e4ne wird seit einigen Jahren eine Software eingesetzt. Ohne diese technische Unterst\u00fctzung lie\u00dfen sich die zahlreichen Vorgaben kaum verarbeiten. Dabei sind von den Verantwortlichen verschiedene Konstellationen und Interessen gegeneinander abzuw\u00e4gen oder in Einklang zu bringen, um das bestm\u00f6gliche Ergebnis zu erzielen. Hunderte von Optionen werden gepr\u00fcft und verworfen.\u00a0<\/p>\n<p><strong>Die wichtigsten Eckdaten der Saison 2025\/26 auf einen Blick:<\/strong>\u00a0<br \/>\u2022  Bundesliga, 1. Spieltag: 22.\u201324.8.2025\u00a0<br \/>\u2022  Bundesliga, 34. Spieltag: 16.5.2026\u00a0<br \/>\u2022  2. Bundesliga, 1. Spieltag: 1.\u20133.8.2025\u00a0<br \/>\u2022  2. Bundesliga, 34. Spieltag: 17.5.2026\u00a0<br \/>\u2022  Relegation\/Hinspiele: 21.\/22.5.2026\u00a0<br \/>\u2022  Relegation\/R\u00fcckspiele: 25.\/26.5.2026\u00a0<\/p>\n<p><strong>Genaue Ansetzungen im Laufe der Saison<\/strong>\u00a0<\/p>\n<p>Der Spielplan liefert die Rahmendaten zu den einzelnen Spieltagen, also welche Clubs an welchem Spieltag aufeinandertreffen. Die genauen Ansto\u00dfzeiten werden im Laufe der Saison festgelegt. Auch hier m\u00fcssen zahlreiche Vorgaben und Faktoren ber\u00fccksichtigt werden.\u00a0<\/p>\n<p>Die internationalen Wettbewerbe und die Spiele des DFB-Pokals sind der Hauptgrund daf\u00fcr, dass die termingenauen Ansetzungen erst im Laufe der Saison festgelegt werden. Um den international agierenden Teams notwendige Regenerationspausen zu erm\u00f6glichen, erfolgt die Terminierung eines Bundesliga-Spieltags in der Regel erst, wenn feststeht, welcher Club an welchem Termin international spielt und welche Clubs noch im DFB-Pokal vertreten sind. Vor und nach internationalen Spielen muss eine mindestens zweit\u00e4gige Spielpause gew\u00e4hrleistet sein.\u00a0<\/p>\n<\/p>\n<p>                    Inhalte von YouTube erlauben\n           <\/p>\n<p>                    Empfohlener redaktioneller Inhalt von YouTube<img decoding=\"async\" class=\"dfl-embed-blocker__platform-logo\" src=\"https:\/\/www.europesays.com\/de\/wp-content\/uploads\/2025\/06\/youtube.svg.svg+xml\"\/><\/p>\n<p class=\"dfl-embed-blocker__introduction\">An dieser Stelle finden Sie einen externen Inhalt von YouTube, der den Artikel erg\u00e4nzt. Sie k\u00f6nnen ihn sich mit einem Klick anzeigen lassen und wieder ausblenden.<\/p>\n<p class=\"dfl-embed-blocker__fineprint\">\n                        Ich bin damit einverstanden, dass mir externe Inhalte von YouTube angezeigt werden. Damit k\u00f6nnen personenbezogene Daten an YouTube \u00fcbermittelt werden und von YouTube Cookies gesetzt werden.                        <a href=\"https:\/\/policies.google.com\/privacy?hl=de\" target=\"_blank\" rel=\"noopener\"><br \/>\n                Mehr dazu finden Sie in der Datenschutzerkl\u00e4rung von YouTube<br \/>\n            <\/a>                        <\/p>\n","protected":false},"excerpt":{"rendered":"Foto: DFL\/Getty Images\/Lukas Schulze 2.6.2025 \u2013 Die Spielpl\u00e4ne f\u00fcr die Saison 2025\/26 der Bundesliga und 2. Bundesliga werden&hellip;\n","protected":false},"author":2,"featured_media":159623,"comment_status":"","ping_status":"","sticky":false,"template":"","format":"standard","meta":{"footnotes":""},"categories":[136],"tags":[55782,29,30,55781,55784,55783,265,55780],"class_list":{"0":"post-159622","1":"post","2":"type-post","3":"status-publish","4":"format-standard","5":"has-post-thumbnail","7":"category-sport","8":"tag-ajax","9":"tag-deutschland","10":"tag-germany","11":"tag-http","12":"tag-node","13":"tag-promise","14":"tag-sport","15":"tag-xhr"},"share_on_mastodon":{"url":"https:\/\/pubeurope.com\/@de\/114614600163773125","error":""},"_links":{"self":[{"href":"https:\/\/www.europesays.com\/de\/wp-json\/wp\/v2\/posts\/159622","targetHints":{"allow":["GET"]}}],"collection":[{"href":"https:\/\/www.europesays.com\/de\/wp-json\/wp\/v2\/posts"}],"about":[{"href":"https:\/\/www.europesays.com\/de\/wp-json\/wp\/v2\/types\/post"}],"author":[{"embeddable":true,"href":"https:\/\/www.europesays.com\/de\/wp-json\/wp\/v2\/users\/2"}],"replies":[{"embeddable":true,"href":"https:\/\/www.europesays.com\/de\/wp-json\/wp\/v2\/comments?post=159622"}],"version-history":[{"count":0,"href":"https:\/\/www.europesays.com\/de\/wp-json\/wp\/v2\/posts\/159622\/revisions"}],"wp:featuredmedia":[{"embeddable":true,"href":"https:\/\/www.europesays.com\/de\/wp-json\/wp\/v2\/media\/159623"}],"wp:attachment":[{"href":"https:\/\/www.europesays.com\/de\/wp-json\/wp\/v2\/media?parent=159622"}],"wp:term":[{"taxonomy":"category","embeddable":true,"href":"https:\/\/www.europesays.com\/de\/wp-json\/wp\/v2\/categories?post=159622"},{"taxonomy":"post_tag","embeddable":true,"href":"https:\/\/www.europesays.com\/de\/wp-json\/wp\/v2\/tags?post=159622"}],"curies":[{"name":"wp","href":"https:\/\/api.w.org\/{rel}","templated":true}]}}