{"id":159645,"date":"2025-06-02T16:10:09","date_gmt":"2025-06-02T16:10:09","guid":{"rendered":"https:\/\/www.europesays.com\/de\/159645\/"},"modified":"2025-06-02T16:10:09","modified_gmt":"2025-06-02T16:10:09","slug":"feuerwehr-wird-zehnmal-zu-hilfe-gerufen","status":"publish","type":"post","link":"https:\/\/www.europesays.com\/de\/159645\/","title":{"rendered":"Feuerwehr wird zehnmal zu Hilfe gerufen"},"content":{"rendered":"<p class=\"text_ohne_einzug richtext text-em-55 !leading-serif mx-6 desktop:mx-0\">Hinter den Feuerwehrleuten aus <a href=\"https:\/\/rp-online.de\/thema\/juechen\/\" target=\"_blank\" rel=\"noopener\">J\u00fcchen<\/a> liegt ein einsatzreiches Wochenende. Sie r\u00fcckten in den insgesamt zwei Tagen zehnmal aus, dabei waren sie in ganz unterschiedlichen Bereichen gefragt. Los ging der Reigen bereits in der Nacht von Freitag auf Samstag, erz\u00e4hlt der Leiter der <a href=\"https:\/\/rp-online.de\/thema\/feuerwehr\/\" target=\"_blank\" rel=\"noopener\">Feuerwehr<\/a> J\u00fcchen, Heinz-Dieter Abels. Gegen 1.05 Uhr sei ein Alarm eingegangen, bei dem es um einen Betrieb an der Neusser Stra\u00dfe ging. Dort haben Passanten einen Knall und im Anschluss Zischger\u00e4usche geh\u00f6rt, sodass sie sich bei der Leitstelle meldeten. Unter dem Einsatzstichwort \u201eGas\u201c wurde der L\u00f6schzug aus J\u00fcchen losgeschickt. Vor Ort stellte sich dann heraus, dass eine Kompressorleitung geplatzt war, berichtet Abels. Es sei nur Luft ausgetreten. \u201eDas war also eine gutwillige Alarmierung\u201c, so der Leiter der Feuerwehr.<\/p>\n","protected":false},"excerpt":{"rendered":"Hinter den Feuerwehrleuten aus J\u00fcchen liegt ein einsatzreiches Wochenende. Sie r\u00fcckten in den insgesamt zwei Tagen zehnmal aus,&hellip;\n","protected":false},"author":2,"featured_media":159646,"comment_status":"","ping_status":"","sticky":false,"template":"","format":"standard","meta":{"footnotes":""},"categories":[1849],"tags":[55787,35179,3364,29,548,663,3934,985,55786,10074,321,30,29127,13,26920,55785,4455,14,15,1209,54581,12,5886],"class_list":{"0":"post-159645","1":"post","2":"type-post","3":"status-publish","4":"format-standard","5":"has-post-thumbnail","7":"category-moenchengladbach","8":"tag-22flugzeug","9":"tag-abels","10":"tag-de","11":"tag-deutschland","12":"tag-eu","13":"tag-europa","14":"tag-europe","15":"tag-feuerwehr","16":"tag-feuerwehrleuten","17":"tag-flugzeug","18":"tag-flugzeugabsturz","19":"tag-germany","20":"tag-ging","21":"tag-headlines","22":"tag-juechen","23":"tag-leitstelle","24":"tag-moenchengladbach","25":"tag-nachrichten","26":"tag-news","27":"tag-nordrhein-westfalen","28":"tag-pilotin","29":"tag-schlagzeilen","30":"tag-unglueck"},"share_on_mastodon":{"url":"https:\/\/pubeurope.com\/@de\/114614647088667633","error":""},"_links":{"self":[{"href":"https:\/\/www.europesays.com\/de\/wp-json\/wp\/v2\/posts\/159645","targetHints":{"allow":["GET"]}}],"collection":[{"href":"https:\/\/www.europesays.com\/de\/wp-json\/wp\/v2\/posts"}],"about":[{"href":"https:\/\/www.europesays.com\/de\/wp-json\/wp\/v2\/types\/post"}],"author":[{"embeddable":true,"href":"https:\/\/www.europesays.com\/de\/wp-json\/wp\/v2\/users\/2"}],"replies":[{"embeddable":true,"href":"https:\/\/www.europesays.com\/de\/wp-json\/wp\/v2\/comments?post=159645"}],"version-history":[{"count":0,"href":"https:\/\/www.europesays.com\/de\/wp-json\/wp\/v2\/posts\/159645\/revisions"}],"wp:featuredmedia":[{"embeddable":true,"href":"https:\/\/www.europesays.com\/de\/wp-json\/wp\/v2\/media\/159646"}],"wp:attachment":[{"href":"https:\/\/www.europesays.com\/de\/wp-json\/wp\/v2\/media?parent=159645"}],"wp:term":[{"taxonomy":"category","embeddable":true,"href":"https:\/\/www.europesays.com\/de\/wp-json\/wp\/v2\/categories?post=159645"},{"taxonomy":"post_tag","embeddable":true,"href":"https:\/\/www.europesays.com\/de\/wp-json\/wp\/v2\/tags?post=159645"}],"curies":[{"name":"wp","href":"https:\/\/api.w.org\/{rel}","templated":true}]}}