{"id":159770,"date":"2025-06-02T17:15:10","date_gmt":"2025-06-02T17:15:10","guid":{"rendered":"https:\/\/www.europesays.com\/de\/159770\/"},"modified":"2025-06-02T17:15:10","modified_gmt":"2025-06-02T17:15:10","slug":"betrueger-mit-foto-gesucht-radio-bielefeld","status":"publish","type":"post","link":"https:\/\/www.europesays.com\/de\/159770\/","title":{"rendered":"Betr\u00fcger mit Foto gesucht | Radio Bielefeld"},"content":{"rendered":"<p class=\"bodytext\">SI \/ Bielefeld \/ Mitte &#8211; Die Polizei Bielefeld bittet die \u00d6ffentlichkeit um Mithilfe bei der Suche nach einem bisher unbekannten Mann, dem vorgeworfen wird, sich am 14.10.2024 als Bankmitarbeiter ausgegeben zu haben und so an sensible Bankdaten eines Bielefelders gelangt zu sein. Der 65-J\u00e4hrige verlor dabei einen h\u00f6heren vierstelligen Betrag.<\/p>\n<p>Der Bielefelder einen Anruf, in dem sich der Betr\u00fcger als Mitarbeiter eines Sicherheitsteams seiner Bank ausgab. Der Mann in der Leitung behauptete, dass jemand versucht h\u00e4tte, unrechtm\u00e4\u00dfig Geld vom Konto des Bielefelders zu \u00fcberweisen. Dies sei dem Sicherungssystem aufgefallen.<\/p>\n<p>Um die \u00dcberweisung r\u00fcckg\u00e4ngig zu machen, m\u00fcsse der Bielefelder sofort handeln. Durch geschickte Gespr\u00e4chsf\u00fchrung gelangte der Betr\u00fcger an sensible Daten, mit denen er auf das Onlinebanking des Betroffenen zugreifen konnte.<\/p>\n<p>Nach zwei \u00dcberweisungen auf ein Konto bei der gleichen Bank sperrte der T\u00e4ter das Onlinebanking des Bielefelders.<\/p>\n<p>Im weiteren Verlauf des Abends wurde dem 65-J\u00e4hrigen klar, dass er Opfer eines Betrugs geworden war.<\/p>\n<p>Kriminalbeamte konnten mittlerweile den Kontoinhaber ermitteln, auf dessen Bankkonto das Geld \u00fcberwiesen wurde. Die Gesamtumst\u00e4nde lassen den Schluss zu, dass der jugendliche Tatverd\u00e4chtige von dem Betrug wusste und sein Konto zur Verf\u00fcgung gestellt hatte. Gegen ihn leiteten die Beamten ein Strafverfahren wegen Betrugs ein.<\/p>\n<p>Sein Komplize wird nun mithilfe einer \u00d6ffentlichkeitsfahndung gesucht. Ein Bild des Tatverd\u00e4chtigen finden Sie im Fahndungsportal der Polizei NRW unter folgendem Link:<\/p>\n<p><a href=\"https:\/\/polizei.nrw\/fahndung\/170067\" target=\"_blank\" rel=\"nofollow noopener\">polizei.nrw\/fahndung\/170067<\/a><\/p>\n<p>Hinweise zu dem Mann nimmt das Kriminalkommissariat 15 unter der 0521\/545-0 entgegen.<\/p>\n<p>R\u00fcckfragen von Journalisten bitte an:<\/p>\n<p>Polizeipr\u00e4sidium Bielefeld Leitungsstab\/ Presse- und \u00d6ffentlichkeitsarbeit Kurt-Schumacher-Stra\u00dfe 46 33615 Bielefeld<\/p>\n<p>Sonja Rehmert (SR), Tel. 0521\/545-3020 Katja K\u00fcster (KK), Tel. 0521\/545-3195 Sarah Siedschlag (SI), Tel. 0521\/545-3021 Michael K\u00f6tter (MK), Tel. 0521\/545-3022 Hella Christoph (HC), Tel. 0521\/545-3023 Fabian Rickel (FR), Tel. 0521\/545-3024 Caroline Steffen (CS), Tel. 0521\/545-3026 Lukas Reker (LR), Tel. 0521\/545-3222 Jan Grote (JG), Tel. 0521\/545-3235<\/p>\n<p>E-Mail: pressestelle.bielefeld@polizei.nrw.de <a href=\"https:\/\/bielefeld.polizei.nrw\/\" target=\"_blank\" rel=\"nofollow noopener\">bielefeld.polizei.nrw<\/a><\/p>\n<p>Au\u00dferhalb der B\u00fcrodienstzeit: Leitstelle, Tel. 0521\/545-0<\/p>\n<p> Original-Content von: Polizei Bielefeld, \u00fcbermittelt durch news aktuell<\/p>\n","protected":false},"excerpt":{"rendered":"SI \/ Bielefeld \/ Mitte &#8211; Die Polizei Bielefeld bittet die \u00d6ffentlichkeit um Mithilfe bei der Suche nach&hellip;\n","protected":false},"author":2,"featured_media":159771,"comment_status":"","ping_status":"","sticky":false,"template":"","format":"standard","meta":{"footnotes":""},"categories":[1772],"tags":[29,214,30,1779,810,12925,215],"class_list":{"0":"post-159770","1":"post","2":"type-post","3":"status-publish","4":"format-standard","5":"has-post-thumbnail","7":"category-musik","8":"tag-deutschland","9":"tag-entertainment","10":"tag-germany","11":"tag-music","12":"tag-musik","13":"tag-polizeimeldungen","14":"tag-unterhaltung"},"share_on_mastodon":{"url":"https:\/\/pubeurope.com\/@de\/114614902878493871","error":""},"_links":{"self":[{"href":"https:\/\/www.europesays.com\/de\/wp-json\/wp\/v2\/posts\/159770","targetHints":{"allow":["GET"]}}],"collection":[{"href":"https:\/\/www.europesays.com\/de\/wp-json\/wp\/v2\/posts"}],"about":[{"href":"https:\/\/www.europesays.com\/de\/wp-json\/wp\/v2\/types\/post"}],"author":[{"embeddable":true,"href":"https:\/\/www.europesays.com\/de\/wp-json\/wp\/v2\/users\/2"}],"replies":[{"embeddable":true,"href":"https:\/\/www.europesays.com\/de\/wp-json\/wp\/v2\/comments?post=159770"}],"version-history":[{"count":0,"href":"https:\/\/www.europesays.com\/de\/wp-json\/wp\/v2\/posts\/159770\/revisions"}],"wp:featuredmedia":[{"embeddable":true,"href":"https:\/\/www.europesays.com\/de\/wp-json\/wp\/v2\/media\/159771"}],"wp:attachment":[{"href":"https:\/\/www.europesays.com\/de\/wp-json\/wp\/v2\/media?parent=159770"}],"wp:term":[{"taxonomy":"category","embeddable":true,"href":"https:\/\/www.europesays.com\/de\/wp-json\/wp\/v2\/categories?post=159770"},{"taxonomy":"post_tag","embeddable":true,"href":"https:\/\/www.europesays.com\/de\/wp-json\/wp\/v2\/tags?post=159770"}],"curies":[{"name":"wp","href":"https:\/\/api.w.org\/{rel}","templated":true}]}}