{"id":159816,"date":"2025-06-02T17:39:13","date_gmt":"2025-06-02T17:39:13","guid":{"rendered":"https:\/\/www.europesays.com\/de\/159816\/"},"modified":"2025-06-02T17:39:13","modified_gmt":"2025-06-02T17:39:13","slug":"suche-nach-vermisster-frau-aus-halle-polizei-geht-neuen-hinweisen-nach-haller-kreisblatt","status":"publish","type":"post","link":"https:\/\/www.europesays.com\/de\/159816\/","title":{"rendered":"Suche nach vermisster Frau aus Halle: Polizei geht neuen Hinweisen nach | Haller Kreisblatt"},"content":{"rendered":"<p id=\"absatz1\" class=\"em_text\">Halle. Das letzte Mal, dass Elisabeth R. gesehen wurde, war am Sonntag (1. Juni) gegen 11.25 Uhr im Altenzentrum Eggeblick. Seitdem wird nach der dementen Frau gesucht. Die Polizei hat dazu ein Gro\u00dfaufgebot an Hilfskr\u00e4ften im Einsatz, das bis tief in die Nacht unterwegs war und die Arbeit am Montagmorgen direkt wieder aufgenommen hat.<\/p>\n<p id=\"absatz2\" class=\"em_text\">Zun\u00e4chst noch unbemerkt von der breiten \u00d6ffentlichkeit wurde am Sonntagmittag zun\u00e4chst das gesamte Seniorenheim untersucht &#8211; jedes Zimmer, jede Etage, jeder Winkel. Gerade vor dem Hintergrund, dass sich demente Personen in einer neuen Umgebung vielleicht in der T\u00fcr irren, war diese Ma\u00dfnahme das erste Mittel der Wahl. Parallel dazu wurde der Bereich rund um das Haus an der Stra\u00dfe Tiefer Weg unter die Lupe genommen. Als die 88-J\u00e4hrige auch dort nicht gefunden wurde, z\u00f6gerte die Polizei keinen Augenblick und setzte noch am Nachmittag weitere Polizeibeamte sowie einen Hubschrauber ein.<\/p>\n<p id=\"absatz4\" class=\"em_text\">Tief und lange kreiste er in dem Bereich Theenhausener Stra\u00dfe\/Osnabr\u00fccker Stra\u00dfe &#8211; n\u00f6rdlich der OWL-Arena, Holz Speckmann, dem Laibach-Park sowie dem Marienheim und \u00fcberflog den Teutoburger Wald bis hin zum Eggeblick. Eine Aktion, die auch den Bewohnern von Halle auffiel und die sich beim \u201eHaller Kreisblatt\u201c meldeten. Erste Vermutungen, dass es sich wie zuletzt am Ostermontag erneut um einen <a href=\"https:\/\/www.haller-kreisblatt.de\/region\/24085360_Hubschrauber-ueber-dem-Altkreis-Halle-sorgt-fuer-Aufsehen-die-Hintergruende.html \" rel=\"nofollow noopener\" target=\"_blank\">Helikopter des \u00dcbertragungsnetzbetreibers Amprion<\/a> handelte, der zum wiederholten Mal die Freileitungen der Stromtrassen in diesem Areal abflog, best\u00e4tigten sich allerdings nicht. Vielmehr gab die Polizei die Suche nach Elisabeth R. bekannt und ver\u00f6ffentlichte eine entsprechende Fahndung.<\/p>\n<p>Polizei hat ein Foto der Hallerin ins Fahndungsportal gestellt<\/p>\n<p><a class=\"article-detail-image use-fancybox\" href=\"https:\/\/www.haller-kreisblatt.de\/_em_daten\/_cache\/image\/1xSTNoajFkK0wzeEpvc2c1VVZ2aEtnNUo5c0s2T2ZxY2QvcUh6UmRia2VQek1qdTk0MW5hU2RESHBsQ0k3WExKV3B6WWppWmxMcmtoUXorV2h3SDhESXkyNzVtZXY5ZnlSL2lxYVZnZmlEb1k9\/250602-1814-620801148.jpg\" rel=\"article-detail-image-overlay nofollow noopener\" title=\"Am Nachmittag kreiste der aus Dortmund herbeigerufene Polizeihubschrauber etwa eine Stunde lang \u00fcber der Haller Drachenwiese am Gr\u00fcnen Weg. - \u00a9 Uwe Pollmeier\" target=\"_blank\"><\/p>\n<p><img decoding=\"async\" itemprop=\"image\" class=\"media-object img-responsive\" width=\"500\" src=\"https:\/\/www.europesays.com\/de\/wp-content\/uploads\/2025\/06\/250602-1814-620801148.jpg\" alt=\"Am Nachmittag kreiste der aus Dortmund herbeigerufene Polizeihubschrauber etwa eine Stunde lang \u00fcber der Haller Drachenwiese am Gr\u00fcnen Weg. - \u00a9 Uwe Pollmeier\"\/><br \/>\n<\/a><\/p>\n<p>Am Nachmittag kreiste der aus Dortmund herbeigerufene Polizeihubschrauber etwa eine Stunde lang \u00fcber der Haller Drachenwiese am Gr\u00fcnen Weg.<br \/>\n(\u00a9 Uwe Pollmeier)<\/p>\n<p id=\"absatz6\" class=\"em_text\">In der Pressemitteilung hei\u00dft es: \u201eSeit Sonntagvormittag (1. Juni, 11.25 Uhr) wird die 88-j\u00e4hrige Elisabeth R. vermisst. Zuletzt wurde sie in einer Senioreneinrichtung an der Stra\u00dfe \u201eTiefer Weg\u201c gesehen. Die demente Dame ist vermutlich mit einem Rollator unterwegs. Sie ist 1,65 Meter gro\u00df und trug zuletzt einen gestreiften Pullover und eine graue Hose.<\/p>\n<p id=\"absatz7\" class=\"em_text\">Die Suche nach der Frau wurde bereits durch einen Polizeihubschrauber und Suchhunde unterst\u00fctzt. Ein Foto der Vermissten ist auf dem landesweiten <a href=\"https:\/\/polizei.nrw\/fahndung\/170022\" rel=\"nofollow noopener\" target=\"_blank\">Fahndungsportal der Polizei NRW <\/a>ver\u00f6ffentlicht worden. Hinweise zu dem Aufenthaltsort von Elisabeth R. nimmt jede Polizeidienststelle unter der Rufnummer 110 oder die Polizei G\u00fctersloh unter der Telefonnummer 05241\/869-0 entgegen.\u201c<\/p>\n<p>Hinweise nimmt jede Polizeidienststelle entgegen<\/p>\n<p id=\"absatz8\">Am fr\u00fchen Sonntagabend dann intensivierte die Polizei die Suchma\u00dfnahmen: Sammelstelle f\u00fcr die Einsatzkr\u00e4fte war der Parkplatz gegen\u00fcber des Combi-Marktes an der Langen Stra\u00dfe. Und tats\u00e4chlich wurde die gesamte Fl\u00e4che f\u00fcr die verschiedenen Fahrzeuge von Polizei, Arbeiter-Samariter-Bund und Johannitern, die zahlreichen Helferinnen und Helfer, verschiedene Gef\u00e4hrte sowie Mantrailer und Fl\u00e4chensuchhunde gebraucht. <\/p>\n<p>\n Suche nach dementer alten Dame in Halle\n<\/p>\n<p><a class=\"article-detail-galleria-teaser-image\" data-paid-content=\"0\" data-id=\"683ddfbc710b0\" data-gallery=\"24111513\" href=\"https:\/\/www.haller-kreisblatt.de\/microsites\/fotostrecken\/fotostrecken\/?em_cnt=24111513&amp;em_art=gallery\" rel=\"nofollow noopener\" target=\"_blank\"><br \/>\n<img loading=\"lazy\" decoding=\"async\" itemprop=\"image\" class=\"media-object img-responsive\" src=\"https:\/\/www.europesays.com\/de\/wp-content\/uploads\/2025\/06\/250601-2117-615870469.jpg\" width=\"280\" height=\"195\" alt=\"Suche nach dementer alten Dame in Halle\"\/><br \/>\n<\/a><\/p>\n<p><a class=\"article-detail-galleria-teaser-image\" data-paid-content=\"0\" data-id=\"683ddfbc710b0\" data-gallery=\"24111513\" href=\"https:\/\/www.haller-kreisblatt.de\/microsites\/fotostrecken\/fotostrecken\/?em_cnt=24111513&amp;em_art=gallery\" rel=\"nofollow noopener\" target=\"_blank\"><br \/>\n<img loading=\"lazy\" decoding=\"async\" itemprop=\"image\" class=\"media-object img-responsive\" src=\"https:\/\/www.europesays.com\/de\/wp-content\/uploads\/2025\/06\/250601-2117-615870330.jpg\" width=\"280\" height=\"195\" alt=\"Suche nach dementer alten Dame in Halle\"\/><br \/>\n<\/a><\/p>\n<p id=\"absatz9\" class=\"em_text\">\nDer Unterschied zwischen Mantrailern und Fl\u00e4chensuchhunden besteht darin, dass sich der Mantrailer nur auf einen bestimmten Geruch konzentriert, den sogenannten Individualgeruch. Im Gegensatz zum Fl\u00e4chensuchhund, der jeden menschlichen Geruch wahrnimmt. Es erfolgten mehrere Einsatzbesprechungen. \u201eDie 88-J\u00e4hrige ist fortgeschritten dement und stark orientierungslos, sodass sie sich in einer hilflosen Lage befinden k\u00f6nnte\u201c, sagte ein Polizei-Beamter. In verschiedenen Teams machten sich die Einsatzkr\u00e4fte auf den Weg. Manche hielten auch die Stellung auf dem Platz. Ebenso ein Rettungswagen.<\/p>\n<p>Frau (88) verschwindet aus Altenheim Eggeblick in Halle<\/p>\n<p><a class=\"article-detail-image use-fancybox\" href=\"https:\/\/www.haller-kreisblatt.de\/_em_daten\/_cache\/image\/1xWERLRWtsOERZNFdTSTU5MysyeWdlUExHU0R2SG5SMWZmSVNOeUkwajF2ZXZiclpwT2tLQ0tKT1hpWEt6djQ2MzVDSVFMb0FUWDNDaFJoSFRseE1nSUkyNnM4UGFYblNtdmdOc0wwWkNvc2s9\/250602-1335-620747496.jpg\" rel=\"article-detail-image-overlay nofollow noopener\" title=\"F\u00fcnf Polizeibeamte und Polizeibeamtinnen begaben sich gegen Montagmittag mit einem Mantrailer unweit des Rathauses II in der Graebestra\u00dfe nach einem Zeugenhinweis auf die Spur der Seniorin. - \u00a9 Uwe Pollmeier\" target=\"_blank\"><\/p>\n<p><img decoding=\"async\" itemprop=\"image\" class=\"media-object img-responsive\" width=\"500\" src=\"https:\/\/www.europesays.com\/de\/wp-content\/uploads\/2025\/06\/250602-1335-620747496.jpg\" alt=\"F\u00fcnf Polizeibeamte und Polizeibeamtinnen begaben sich gegen Montagmittag mit einem Mantrailer unweit des Rathauses II in der Graebestra\u00dfe nach einem Zeugenhinweis auf die Spur der Seniorin. - \u00a9 Uwe Pollmeier\"\/><br \/>\n<\/a><\/p>\n<p>F\u00fcnf Polizeibeamte und Polizeibeamtinnen begaben sich gegen Montagmittag mit einem Mantrailer unweit des Rathauses II in der Graebestra\u00dfe nach einem Zeugenhinweis auf die Spur der Seniorin.<br \/>\n(\u00a9 Uwe Pollmeier)<\/p>\n<p id=\"absatz11\" class=\"em_text\">Gegen 21 Uhr trafen die Johanniter mit einem gel\u00e4ndeg\u00e4ngigen Quad ein, um auch im Teuto in schwierigem Gel\u00e4nde schnell voranzukommen. Am Altenheim Eggeblick, von wo aus die Frau am Mittag verschwunden war, hatten sich zwei Einsatzwagen der Polizei postiert. Ebenso waren Polizeiwagen in der Stadt unterwegs.<\/p>\n<p id=\"absatz12\" class=\"em_text\">Noch vor Einsetzen der Dunkelheit hatten die Einsatzkr\u00e4fte unter anderem die Kirche, den Friedhof und den alten Wohnort der Frau an der Apothekerstra\u00dfe abgesucht sowie ehemalige Anlauf-Adressen und Nachbarn aufgesucht &#8211; aber alles ohne Erfolg. Trotz der Dunkelheit wurde die Suchaktion fortgesetzt.<\/p>\n<p id=\"absatz13\"><b class=\"bold\">Lesen Sie auch:<\/b> <a href=\"https:\/\/www.haller-kreisblatt.de\/lokal\/borgholzhausen\/23976049_Vermisster-Borgholzhausener-Polizei-konzentriert-sich-auf-Dissener-Gebiet.html\" rel=\"nofollow noopener\" target=\"_blank\">Vermisster Borgholzhausener war abends vor seinem Verschwinden \u201egut drauf\u201c<\/a><\/p>\n<p id=\"absatz14\" class=\"em_text\">Laut Aussage von Jochen Ortmann, Abschnittsleiter Rettungshunde der Johanniter, Rettungsstaffel Paderborn, k\u00f6nnten die Hunde auch problemlos im Dunkeln suchen. Laut Polizeiangaben wurden die Tiere noch bis tief in die Nacht eingesetzt. Ferner wurde mit zwei Drohnen gearbeitet &#8211; unter anderem stieg eine \u00fcber dem Laibach-Park auf, eine andere suchte \u00fcber unwegsamem Gel\u00e4nde in Richtung Hesseln.<\/p>\n<p>Vermisste Frau: Herrenlose Rollatoren in Halle k\u00f6nnten eine Spur sein<\/p>\n<p><a class=\"article-detail-image use-fancybox\" href=\"https:\/\/www.haller-kreisblatt.de\/_em_daten\/_cache\/image\/1xL2EzYU1LMU9ETnduenZnNWExemxra2tJcjU4MkpaSzRkRWR3VTRIVVZsbTlKMWVWVUtlT1RSdWVSOWEwb0VXbnpPK0tGYytCQkZNdFFmeFVveUdpOVE9PQ\/250601-2117-615870469.jpg\" rel=\"article-detail-image-overlay nofollow noopener\" title=\"Gro\u00df angelegte Suche nach einer dementen alten Dame aus Halle. - \u00a9 Nicole Donath\" target=\"_blank\"><\/p>\n<p><img decoding=\"async\" itemprop=\"image\" class=\"media-object img-responsive\" width=\"500\" src=\"https:\/\/www.europesays.com\/de\/wp-content\/uploads\/2025\/06\/1748885953_995_250601-2117-615870469.jpg\" alt=\"Gro\u00df angelegte Suche nach einer dementen alten Dame aus Halle. - \u00a9 Nicole Donath\"\/><br \/>\n<\/a><\/p>\n<p>Gro\u00df angelegte Suche nach einer dementen alten Dame aus Halle.<br \/>\n(\u00a9 Nicole Donath)<\/p>\n<p id=\"absatz16\" class=\"em_text\">Und auch der Hubschrauber kam sp\u00e4t abends und bis in die Nacht hinein erneut zum Einsatz. Damit ging die Polizei einem Hinweis von Zeugen nach, die die alte Dame in der N\u00e4he des Ravenna-Parks gesehen haben wollten. Gegen 23 Uhr \u00fcberflog der Hubschrauber den Ravenna-Park zun\u00e4chst recht z\u00fcgig bis nach Amshausen &#8211; um dann langsam und koordiniert in Richtung Innenstadt zur\u00fcckzufliegen.<\/p>\n<p id=\"absatz17\">Ausger\u00fcstet mit einer W\u00e4rmebildkamera kann der Operator, der die Kamera bedient, Temperaturunterschiede von weniger als einem Grad Celsius erkennen. Dadurch ist die Hubschrauberbesatzung in der Lage, vermisste, verirrte und hilflose Personen auch in der Dunkelheit zu finden. Bis weit nach Mitternacht \u00fcberflog die Besatzung das Zentrum von Halle sowie die n\u00e4here Umgebung. Auch Oldtimerfest in Hesseln schaute sich noch ein Team um &#8211; aber eine Spur von Elisabeth R. fand sich nicht.<\/p>\n<p id=\"absatz18\" class=\"em_text\">Die zahlreichen Suchma\u00dfnahmen wurden auch am Montag (2. Juni) fortgesetzt. Die Polizei bat am Morgen abermals darum, verd\u00e4chtige Feststellungen umgehend zu melden: Wer kann Hinweise zu der Vermissten geben? Wer hat eine Dame mit einem Rollator oder auch ohne am Sonntag gesehen, die der Vermissten \u00e4hnelt? Ebenfalls rief die Polizei dazu auf, auch herrenlose Rollatoren zu melden. Hinweise nimmt jede Polizeidienststelle unter der Rufnummer 110 entgegen.<\/p>\n<p>Polizei geht Hinweis aus der Bev\u00f6lkerung im Haller Zentrum nach<\/p>\n<p id=\"absatz19\" class=\"em_text\">Gegen Montagmittag setzte die Polizei erneut einen Personensp\u00fcrhund ein, nachdem es einen Hinweis aus der Bev\u00f6lkerung gegeben hatte. Demnach k\u00f6nnte sich die Frau nach ihrem Verschwinden noch an der Graebestra\u00dfe unweit des Rathauses II aufgehalten haben.<\/p>\n<p id=\"absatz20\" class=\"em_text\">Folglich nahm der Hund der Rasse Schwei\u00dfhund die F\u00e4hrte auf, nachdem er mittels eines Geruchstr\u00e4gers, den die Beamten zuvor im Eggeblick sichergestellt hatten und der den Individualgeruch der gesuchten Person wiedergibt, in seinen Job eingewiesen wurde. Zwei Zivilfahrzeuge mit Blaulicht sowie ein Streifenwagen sicherten die Gruppe ab, sodass der Hund ungest\u00f6rt suchen konnte und nicht von vorbeifahrenden Autos gest\u00f6rt wurde.<\/p>\n<p id=\"absatz21\"><b class=\"bold\">Lesen Sie auch:<\/b> <a href=\"https:\/\/www.haller-kreisblatt.de\/ratgeber\/gesundheit\/24098106_Vertraege-Vollmachten-Verantwortung-Was-tun-bei-Demenz.html\" rel=\"nofollow noopener\" target=\"_blank\">Vertr\u00e4ge, Vollmachten, Verantwortung: Was tun bei Demenz?<\/a><\/p>\n<p id=\"absatz22\" class=\"em_text\">Mit z\u00fcgigem Schritt ging die Gruppe Richtung Goebenstra\u00dfe, dann weiter zum Bahnhof und die Alleestra\u00dfe stadtausw\u00e4rts. Die Spur f\u00fchrte bis hinaus zur Alten Lederfabrik &#8211; auch das Gel\u00e4nde des Restaurants Beuken`s, fr\u00fcher \u201eBauerncaf\u00e9 Beuken Schmedt\u201c, wurde n\u00e4her betrachtet. Danach ging es erneut \u00fcber die Alleestra\u00dfe zur\u00fcck Richtung Zentrum, etwas intensiver wurde auch noch das Gel\u00e4nde der Esso-Tankstelle untersucht. Schlie\u00dflich ging es quer durch die Stadt und entlang der Langen Stra\u00dfe und der Wertherstra\u00dfe in Richtung Altenzentrum Eggeblick.<\/p>\n<p>Polizeihubschrauber sucht erneut Haller Stadtgebiet ab<\/p>\n<p id=\"absatz23\" class=\"em_text\">Da auch diese Suche, die sich auf Zeugenaussagen st\u00fctzte, erfolglos verlief, wurde erneut ein Polizeihubschrauber aus Dortmund angefordert. Dieser kam innerhalb von rund 20 Minuten und \u00fcberflog das Gebiet Drachenwiese, Apothekerstra\u00dfe und Altenzentrum Eggeblick. Rund eine Stunde lang flog er ab 15.45 Uhr \u00fcber das Areal, aber auch hier blieb die Suche erfolglos. \u201eIch kann nicht verstehen, dass jemand so spurlos verschwindet\u201c, sagte Polizeisprecherin Katharina Felsch. Der Fall sei mysteri\u00f6s, zumal das Alter und der Gesundheitszustand von R. nicht vermuten lassen, dass diese weite Wege gegangen ist.<\/p>\n<p id=\"absatz24\"><b class=\"bold\">\ud83d\udcf2 Aktuelle News bekommen Sie t\u00e4glich \u00fcber den<\/b> <a href=\"https:\/\/whatsapp.com\/channel\/0029VagU0FW1SWsxhmHz2v0q\" rel=\"noreferrer noopener nofollow\" target=\"_blank\" title=\"https:\/\/whatsapp.com\/channel\/0029VagU0FW1SWsxhmHz2v0q\">WhatsApp-Kanal des HK<\/a><\/p>\n<p id=\"absatz25\" class=\"em_text\">Im Eggeblick sind derzeit alle besorgt und hoffen auf ein gutes Ende. \u201eVielleicht spielt uns wenigstens das Wetter in die Karten\u201c, erkl\u00e4rte Dr. Claudia Schr\u00f6der, Pressesprecherin des Bielefelder Johanneswerks, dem Tr\u00e4ger der Einrichtung im Haller Norden. Die Temperatur war in der vergangenen Nacht immerhin konstant im zweistelligen Bereich.<\/p>\n<p id=\"absatz26\" class=\"em_text\">\u201eUnsere Bewohnerinnen und Bewohner k\u00f6nnen sich im Haus und auch au\u00dferhalb des Hauses jederzeit frei bewegen\u201c, f\u00fcgte Claudia Schr\u00f6der an. Dies entspreche dem Betreuungskonzept des Hauses, wo es keine spezielle Behandlung f\u00fcr demenziell erkrankte Personen gibt. \u201eDie Bewohnerinnen und Bewohner sowie die Angeh\u00f6rigen entscheiden sich bewusst f\u00fcr dieses Konzept\u201c, berichtete sie. Es gebe auch andere Pflegeeinrichtungen, in denen Bewohner mit Demenz keinen so gro\u00dfen Bewegungsradius haben. \u201eWir wollen aber ganz bewusst niemanden einsperren.\u201c<\/p>\n<p>Im Eggeblick hoffen alle auf ein gutes Ende<\/p>\n<p id=\"absatz27\" class=\"em_text\">\u201eWir passen nat\u00fcrlich auf, aber in solch seltenen F\u00e4llen kann es passieren, dass jemand einen unbeobachteten Moment abpasst und verschwindet\u201c, fuhr Claudia Schr\u00f6der fort. Genau das ist offenbar am Sonntag passiert und bis jetzt wei\u00df niemand, wohin Elisabeth R. gegangen ist.<\/p>\n<p id=\"absatz28\"><b class=\"bold\">+++ Dieser Artikel wird weiter aktualisiert +++<\/b> <\/p>\n","protected":false},"excerpt":{"rendered":"Halle. Das letzte Mal, dass Elisabeth R. gesehen wurde, war am Sonntag (1. Juni) gegen 11.25 Uhr im&hellip;\n","protected":false},"author":2,"featured_media":159817,"comment_status":"","ping_status":"","sticky":false,"template":"","format":"standard","meta":{"footnotes":""},"categories":[1841],"tags":[55839,10116,7084,1605,3364,29,55616,55185,514,10120,30,23442,55840,2954,729,49960,55186,734,19081,16384,1613,1209,55187,5224,22059,121,55618,42404],"class_list":{"0":"post-159816","1":"post","2":"type-post","3":"status-publish","4":"format-standard","5":"has-post-thumbnail","7":"category-bielefeld","8":"tag-altenzentrum","9":"tag-amprion-gmbh","10":"tag-arbeiter-samariter-bund","11":"tag-bielefeld","12":"tag-de","13":"tag-deutschland","14":"tag-eggeblick","15":"tag-elisabeth-r","16":"tag-fahrzeug","17":"tag-gtersloh","18":"tag-germany","19":"tag-helikopter","20":"tag-hesseln","21":"tag-hubschrauber","22":"tag-label_s-50","23":"tag-laibach","24":"tag-marienheim","25":"tag-meta_artikelklasse_nachricht","26":"tag-meta_copyrights_hk","27":"tag-meta_themen_blaulicht_sicherheit","28":"tag-meta_userneeds_informieremich","29":"tag-nordrhein-westfalen","30":"tag-osnabrcker-strae","31":"tag-ostermontag","32":"tag-owl","33":"tag-polizei","34":"tag-polizei-nordrhein-westfalen","35":"tag-teutoburger-wald"},"share_on_mastodon":{"url":"","error":"Validation failed: Text character limit of 500 exceeded"},"_links":{"self":[{"href":"https:\/\/www.europesays.com\/de\/wp-json\/wp\/v2\/posts\/159816","targetHints":{"allow":["GET"]}}],"collection":[{"href":"https:\/\/www.europesays.com\/de\/wp-json\/wp\/v2\/posts"}],"about":[{"href":"https:\/\/www.europesays.com\/de\/wp-json\/wp\/v2\/types\/post"}],"author":[{"embeddable":true,"href":"https:\/\/www.europesays.com\/de\/wp-json\/wp\/v2\/users\/2"}],"replies":[{"embeddable":true,"href":"https:\/\/www.europesays.com\/de\/wp-json\/wp\/v2\/comments?post=159816"}],"version-history":[{"count":0,"href":"https:\/\/www.europesays.com\/de\/wp-json\/wp\/v2\/posts\/159816\/revisions"}],"wp:featuredmedia":[{"embeddable":true,"href":"https:\/\/www.europesays.com\/de\/wp-json\/wp\/v2\/media\/159817"}],"wp:attachment":[{"href":"https:\/\/www.europesays.com\/de\/wp-json\/wp\/v2\/media?parent=159816"}],"wp:term":[{"taxonomy":"category","embeddable":true,"href":"https:\/\/www.europesays.com\/de\/wp-json\/wp\/v2\/categories?post=159816"},{"taxonomy":"post_tag","embeddable":true,"href":"https:\/\/www.europesays.com\/de\/wp-json\/wp\/v2\/tags?post=159816"}],"curies":[{"name":"wp","href":"https:\/\/api.w.org\/{rel}","templated":true}]}}