{"id":159820,"date":"2025-06-02T17:41:15","date_gmt":"2025-06-02T17:41:15","guid":{"rendered":"https:\/\/www.europesays.com\/de\/159820\/"},"modified":"2025-06-02T17:41:15","modified_gmt":"2025-06-02T17:41:15","slug":"solinger-fronhof-wird-zur-sommerbuehne","status":"publish","type":"post","link":"https:\/\/www.europesays.com\/de\/159820\/","title":{"rendered":"Solinger Fronhof wird zur Sommerb\u00fchne"},"content":{"rendered":"<p class=\"small date article__date\">Ver\u00f6ffentlicht:\u00a0Montag, 02.06.2025 18:29<\/p>\n<p>Am Mittwoch (02.06.) er\u00f6ffnet Leonora die kostenlosen Klappstuhlkonzerte in der Innenstadt. <\/p>\n<p><img decoding=\"async\" alt=\"\" src=\"https:\/\/www.europesays.com\/de\/wp-content\/uploads\/2025\/06\/sommerbuehne-img_5081.jpeg&#038;crop=0x0x2048x1280&#038;resize=1280x800&#038;dt=202506021830030.jpeg\" data-size=\"1280x800\"\/>\u00a9 Thorsten Kabitz \/ Radio RSG<\/p>\n<p>Musik liegt in der Luft: Die MitteSchmiede, der neugegr\u00fcndete Solinger Innenstadt-Verein, will f\u00fcr positive Momente und neue Klang-Erlebnisse in der City sorgen. Sechs Wochen lang wird der Fronhof zur Sommerb\u00fchne. Immer mittwochs zwischen 19 und 20 Uhr finden dort kostenlose, kleine Konzerte statt. Auf eine gro\u00dfe B\u00fchne wird dabei verzichtet. Die Konzerte finden auf der Treppe vor der Stadtkirche statt &#8211; auf Augenh\u00f6he mit dem Publikum. Die geplanten Termine und K\u00fcnstler:<\/p>\n<ul>\n<li>4. Juni: Leonora<\/li>\n<li>11. Juni: Boris Radulovic (Klavier &amp; Streicher)<\/li>\n<li>18. Juni: Ronja Luka (Stra\u00dfenmusikerin)<\/li>\n<li>25. Juni: Dr. Hinkelstein Band (Coverband der Wilhelm-Hartschen-Schule \/ Lebenshilfe)<\/li>\n<li>2. Juli: Gabriel Diego Iocco Pais (ehem. The Voice-Kandidat)<\/li>\n<li>9. Juli: Musikschule Solingen<\/li>\n<\/ul>\n<p>Wer will, kann sich seinen eigenen Klappstuhl oder andere Sitzgelegenheiten selbst mitbringen. Es werden aber auch gro\u00dfe Sitzkissen bereitgelegt.<\/p>\n","protected":false},"excerpt":{"rendered":"Ver\u00f6ffentlicht:\u00a0Montag, 02.06.2025 18:29 Am Mittwoch (02.06.) er\u00f6ffnet Leonora die kostenlosen Klappstuhlkonzerte in der Innenstadt. \u00a9 Thorsten Kabitz \/&hellip;\n","protected":false},"author":2,"featured_media":159821,"comment_status":"","ping_status":"","sticky":false,"template":"","format":"standard","meta":{"footnotes":""},"categories":[1840],"tags":[55844,3364,29,30,1209,4418],"class_list":{"0":"post-159820","1":"post","2":"type-post","3":"status-publish","4":"format-standard","5":"has-post-thumbnail","7":"category-wuppertal","8":"tag-fronhof","9":"tag-de","10":"tag-deutschland","11":"tag-germany","12":"tag-nordrhein-westfalen","13":"tag-wuppertal"},"share_on_mastodon":{"url":"https:\/\/pubeurope.com\/@de\/114615005252032474","error":""},"_links":{"self":[{"href":"https:\/\/www.europesays.com\/de\/wp-json\/wp\/v2\/posts\/159820","targetHints":{"allow":["GET"]}}],"collection":[{"href":"https:\/\/www.europesays.com\/de\/wp-json\/wp\/v2\/posts"}],"about":[{"href":"https:\/\/www.europesays.com\/de\/wp-json\/wp\/v2\/types\/post"}],"author":[{"embeddable":true,"href":"https:\/\/www.europesays.com\/de\/wp-json\/wp\/v2\/users\/2"}],"replies":[{"embeddable":true,"href":"https:\/\/www.europesays.com\/de\/wp-json\/wp\/v2\/comments?post=159820"}],"version-history":[{"count":0,"href":"https:\/\/www.europesays.com\/de\/wp-json\/wp\/v2\/posts\/159820\/revisions"}],"wp:featuredmedia":[{"embeddable":true,"href":"https:\/\/www.europesays.com\/de\/wp-json\/wp\/v2\/media\/159821"}],"wp:attachment":[{"href":"https:\/\/www.europesays.com\/de\/wp-json\/wp\/v2\/media?parent=159820"}],"wp:term":[{"taxonomy":"category","embeddable":true,"href":"https:\/\/www.europesays.com\/de\/wp-json\/wp\/v2\/categories?post=159820"},{"taxonomy":"post_tag","embeddable":true,"href":"https:\/\/www.europesays.com\/de\/wp-json\/wp\/v2\/tags?post=159820"}],"curies":[{"name":"wp","href":"https:\/\/api.w.org\/{rel}","templated":true}]}}