{"id":15986,"date":"2025-04-08T15:46:09","date_gmt":"2025-04-08T15:46:09","guid":{"rendered":"https:\/\/www.europesays.com\/de\/15986\/"},"modified":"2025-04-08T15:46:09","modified_gmt":"2025-04-08T15:46:09","slug":"wie-geht-sina-mit-bambis-auszug-aus-dem-schlafzimmer-um","status":"publish","type":"post","link":"https:\/\/www.europesays.com\/de\/15986\/","title":{"rendered":"Wie geht Sina mit Bambis Auszug aus dem Schlafzimmer um?"},"content":{"rendered":"<p>8. April 2025 um 06:07 Uhr<\/p>\n<p class=\"Typography_text-default__wldUd Typography_align-left__koBUM AnnotatedMarkup_paragraph__IUT9l\">Bambi kam einigerma\u00dfen damit klar, dass <a rel=\"noopener noreferrer nofollow\" href=\"https:\/\/www.rtl.de\/sendungen\/unter-uns\/mit-diesem-unter-uns-sex-rechnet-keiner-id2126009.html\" target=\"_blank\">Sina mit Tobias geschlafen hat<\/a>. Aber dass sie Tobias danach beinahe noch einmal gek\u00fcsst hat, ist zu viel f\u00fcr Bambi. Denn nun ist er unsicher, ob Sina nicht vielleicht doch mehr f\u00fcr Tobias empfindet. \u201eSolange wir nicht wissen, was das zwischen dir und Tobias ist, schlafe ich erstmal auf dem Sofa\u201c, k\u00fcndigt er an.<\/p>\n<p class=\"Typography_text-default__wldUd Typography_align-left__koBUM AnnotatedMarkup_paragraph__IUT9l\">Die erste Nacht auf dem Sofa scheint jedoch nicht gut verlaufen zu sein: Bambi schl\u00e4ft am Tag drauf im Auto eines Kunden seiner Werkstatt ein, das er eigentlich gerade reparieren wollte. Sina entdeckt ihn, wie er schlafend auf dem Fahrersitz sitzt. Von dieser Beobachtung erz\u00e4hlt sie sp\u00e4ter Nadine. Wie soll sie damit umgehen, dass Bambi bei der Arbeit einschl\u00e4ft? H\u00e4tte sie ihn wecken sollen? Aber Bambi wollte Abstand, das w\u00e4re dann zu \u00fcbergriffig gewesen, findet sie. Nadine r\u00e4t Sina, doch nochmal mit Bambi zu reden. Gl\u00fccklich sind sie ja beide nicht mit der Situation. Ob Sina Nadines Rat befolgt oder eine ganz andere Idee hat, zeigt das Video oben.<\/p>\n<p>Die ganze \u201eUnter uns\u201c-Folge, die am 15. April 2025 im TV l\u00e4uft, k\u00f6nnt ihr bereits eine Woche vorher, also am 8. April 2025 ab 18:00 <a rel=\"noopener nofollow\" href=\"https:\/\/plus.rtl.de\/video-tv\/serien\/unter-uns-41137?utm_campaign=textlink&amp;utm_content=2171278&amp;utm_medium=owned&amp;utm_source=rtl&amp;utm_term=unter-uns\" target=\"_blank\">auf RTL+ streamen.<\/a> Dort stehen neue Folgen von \u201eUnter uns\u201c bis zu sieben Tage vor TV-Ausstrahlung zur Verf\u00fcgung. (bm\u00f6)<\/p>\n","protected":false},"excerpt":{"rendered":"8. April 2025 um 06:07 Uhr Bambi kam einigerma\u00dfen damit klar, dass Sina mit Tobias geschlafen hat. Aber&hellip;\n","protected":false},"author":2,"featured_media":15987,"comment_status":"","ping_status":"","sticky":false,"template":"","format":"standard","meta":{"footnotes":""},"categories":[1773],"tags":[29,214,3066,30,640,3064,471,1780,1808,684,3062,215,3063,1339,3065],"class_list":{"0":"post-15986","1":"post","2":"type-post","3":"status-publish","4":"format-standard","5":"has-post-thumbnail","7":"category-serien","8":"tag-deutschland","9":"tag-entertainment","10":"tag-folgenvorschau","11":"tag-germany","12":"tag-rtl","13":"tag-schillerallee","14":"tag-serien","15":"tag-series","16":"tag-soap","17":"tag-tv","18":"tag-unter-uns","19":"tag-unterhaltung","20":"tag-uu","21":"tag-vorschau","22":"tag-weigel"},"share_on_mastodon":{"url":"https:\/\/pubeurope.com\/@de\/114303125739395980","error":""},"_links":{"self":[{"href":"https:\/\/www.europesays.com\/de\/wp-json\/wp\/v2\/posts\/15986","targetHints":{"allow":["GET"]}}],"collection":[{"href":"https:\/\/www.europesays.com\/de\/wp-json\/wp\/v2\/posts"}],"about":[{"href":"https:\/\/www.europesays.com\/de\/wp-json\/wp\/v2\/types\/post"}],"author":[{"embeddable":true,"href":"https:\/\/www.europesays.com\/de\/wp-json\/wp\/v2\/users\/2"}],"replies":[{"embeddable":true,"href":"https:\/\/www.europesays.com\/de\/wp-json\/wp\/v2\/comments?post=15986"}],"version-history":[{"count":0,"href":"https:\/\/www.europesays.com\/de\/wp-json\/wp\/v2\/posts\/15986\/revisions"}],"wp:featuredmedia":[{"embeddable":true,"href":"https:\/\/www.europesays.com\/de\/wp-json\/wp\/v2\/media\/15987"}],"wp:attachment":[{"href":"https:\/\/www.europesays.com\/de\/wp-json\/wp\/v2\/media?parent=15986"}],"wp:term":[{"taxonomy":"category","embeddable":true,"href":"https:\/\/www.europesays.com\/de\/wp-json\/wp\/v2\/categories?post=15986"},{"taxonomy":"post_tag","embeddable":true,"href":"https:\/\/www.europesays.com\/de\/wp-json\/wp\/v2\/tags?post=15986"}],"curies":[{"name":"wp","href":"https:\/\/api.w.org\/{rel}","templated":true}]}}