{"id":15996,"date":"2025-04-08T15:51:11","date_gmt":"2025-04-08T15:51:11","guid":{"rendered":"https:\/\/www.europesays.com\/de\/15996\/"},"modified":"2025-04-08T15:51:11","modified_gmt":"2025-04-08T15:51:11","slug":"zwei-weltstars-beenden-ihre-fehde","status":"publish","type":"post","link":"https:\/\/www.europesays.com\/de\/15996\/","title":{"rendered":"Zwei Weltstars beenden ihre Fehde"},"content":{"rendered":"<p>Madonna erleichtert <\/p>\n<p>Zwei Weltstars beenden ihre jahrzehntelange Fehde<\/p>\n<p>Aktualisiert am 08.04.2025 &#8211; 07:00 UhrLesedauer: 2 Min.<\/p>\n<p><a href=\"#focus-0\" class=\"transition-colors duration-200 focus-within:text-magenta block text-current relative\" data-sctrack=\"FocusGalleryImage.Reference\"><img fetchpriority=\"high\" data-testid=\"Opener.Image\" style=\"--lqipURL:url('https:\/\/images.t-online.de\/2025\/04\/8TwJodJlZaGp\/0x75:800x450\/fit-in\/150x0\/filters:blur(25)\/us-pop-star-madonna-lacht-bei-der-verleihung-der-30-glaad-media-awards-in-new-york.jpg')\"   loading=\"eager\" src=\"https:\/\/www.europesays.com\/de\/wp-content\/uploads\/2025\/04\/us-pop-star-madonna-lacht-bei-der-verleihung-der-30-glaad-media-awards-in-new-york.jpg\" alt=\"US-Pop-Star Madonna lacht bei der Verleihung der 30. GLAAD Media Awards in New York.\" title=\"US-Pop-Star Madonna lacht bei der Verleihung der 30. GLAAD Media Awards in New York.\" width=\"800\" height=\"450\" class=\"bg-[url:var(--lqipURL)] bg-cover bg-center flex w-full max-w-full h-full\" decoding=\"async\"\/><img style=\"--width:32;--height:32\" loading=\"lazy\" src=\"https:\/\/www.europesays.com\/de\/wp-content\/uploads\/2025\/03\/zoom-in.f7dae02f.svg.svg+xml\" alt=\"Vergr\u00f6\u00dfern des Bildes\" title=\"Vergr\u00f6\u00dfern des Bildes\" class=\"&#10;        block&#10;        h-[calc(var(--height)_\/_16_*_1rem)]&#10;        w-[calc(var(--width)_\/_16_*_1rem)]&#10;        max-w-none&#10;        absolute bottom-8 right-8 rounded-4 bg-snow p-8\" decoding=\"async\"\/><\/a><\/p>\n<p>US-Pop-Star Madonna lacht bei der Verleihung der 30. GLAAD Media Awards in New York. (Quelle: Evan Agostini\/dpa)<\/p>\n<p class=\"font-bold text-18 leading-17\">Seine Angriffe auf sie waren schon legend\u00e4r, nun jedoch kommt es offenbar zur Vers\u00f6hnung zwischen Madonna und Elton John. Gibt es bald sogar ein Duett?<\/p>\n<p class=\"text-18 leading-17\">Der jahrelange Zwist zwischen den Musik-Superstars <a class=\"transition-colors duration-200 cursor-pointer text-inherit no-underline text-salemsfur md:hover:text-magenta md:hover:border-magenta md:focus:text-magenta border-current border-b border-solid break-words\" href=\"https:\/\/www.t-online.de\/themen\/elton-john\/\" data-sctrack=\"BodyAnchor\" rel=\"nofollow noopener\" target=\"_blank\">Elton John<\/a> und <a class=\"transition-colors duration-200 cursor-pointer text-inherit no-underline text-salemsfur md:hover:text-magenta md:hover:border-magenta md:focus:text-magenta border-current border-b border-solid break-words\" href=\"https:\/\/www.t-online.de\/themen\/madonna\/\" data-sctrack=\"BodyAnchor\" rel=\"nofollow noopener\" target=\"_blank\">Madonna<\/a> scheint beigelegt. In einem Instagram-Beitrag schilderte Madonna ein emotionales Wiedersehen mit dem britischen S\u00e4nger hinter der B\u00fchne der US-Show &#8222;Saturday Night Live&#8220; (SNL). &#8222;Wir haben endlich das Kriegsbeil begraben!!!&#8220;, schrieb die 66-J\u00e4hrige. Dazu postete sie ein Foto der beiden Popstars, die sich im Arm halten.<\/p>\n<p class=\"text-18 leading-17\">\u00dcber Jahre hatte John Madonna f\u00fcr ihre Musik und Auftritte kritisiert, doch bei einer Ausgabe der legend\u00e4ren Comedyshow in <a class=\"transition-colors duration-200 cursor-pointer text-inherit no-underline text-salemsfur md:hover:text-magenta md:hover:border-magenta md:focus:text-magenta border-current border-b border-solid break-words\" href=\"https:\/\/www.t-online.de\/themen\/new-york\/\" data-sctrack=\"BodyAnchor\" rel=\"nofollow noopener\" target=\"_blank\">New York<\/a> wollte Madonna ihn nun stellen, wie sie schrieb. &#8222;Ich musste hinter die B\u00fchne und ihn konfrontieren. Als ich ihn traf, waren seine ersten Worte: &#8218;Vergib mir&#8216; \u2013 und die Mauer zwischen uns fiel.&#8220; Kurz darauf h\u00e4tten sie sich umarmt. John habe ihr sogar ein Lied gewidmet und wolle mit ihr zusammenarbeiten. &#8222;Es war, als w\u00fcrde sich alles f\u00fcgen&#8220;, schrieb Madonna.<\/p>\n<p class=\"text-18 leading-17\">Der Konflikt der beiden Popstars hatte sich \u00fcber zwei Jahrzehnte hingezogen. 2004 warf <a class=\"transition-colors duration-200 cursor-pointer text-inherit no-underline text-salemsfur md:hover:text-magenta md:hover:border-magenta md:focus:text-magenta border-current border-b border-solid break-words\" href=\"https:\/\/www.t-online.de\/themen\/elton\/\" data-sctrack=\"BodyAnchor\" rel=\"nofollow noopener\" target=\"_blank\">Elton<\/a> John Madonna bei einer Preisverleihung vor, Playback zu singen. Bei den Golden Globes 2012 eskalierte der Streit, als Madonna mit dem Preis f\u00fcr den besten Filmsong f\u00fcr &#8222;Masterpiece&#8220; Johns Beitrag &#8222;Hello Hello&#8220; ausstach. Elton John hatte zuvor auf dem roten Teppich erkl\u00e4rt, sie habe &#8222;nicht den Hauch einer verdammten Chance&#8220;. Jahre sp\u00e4ter sagte er in einem Interview \u00fcber sie: &#8222;Sie ist so ein Alptraum, ihre Karriere ist vorbei.&#8220;<\/p>\n<p class=\"text-18 leading-17\">Wie sehr Madonna die Angriffe ihres einstigen Idols zusetzten, erkl\u00e4rte sie in ihrem Instagram-Post nun ebenfalls: &#8222;Im Laufe der Jahrzehnte tat es mir weh zu wissen, dass jemand, den ich so sehr bewunderte, \u00f6ffentlich seine Abneigung gegen mich als K\u00fcnstlerin zeigte. Ich verstand es nicht.&#8220;<\/p>\n<p class=\"text-18 leading-17\">Jetzt scheint die Fehde beendet, mit einer Umarmung, einer Entschuldigung \u2013 und vielleicht sogar einer k\u00fcnstlerischen Zusammenarbeit.<\/p>\n","protected":false},"excerpt":{"rendered":"Madonna erleichtert Zwei Weltstars beenden ihre jahrzehntelange Fehde Aktualisiert am 08.04.2025 &#8211; 07:00 UhrLesedauer: 2 Min. US-Pop-Star Madonna&hellip;\n","protected":false},"author":2,"featured_media":15997,"comment_status":"","ping_status":"","sticky":false,"template":"","format":"standard","meta":{"footnotes":""},"categories":[155],"tags":[1217,29,10738,8817,214,30,10736,152,356,944,10737,215,10739],"class_list":{"0":"post-15996","1":"post","2":"type-post","3":"status-publish","4":"format-standard","5":"has-post-thumbnail","7":"category-unterhaltung","8":"tag-1217","9":"tag-deutschland","10":"tag-duett","11":"tag-elton-john","12":"tag-entertainment","13":"tag-germany","14":"tag-glaad-media-awards","15":"tag-instagram","16":"tag-madonna","17":"tag-new-york","18":"tag-saturday-night-live","19":"tag-unterhaltung","20":"tag-versoehnung"},"share_on_mastodon":{"url":"https:\/\/pubeurope.com\/@de\/114303145303440553","error":""},"_links":{"self":[{"href":"https:\/\/www.europesays.com\/de\/wp-json\/wp\/v2\/posts\/15996","targetHints":{"allow":["GET"]}}],"collection":[{"href":"https:\/\/www.europesays.com\/de\/wp-json\/wp\/v2\/posts"}],"about":[{"href":"https:\/\/www.europesays.com\/de\/wp-json\/wp\/v2\/types\/post"}],"author":[{"embeddable":true,"href":"https:\/\/www.europesays.com\/de\/wp-json\/wp\/v2\/users\/2"}],"replies":[{"embeddable":true,"href":"https:\/\/www.europesays.com\/de\/wp-json\/wp\/v2\/comments?post=15996"}],"version-history":[{"count":0,"href":"https:\/\/www.europesays.com\/de\/wp-json\/wp\/v2\/posts\/15996\/revisions"}],"wp:featuredmedia":[{"embeddable":true,"href":"https:\/\/www.europesays.com\/de\/wp-json\/wp\/v2\/media\/15997"}],"wp:attachment":[{"href":"https:\/\/www.europesays.com\/de\/wp-json\/wp\/v2\/media?parent=15996"}],"wp:term":[{"taxonomy":"category","embeddable":true,"href":"https:\/\/www.europesays.com\/de\/wp-json\/wp\/v2\/categories?post=15996"},{"taxonomy":"post_tag","embeddable":true,"href":"https:\/\/www.europesays.com\/de\/wp-json\/wp\/v2\/tags?post=15996"}],"curies":[{"name":"wp","href":"https:\/\/api.w.org\/{rel}","templated":true}]}}