{"id":159962,"date":"2025-06-02T18:58:15","date_gmt":"2025-06-02T18:58:15","guid":{"rendered":"https:\/\/www.europesays.com\/de\/159962\/"},"modified":"2025-06-02T18:58:15","modified_gmt":"2025-06-02T18:58:15","slug":"baden-wuerttemberg-nach-blitzeinschlag-riesige-magnetfelder-lassen-technik-im-ulmer-muenster-runterfahren","status":"publish","type":"post","link":"https:\/\/www.europesays.com\/de\/159962\/","title":{"rendered":"Baden-W\u00fcrttemberg: Nach Blitzeinschlag: Riesige Magnetfelder lassen Technik im Ulmer M\u00fcnster runterfahren"},"content":{"rendered":"<p class=\"metatextline\">Stand: 02.06.2025 18:33 Uhr<\/p>\n<p class=\"textabsatz columns twelve  m-ten  m-offset-one l-eight l-offset-two\">\n        <strong><strong>Das Ulmer M\u00fcnster ist beim Unwetter am Samstagabend von einem Blitz getroffen worden. Ein Feuer brach zwar nicht aus. Dennoch gibt es viele technische Sch\u00e4den.<\/strong><\/strong>\n    <\/p>\n<p>Von Carola K\u00fchrig, Rainer Schlenz\n                        <\/p>\n<p class=\"textabsatz m-ten m-offset-one l-eight l-offset-two columns twelve\">\nDieses Unwetter hatte es in sich: <a href=\"https:\/\/www.swr.de\/swraktuell\/baden-wuerttemberg\/warnung-unwetter-hagel-sturm-100.html\" title=\"Am Samstagabend verdunkelte sich der Himmel, es wurde st\u00fcrmisch, der Regen war heftig, ebenso das Gewitter\" class=\"textlink--extern\" target=\"_blank\" rel=\"noopener nofollow\">Am Samstagabend verdunkelte sich der Himmel, es wurde st\u00fcrmisch, der Regen war heftig, ebenso das Gewitter<\/a>. Die OpenAir-Veranstaltungen des Deutschen Musikfestes wurden sicherheitshalber abgesagt. Es gab massiven Blitzeinschlag im Ulmer M\u00fcnster &#8211; nicht ohne Folgen f\u00fcr die technischen Anlagen. Doch einen Tag sp\u00e4ter steht fest: Von sehr gro\u00dfen Sch\u00e4den blieb die Kirche verschont.<\/p>\n<p>    Unwetter \u00fcber Ulm: Menschen suchen Unterschlupf<\/p>\n<p class=\"textabsatz m-ten m-offset-one l-eight l-offset-two columns twelve\">\nEin gewaltiger Blitz schlug in das Ulmer M\u00fcnster ein. Hunderte Besucher des zeitgleich stattfindenden Deutschen Musikfests retteten sich vor dem Gewitter in anliegende Caf\u00e9s, suchen Unterschlupf &#8211; etwa in einem nahen Restaurant.<\/p>\n<p class=\"textabsatz m-ten m-offset-one l-eight l-offset-two columns twelve\">\nDie Gastronomin Dubravka Dragobratovic erz\u00e4hlt, dass sich in Sekundenschnelle eine Menschenmasse in ihrem Restaurant direkt neben dem M\u00fcnster versammelt habe: &#8222;Weil alle nat\u00fcrlich vor diesem Gewitter gefl\u00fcchtet sind. Es sind wirklich schwere Gegenst\u00e4nde hier in der Luft weggeweht. Man hat auch kurz ein bisschen Angst bekommen, weil es war auch wirklich ein Wind. Es war unglaublich.&#8220;<\/p>\n<p class=\"absatzbild__info__text\">\n                        In Sekunden haben sich w\u00e4hrend des Unwetters zahlreiche Menschen in ihr Restaurant gefl\u00fcchtet, erz\u00e4hlt die Betreiberin Dubravka Dragobratovic.\n                    <\/p>\n<p class=\"textabsatz m-ten m-offset-one l-eight l-offset-two columns twelve\">\nZu einem Brand kam es nicht. Auch sichtbare Sch\u00e4den hat der Blitzeinschlag am Ulmer M\u00fcnster nicht hinterlassen. Doch der Schein tr\u00fcgt. Direkt nach dem Einschlag gingen im M\u00fcnsterturm die Lichter aus. Die Elektrik wurde besch\u00e4digt. Das wurde nach einer Analyse deutlich.<\/p>\n<blockquote class=\"zitat\">\n<p>\n                    Wir sind mit einem blauen Auge davongekommen!<br \/>\n<strong>M\u00fcnsterbaumeisterin Heidi Vormann<\/strong><\/p>\n<\/blockquote>\n<p>    Blitzeinschlag im Ulmer M\u00fcnster: Lichtkunst und L\u00fcftung betroffen<\/p>\n<p class=\"textabsatz m-ten m-offset-one l-eight l-offset-two columns twelve\">\nDer \u00e4u\u00dfere Blitzschutz hat nach Auskunft der M\u00fcnsterbaumeisterin Heidi Vormann funktioniert. Nach dem Blitz hatten sich aber riesige Magnetfelder gebildet. Dadurch wurden viele technische Systeme heruntergefahren.<\/p>\n<p class=\"textabsatz m-ten m-offset-one l-eight l-offset-two columns twelve\">\nBetroffen sei beispielsweise das Besucherdrehkreuz, so Vormann, au\u00dferdem die Lichtkunst im M\u00fcnsterturm, ebenso die Hausl\u00fcftung und ein Rechner in der M\u00fcnsterbauh\u00fctte. Nach und nach sollen die Systeme wieder hochgefahren werden. Manches m\u00fcsse eventuell ausgetauscht werden.<\/p>\n<p class=\"textabsatz m-ten m-offset-one l-eight l-offset-two columns twelve\">\nM\u00fcnsterbaumeisterin Vormann bilanzierte einigerma\u00dfen erleichtert: &#8222;Wir sind mit einem blauen Auge davongekommen&#8220;. Ein Fachmann soll noch ermitteln, ob durch die Wucht des Blitzschlags der Blitzschutz selbst besch\u00e4digt wurde. Bei den folgenden Untersuchungen soll eventuell auch eine Drohne eingesetzt werden.<\/p>\n<p class=\"textabsatz m-ten m-offset-one l-eight l-offset-two columns twelve\">Sendung am Mo., 2.6.2025 17:30 Uhr, SWR4 BW Studio Ulm &#8211; Nachrichten<\/p>\n<p>    Mehr zu Unwettern in Ulm und dem Land<\/p>\n<p>                                        <a class=\"backlink__link\" href=\"https:\/\/www.swr.de\/swraktuell\/baden-wuerttemberg\/ulm\/schaeden-durch-blitzeinschlag-am-ulmer-muenster-100.html\" rel=\"nofollow noopener\" target=\"_blank\"><\/p>\n<p>                                                <img decoding=\"async\" src=\"https:\/\/www.europesays.com\/de\/wp-content\/uploads\/2025\/04\/lra-swr-logo-100.svg.svg+xml\" alt=\"S\u00fcdwestrundfunk\"\/><\/p>\n<p>                                        <\/a><\/p>\n","protected":false},"excerpt":{"rendered":"Stand: 02.06.2025 18:33 Uhr Das Ulmer M\u00fcnster ist beim Unwetter am Samstagabend von einem Blitz getroffen worden. Ein&hellip;\n","protected":false},"author":2,"featured_media":159963,"comment_status":"","ping_status":"","sticky":false,"template":"","format":"standard","meta":{"footnotes":""},"categories":[1843],"tags":[1634,3364,29,30,8970,1209,1755],"class_list":{"0":"post-159962","1":"post","2":"type-post","3":"status-publish","4":"format-standard","5":"has-post-thumbnail","7":"category-muenster","8":"tag-baden-wuerttemberg","9":"tag-de","10":"tag-deutschland","11":"tag-germany","12":"tag-muenster","13":"tag-nordrhein-westfalen","14":"tag-swr"},"share_on_mastodon":{"url":"https:\/\/pubeurope.com\/@de\/114615307777598565","error":""},"_links":{"self":[{"href":"https:\/\/www.europesays.com\/de\/wp-json\/wp\/v2\/posts\/159962","targetHints":{"allow":["GET"]}}],"collection":[{"href":"https:\/\/www.europesays.com\/de\/wp-json\/wp\/v2\/posts"}],"about":[{"href":"https:\/\/www.europesays.com\/de\/wp-json\/wp\/v2\/types\/post"}],"author":[{"embeddable":true,"href":"https:\/\/www.europesays.com\/de\/wp-json\/wp\/v2\/users\/2"}],"replies":[{"embeddable":true,"href":"https:\/\/www.europesays.com\/de\/wp-json\/wp\/v2\/comments?post=159962"}],"version-history":[{"count":0,"href":"https:\/\/www.europesays.com\/de\/wp-json\/wp\/v2\/posts\/159962\/revisions"}],"wp:featuredmedia":[{"embeddable":true,"href":"https:\/\/www.europesays.com\/de\/wp-json\/wp\/v2\/media\/159963"}],"wp:attachment":[{"href":"https:\/\/www.europesays.com\/de\/wp-json\/wp\/v2\/media?parent=159962"}],"wp:term":[{"taxonomy":"category","embeddable":true,"href":"https:\/\/www.europesays.com\/de\/wp-json\/wp\/v2\/categories?post=159962"},{"taxonomy":"post_tag","embeddable":true,"href":"https:\/\/www.europesays.com\/de\/wp-json\/wp\/v2\/tags?post=159962"}],"curies":[{"name":"wp","href":"https:\/\/api.w.org\/{rel}","templated":true}]}}