{"id":15998,"date":"2025-04-08T15:52:10","date_gmt":"2025-04-08T15:52:10","guid":{"rendered":"https:\/\/www.europesays.com\/de\/15998\/"},"modified":"2025-04-08T15:52:10","modified_gmt":"2025-04-08T15:52:10","slug":"ueberraschung-am-morgenhimmel-neuer-komet-swan25f","status":"publish","type":"post","link":"https:\/\/www.europesays.com\/de\/15998\/","title":{"rendered":"\u00dcberraschung am Morgenhimmel: Neuer Komet Swan25F"},"content":{"rendered":"<p>\u00dcberraschung am Morgenhimmel: Neuer Komet Swan25F &#8211; Spektrum der Wissenschaft<a class=\"show-for-sr\" href=\"#main\" id=\"top\" title=\"Direkt zum Inhalt\">Direkt zum Inhalt<\/a>\u00dcberraschung am Morgenhimmel: Neuer Komet entdeckt<\/p>\n<p>V\u00f6llig unvermittelt tauchte ein neuer Komet auf. Das Objekt SWAN25F ist zurzeit 8,5\u00a0Magnituden hell und befindet sich in den Sternbildern Pegasus und Andromeda.<\/p>\n<p><img decoding=\"async\" alt=\"Ein heller Komet mit einem langen, schimmernden Schweif zieht durch einen sternenklaren Nachthimmel. Der Komet leuchtet in einem intensiven Gr\u00fcn, w\u00e4hrend der Schweif in einem sanften Blau verl\u00e4uft. Die Sterne sind zahlreich und verstreut, was die Weite des Universums betont.\" class=\"full\" src=\"https:\/\/www.europesays.com\/de\/wp-content\/uploads\/2025\/04\/SWAN2025F20250406UT250web_Jaeger_Rhemann.jpg\" title=\"Ein heller Komet mit einem langen, schimmernden Schweif zieht durch einen sternenklaren Nachthimmel. Der Komet leuchtet in einem intensiven Gr\u00fcn, w\u00e4hrend der Schweif in einem sanften Blau verl\u00e4uft. Die Sterne sind zahlreich und verstreut, was die Weite des Universums betont.\"\/><\/p>\n<p> \u00a9 Michael J\u00e4ger, Gerald Rhemann (Ausschnitt) <\/p>\n<p> Michael J\u00e4ger und Gerald Rhemann gelang dieses Bild des neu entdeckten Kometen SWAN25F am 6.\u00a0April 2025. Der Schweif ist etwa zwei\u00a0Grad lang; das entspricht dem Vierfachen des scheinbaren Vollmonddurchmessers. <\/p>\n<p>Am 1.\u00a0April informierte der australische Amateurastronom Michael Mattiazzo die Beobachter, dass auf Fotos des Sonnensatelliten SOHO ein neuer Komet vermutet wird. Rasch versuchten weltweit die Kometenbeobachter, dies zu best\u00e4tigen und auf Basis der ersten Beobachtungen eine provisorische Bahn zu berechnen. Schnell wurde klar, dass es sich um einen verh\u00e4ltnism\u00e4\u00dfig hellen K\u00f6rper handelt. Der \u00dcberraschungskomet ist unter der Bezeichnung SWAN25F bekannt und derzeit noch nicht mit blo\u00dfem Auge zu sehen. Der Namensbestandteil SWAN geht zur\u00fcck auf das Experiment Solar Wind Anisotropies an Bord der Raumsonde SOHO, mit dem der Komet aufgesp\u00fcrt wurde. <\/p>\n<p>Momentan bewegt sich der neue Schweifstern durch das Sternbild Pegasus am Morgenhimmel nach Osten. Am 11.\u00a0April 2025 kommt er dem zwei Magnituden hellen Stern Alpha Andromedae (\u03b1\u00a0And) auf wenige Bogenminuten nahe (siehe \u00bbPositionen des neuen Kometen am Himmel\u00ab). Die Helligkeit betr\u00e4gt derzeit 8,5\u00a0Magnituden, mit rasch steigender Tendenz. Allerdings bewegt er sich z\u00fcgig auf die Sonne zu, so dass sich die Beobachtungsbedingungen verschlechtern werden. Bis Mitte des Monats l\u00e4sst er sich bei guter Horizontsicht leicht auffinden. <\/p>\n<p> \u00a9 Ernst von Voigt, nach Uwe Pilz (Ausschnitt) <\/p>\n<p> Positionen des neuen Kometen am Himmel | Der neu aufgetauchte Schweifstern namens SWAN25F ist zurzeit am Morgenhimmel gegen 5\u00a0Uhr MESZ in den Sternbildern Pegasus und Andromeda zu sehen. Die gr\u00fcne Linie markiert seine Position zum jeweils angegebenen Datum im April. Das auff\u00e4llige \u00bbPegasus-Quadrat\u00ab aus vier hellen Sternen (rechts unten) steht im April in der N\u00e4he des Horizonts. Im weiteren Verlauf n\u00e4hert sich der Komet der Position der Andromedagalaxie\u00a0M31. <\/p>\n<p>F\u00fcr die n\u00e4chsten Tage sollte ein dunkler Standort aufgesucht werden. Der Komet ist selbst in kleinen Teleskopen ab zehn Zentimeter \u00d6ffnung zu entdecken. Ab dem 17.\u00a0April 2025 muss die Beobachtung am D\u00e4mmerungshimmel erfolgen. Allerdings k\u00f6nnte der Komet dann sechs Magnituden hell sein, ein Fernglas w\u00fcrde dann als Beobachtungsinstrument gen\u00fcgen, um ihn sichten zu k\u00f6nnen. In den Tagen danach steigt die Helligkeit nur noch wenig, aber der Sonnenabstand sinkt rasch. Im deutschen Sprachraum endet dann die Sichtbarkeitsperiode. Am 21.\u00a0April 2025 durchl\u00e4uft der Komet seinen sonnenn\u00e4chsten Punkt, das Perihel, mit 0,37\u00a0Astronomischen Einheiten Abstand zu unserem Tagesgestirn. Das entspricht rund 56\u00a0Millionen Kilometern. Am gleichen Tag wird er auch der Erde am n\u00e4chsten stehen: mit 0,73 Astronomischen Einheiten oder 110\u00a0Millionen Kilometer Distanz.<\/p>\n<p>Wegen des kurzen beobachteten Bahnabschnitts sind alle Angaben noch unsicher. Aktuelle Informationen bietet die <a href=\"https:\/\/fg-kometen.vdsastro.de\" target=\"_blank\" rel=\"nofollow noopener\">Internetseite der Fachgruppe Kometen der Vereinigung der Sternfreunde (VdS)<\/a>. Dort findet sich auch ein Diskussionsforum mit Bildern, Aufsuchkarten und Beobachtungsberichten. <\/p>\n<p> \u00a9 SuW-Grafik, nach Uwe Pilz (Ausschnitt) <\/p>\n<p> Topozentrische Ephemeride des Kometen SWAN25F | Die Tabelle enth\u00e4lt wesentliche astronomische Daten des Kometen\u00a0SWAN25F. Eine Astronomische Einheit (AE) entspricht ungef\u00e4hr 150\u00a0Millionen Kilometern. <\/p>\n<p>Diesen Artikel empfehlen:<\/p>\n<p><img decoding=\"async\" alt=\"Uwe Pilz\" class=\"full\" src=\"\/js_css\/assets\/img\/jpg\/user.png\"\/><\/p>\n<p> ist Amateurastronom und Vorsitzender der Vereinigung der Sternfreunde e.\u00a0V. Er betreut im Magazin \u00bbSterne und Weltraum\u00ab die monatliche Rubrik \u00bbKometen\u00ab. <\/p>\n<ul class=\"columns kiosk__bar__categories medium-3 no-bullet small-12\">\n<li class=\"active kiosk__bar__category__digital\">Digitalausgaben <\/li>\n<li class=\"kiosk__bar__category__print\">Printausgaben <\/li>\n<li class=\"kiosk__bar__category__topseller\">Topseller <\/li>\n<li class=\"kiosk__bar__category__bundle show-for-medium\">Bundles<\/li>\n<\/ul>\n<p><img loading=\"lazy\" decoding=\"async\" alt=\"\" height=\"1\" src=\"https:\/\/www.europesays.com\/de\/wp-content\/uploads\/2025\/04\/143802b41275485c94e87e29523a3e0d.gif\" width=\"1\"\/><\/p>\n<p>Bitte erlauben Sie Javascript, um die volle Funktionalit\u00e4t von Spektrum.de zu erhalten.<\/p>\n","protected":false},"excerpt":{"rendered":"\u00dcberraschung am Morgenhimmel: Neuer Komet Swan25F &#8211; Spektrum der WissenschaftDirekt zum Inhalt\u00dcberraschung am Morgenhimmel: Neuer Komet entdeckt V\u00f6llig&hellip;\n","protected":false},"author":2,"featured_media":15999,"comment_status":"","ping_status":"","sticky":false,"template":"","format":"standard","meta":{"footnotes":""},"categories":[135],"tags":[10748,3251,29,10743,30,10740,10741,10747,10742,190,189,10746,10745,10744,194,191,193,192],"class_list":{"0":"post-15998","1":"post","2":"type-post","3":"status-publish","4":"format-standard","5":"has-post-thumbnail","7":"category-wissenschaft-technik","8":"tag-andromeda","9":"tag-astronomie","10":"tag-deutschland","11":"tag-entdeckung","12":"tag-germany","13":"tag-komet","14":"tag-kometen","15":"tag-pegasus","16":"tag-schweifstern","17":"tag-science","18":"tag-science-technology","19":"tag-soho","20":"tag-swan","21":"tag-swan25f","22":"tag-technik","23":"tag-technology","24":"tag-wissenschaft","25":"tag-wissenschaft-technik"},"share_on_mastodon":{"url":"https:\/\/pubeurope.com\/@de\/114303149592877285","error":""},"_links":{"self":[{"href":"https:\/\/www.europesays.com\/de\/wp-json\/wp\/v2\/posts\/15998","targetHints":{"allow":["GET"]}}],"collection":[{"href":"https:\/\/www.europesays.com\/de\/wp-json\/wp\/v2\/posts"}],"about":[{"href":"https:\/\/www.europesays.com\/de\/wp-json\/wp\/v2\/types\/post"}],"author":[{"embeddable":true,"href":"https:\/\/www.europesays.com\/de\/wp-json\/wp\/v2\/users\/2"}],"replies":[{"embeddable":true,"href":"https:\/\/www.europesays.com\/de\/wp-json\/wp\/v2\/comments?post=15998"}],"version-history":[{"count":0,"href":"https:\/\/www.europesays.com\/de\/wp-json\/wp\/v2\/posts\/15998\/revisions"}],"wp:featuredmedia":[{"embeddable":true,"href":"https:\/\/www.europesays.com\/de\/wp-json\/wp\/v2\/media\/15999"}],"wp:attachment":[{"href":"https:\/\/www.europesays.com\/de\/wp-json\/wp\/v2\/media?parent=15998"}],"wp:term":[{"taxonomy":"category","embeddable":true,"href":"https:\/\/www.europesays.com\/de\/wp-json\/wp\/v2\/categories?post=15998"},{"taxonomy":"post_tag","embeddable":true,"href":"https:\/\/www.europesays.com\/de\/wp-json\/wp\/v2\/tags?post=15998"}],"curies":[{"name":"wp","href":"https:\/\/api.w.org\/{rel}","templated":true}]}}