{"id":160024,"date":"2025-06-02T19:29:43","date_gmt":"2025-06-02T19:29:43","guid":{"rendered":"https:\/\/www.europesays.com\/de\/160024\/"},"modified":"2025-06-02T19:29:43","modified_gmt":"2025-06-02T19:29:43","slug":"sex-mit-pferden-polizei-ermittelt-wegen-facebook-post","status":"publish","type":"post","link":"https:\/\/www.europesays.com\/de\/160024\/","title":{"rendered":"Sex mit Pferden? Polizei ermittelt wegen Facebook-Post"},"content":{"rendered":"<p>Beitrag verbreitet sich rasant <\/p>\n<p>Sex mit Pferden? Polizei ermittelt nach Facebook-Post<\/p>\n<p>02.06.2025 &#8211; 15:25 UhrLesedauer: 2 Min.<\/p>\n<p><a href=\"#focus-0\" class=\"transition-colors duration-200 focus-within:text-magenta block text-current relative\" data-sctrack=\"FocusGalleryImage.Reference\"><img fetchpriority=\"high\" data-testid=\"Opener.Image\" style=\"--lqipURL:url('https:\/\/images.t-online.de\/2025\/06\/rc75Yhx-vNPF\/0x208:4000x2250\/fit-in\/150x0\/filters:blur(25)\/backstagefuehrung-zur-pferdeshow-cavalluna-grand-moments-mit-reitkunst-aktobatik-und-tanz-in-der-messehalle-erfurt-25-042025-backstage-tour-of-the-cavalluna-grand-moments-horse-show-with-equestrian-art-actobatics-and-dance-in-the-erfurt-exhibition-hall-25-04-2025-foto-xm-xkremerx-xfutureximagex-cavalluna-5463.jpg')\"   loading=\"eager\" src=\"https:\/\/www.europesays.com\/de\/wp-content\/uploads\/2025\/06\/backstagefuehrung-zur-pferdeshow-cavalluna-grand-moments-mit-reitkunst-aktobatik-und-tanz-in-der-mes.jpeg\" alt=\"imago images 0814676163\" title=\"imago images 0814676163\" width=\"4000\" height=\"2250\" class=\"bg-[url:var(--lqipURL)] bg-cover bg-center flex w-full max-w-full h-full\" decoding=\"async\"\/><img style=\"--width:32;--height:32\" loading=\"lazy\" src=\"https:\/\/www.europesays.com\/de\/wp-content\/uploads\/2025\/05\/zoom-in.f7dae02f.svg.svg+xml\" alt=\"Vergr\u00f6\u00dfern des Bildes\" title=\"Vergr\u00f6\u00dfern des Bildes\" class=\"&#10;        block&#10;        h-[calc(var(--height)_\/_16_*_1rem)]&#10;        w-[calc(var(--width)_\/_16_*_1rem)]&#10;        max-w-none&#10;        absolute bottom-8 right-8 rounded-4 bg-snow p-8\" decoding=\"async\"\/><\/a><\/p>\n<p>Pferd im Stall (Symbolbild): Die Polizei in Essen sucht einen unbekannten Mann, der sich an Pferden vergangen haben soll. (Quelle: IMAGO\/Michael Kremer\/imago)<\/p>\n<p class=\"font-bold text-18 leading-17\">Ein Facebook-Post wird in Essen tausendfach geteilt. Die Bilder zeigen einen Mann, der sich offenbar an Pferden vergeht. Die Polizei ermittelt nun gegen ihn \u2013 und gegen die Verfasserin des Postings.<\/p>\n<p class=\"text-18 leading-17\">Ein Pferdestall in der Nacht: Auf Schwarz-Wei\u00df-Bildern aus der \u00dcberwachungskamera ist ein junger Mann zu sehen, der mit heruntergelassener Hose auff\u00e4llig nah an zwei Pferden steht. Dar\u00fcber steht: &#8222;Sexueller \u00dcbergriff auf Pferde. Wer kennt diesen Mann? Vorfall vom 30.\/31. Mai in 45309 Essen. Bitte nur sachdienliche Hinweise \u2013 darf gerne geteilt werden.&#8220;<\/p>\n<p class=\"text-18 leading-17\">Dieses Facebook-Posting, vermutlich erstellt von der Besitzerin der Pferde, wurde <a class=\"transition-colors duration-200 cursor-pointer text-inherit no-underline text-salemsfur md:hover:text-magenta md:hover:border-magenta md:focus:text-magenta border-current border-b border-solid break-words\" href=\"https:\/\/www.t-online.de\/region\/essen\/\" data-sctrack=\"BodyAnchor\" rel=\"nofollow noopener\" target=\"_blank\">in Essen<\/a> in den vergangenen Stunden mehr als 1.000 Mal geteilt, viele Facebook-User wollen offenbar bei der Suche nach dem unbekannten T\u00e4ter helfen. Auch wenn dies durchaus hilfreich sein k\u00f6nnte und gut gemeint ist, warnt die Polizei Essen am Montagmittag (2. Juni) im Gespr\u00e4ch mit t-online vor dem Teilen der Bilder. &#8222;Auch das Teilen der Bilder k\u00f6nnte gegebenenfalls strafbar sein&#8220;, sagt Ren\u00e9 B\u00e4uml, Sprecher der Polizei Essen. Es handle sich um die Verbreitung pornografischen Materials.<\/p>\n<p class=\"text-18 leading-17\">Die Polizei habe \u00fcber Presseanfragen von dem Posting erfahren und Ermittlungen gestartet \u2013 zum einen gegen den unbekannten T\u00e4ter, zum anderen aber auch gegen die Verfasserin des Postings. Die &#8222;WAZ&#8220; hatte zuerst \u00fcber den Fall berichtet. &#8222;Bisher haben wir keine Kenntnis davon, dass die Verfasserin des Postings die Tat bei der Polizei aktiv angezeigt hat&#8220;, sagt B\u00e4uml. Man warte allerdings noch ab, ob eine Online-Anzeige beim Landeskriminalamt eingegangen sei, die eventuell noch nicht in Essen angekommen sei.<\/p>\n<p class=\"text-18 leading-17\">Man stehe noch ganz am Anfang der Ermittlungen, so B\u00e4uml weiter. Eine Anfrage beim Meta-Konzern, zu dem Facebook geh\u00f6rt, sei bereits gestellt, um die Bilder l\u00f6schen zu lassen. Au\u00dferdem versuche man, zu ermitteln, ob der Tatort tats\u00e4chlich \u2013 wie die Postleitzahl im Posting vermuten l\u00e4sst \u2013 im Stadtteil Schonnebeck liege. &#8222;Zudem sichten wir nat\u00fcrlich auch die Kommentare unter dem Post, um gegebenenfalls Hinweise auf den T\u00e4ter zu erhalten&#8220;, sagt B\u00e4uml.<\/p>\n","protected":false},"excerpt":{"rendered":"Beitrag verbreitet sich rasant Sex mit Pferden? Polizei ermittelt nach Facebook-Post 02.06.2025 &#8211; 15:25 UhrLesedauer: 2 Min. Pferd&hellip;\n","protected":false},"author":2,"featured_media":160025,"comment_status":"","ping_status":"","sticky":false,"template":"","format":"standard","meta":{"footnotes":""},"categories":[1834],"tags":[3364,29,3688,291,30,1209,24624,121,46454,55880,55881,3501,55882,10094,10093],"class_list":{"0":"post-160024","1":"post","2":"type-post","3":"status-publish","4":"format-standard","5":"has-post-thumbnail","7":"category-essen","8":"tag-de","9":"tag-deutschland","10":"tag-essen","11":"tag-facebook","12":"tag-germany","13":"tag-nordrhein-westfalen","14":"tag-pferdestall","15":"tag-polizei","16":"tag-pornografie","17":"tag-posting","18":"tag-rene-baeuml","19":"tag-sexuelle-uebergriffe","20":"tag-tierporno","21":"tag-tierquaelerei","22":"tag-tierschutzgesetz"},"share_on_mastodon":{"url":"https:\/\/pubeurope.com\/@de\/114615429654563207","error":""},"_links":{"self":[{"href":"https:\/\/www.europesays.com\/de\/wp-json\/wp\/v2\/posts\/160024","targetHints":{"allow":["GET"]}}],"collection":[{"href":"https:\/\/www.europesays.com\/de\/wp-json\/wp\/v2\/posts"}],"about":[{"href":"https:\/\/www.europesays.com\/de\/wp-json\/wp\/v2\/types\/post"}],"author":[{"embeddable":true,"href":"https:\/\/www.europesays.com\/de\/wp-json\/wp\/v2\/users\/2"}],"replies":[{"embeddable":true,"href":"https:\/\/www.europesays.com\/de\/wp-json\/wp\/v2\/comments?post=160024"}],"version-history":[{"count":0,"href":"https:\/\/www.europesays.com\/de\/wp-json\/wp\/v2\/posts\/160024\/revisions"}],"wp:featuredmedia":[{"embeddable":true,"href":"https:\/\/www.europesays.com\/de\/wp-json\/wp\/v2\/media\/160025"}],"wp:attachment":[{"href":"https:\/\/www.europesays.com\/de\/wp-json\/wp\/v2\/media?parent=160024"}],"wp:term":[{"taxonomy":"category","embeddable":true,"href":"https:\/\/www.europesays.com\/de\/wp-json\/wp\/v2\/categories?post=160024"},{"taxonomy":"post_tag","embeddable":true,"href":"https:\/\/www.europesays.com\/de\/wp-json\/wp\/v2\/tags?post=160024"}],"curies":[{"name":"wp","href":"https:\/\/api.w.org\/{rel}","templated":true}]}}