{"id":160114,"date":"2025-06-02T20:18:09","date_gmt":"2025-06-02T20:18:09","guid":{"rendered":"https:\/\/www.europesays.com\/de\/160114\/"},"modified":"2025-06-02T20:18:09","modified_gmt":"2025-06-02T20:18:09","slug":"veraenderungsprozesse-im-bistum-bistum-muenster","status":"publish","type":"post","link":"https:\/\/www.europesays.com\/de\/160114\/","title":{"rendered":"Ver\u00e4nderungsprozesse im Bistum &#8211; Bistum M\u00fcnster"},"content":{"rendered":"<p><img loading=\"lazy\" decoding=\"async\" title=\"Viele Menschen bei Infoveranstaltung im Dom\" alt=\"Viele Menschen bei Infoveranstaltung im Dom\" src=\"https:\/\/www.europesays.com\/de\/wp-content\/uploads\/2025\/06\/csm_2025-06-02-Veranstaltung-alle-teaser_6dba04cf25.jpg\" width=\"300\" height=\"173\"\/><\/p>\n<p>Mehr als 400 Haupt- und Ehrenamtliche aus Pfarreien, Zentralrendanturen und Kindertageseinrichtungen sowie Frauen und M\u00e4nner aus den Mitarbeitervertretungen waren der Einladung der Bistumsleitung zu der Infoveranstaltung gefolgt. <\/p>\n<p>\u00a9 Bistum M\u00fcnster<\/p>\n<p class=\"text-justify\">Die Kirchengemeindeverb\u00e4nde (KGV) sollen als zukunftsf\u00e4hige Organisations- und Rechtsform in den Grenzen der Kreisdekanate und des Stadtdekanats M\u00fcnster etabliert werden. Zum 1. Januar 2027 sollen alle Kirchengemeindeverb\u00e4nde gegr\u00fcndet werden; im Kreisdekanat Recklinghausen, wo ein Pilotprojekt l\u00e4uft, gibt es den Kirchengemeindeverband bereits seit Anfang 2025; hier soll auch die neuen Tr\u00e4gerstruktur f\u00fcr die Kindertageseinrichtungen schon im August 2026 etabliert werden.<\/p>\n<p class=\"text-justify\">Die k\u00fcnftige Rechtsform der Tr\u00e4gerschaft der Kindertageseinrichtungen ist aktuell noch offen. Neben einer Tr\u00e4gerschaft in verfasst-kirchlichen Strukturen (etwa in den Kirchengemeindeverband), sind auch gemeinn\u00fctzige GmbH als Tr\u00e4gerinnen denkbar. Die Alternativen werden bis zum September dieses Jahr gepr\u00fcft, dann wird die Entscheidung getroffen. \u201eWir suchen die beste L\u00f6sung f\u00fcr eine gute Zukunft der katholischen Tageseinrichtungen f\u00fcr Kinder im Bistum M\u00fcnster\u201c, sagte Dr. Klaus Winterkamp, der St\u00e4ndige Vertreter des Di\u00f6zesanadministrators, bei der Veranstaltung in M\u00fcnster.<\/p>\n<p class=\"text-justify\">Am 1. Januar 2029 soll zudem fl\u00e4chendeckend das NKF in allen Kirchengemeinden und Zentralrendanturen (Verwaltungszentren) im Bistum M\u00fcnster eingef\u00fchrt werden. Das NKF ist ein kaufm\u00e4nnisches Buchungsverfahren. Aus dem Zahlenwerk werden f\u00fcr die Kirchengemeinden das Verm\u00f6gen und die Schulden sowie die Ertr\u00e4ge und Aufwendungen und somit die tats\u00e4chlichen wirtschaftlichen Verh\u00e4ltnisse sichtbar.\u00a0<\/p>\n<p class=\"text-justify\">Die n\u00f6tigen Ver\u00e4nderungen sind insbesondere f\u00fcr die Haupt- und Ehrenamtlichen vor Ort mit gro\u00dfen Herausforderungen verbunden: \u201eManchmal gr\u00f6\u00dfer als erwartet\u201c, sagte Di\u00f6zesanadministrator Dr. Antonius Hamers bei der Veranstaltung. Ziel der Prozesse sei, die Frohe Botschaft unter den sich ver\u00e4ndernden Rahmenbedingungen weiter gut verk\u00fcnden zu k\u00f6nnen. Damit kn\u00fcpfte er an die Worte des inzwischen emeritierten Bischofs Dr. Felix Genn an, der dieses Ziel im Prozess zur Entwicklung pastoraler Strukturen immer wieder betont hatte.\u00a0<\/p>\n<p class=\"text-justify\">Angesichts des massiven Wandels, in dem sich die katholische Kirche im Bistum M\u00fcnster befinde, seien die Ver\u00e4nderungen unbedingt erforderlich, lie\u00df Hamers keinen Zweifel an der Notwendigkeit der Prozesse. Man gehe diese bewusst sehr beteiligungsorientiert an. \u201eF\u00fcr mich sind Sie nicht einfach nur betroffen von diesen Ver\u00e4nderungen. Ohne Sie werden diese Ver\u00e4nderungen nicht m\u00f6glich sein\u201c, wandte sich der Di\u00f6zesanadministrator an die Teilnehmenden der Veranstaltung und machte zugleich deutlich: \u201eWir brauchen Festlegungen und Entscheidungen. Wir brauchen Standards und Professionalit\u00e4t. Nicht jeder und jede \u2013 auch nicht jeder formal eigenst\u00e4ndige Rechtstr\u00e4ger \u2013 kann k\u00fcnftig machen, was er m\u00f6chte und f\u00fcr richtig h\u00e4lt. Entscheidungen, die nach intensiven Beratungen von den Verantwortlichen im Bistum getroffen wurden, m\u00fcssen mitgetragen werden.\u201c<\/p>\n<p class=\"text-justify\">Die im Bistum parallel in Angriff genommenen Projekte sollen von den Zeitpl\u00e4nen her und auch inhaltlich koordiniert angegangen werden. \u201eEs gibt viele Wechselwirkungen zwischen den verschiedenen Ver\u00e4nderungsprozessen\u201c, erl\u00e4uterte Klaus Winterkamp. Manche urspr\u00fcngliche Festlegung sei bereits korrigiert worden. \u201eWir alle sind gerade ein lernendes System\u201c, sagte Winterkamp.\u00a0<\/p>\n<p class=\"text-justify\">Di\u00f6zesanadministrator Hamers bedankte sich bei allen, die die anstehenden Ver\u00e4nderungen vor Ort gestalten und mit Leben f\u00fcllen: \u201eNur mit Ihnen und gemeinsam kann es gelingen, gute Rahmenbedingungen f\u00fcr die Verk\u00fcndigung des Evangeliums in unserem Bistum zu schaffen.\u201c Er sei sich bewusst, dass mit den verschiedenen Prozessen den Haupt- und Ehrenamtlichen einiges zugemutet werde: \u201eManche von Ihnen bringen daher heute sicher Unsicherheiten und Sorgen mit. Manche vielleicht auch \u00c4rger und Unverst\u00e4ndnis.\u201c Sich dar\u00fcber auszutauschen, daf\u00fcr gab es nach der Informationsveranstaltung im St.-Paulus-Dom die Gelegenheit bei einem Zusammensein vor dem Borromaeum.<\/p>\n<p class=\"text-justify\"><a href=\"http:\/\/www.bistum-muenster.de\/veraenderungsprozesse\" target=\"_blank\" rel=\"noopener\">www.bistum-muenster.de\/veraenderungsprozesse<\/a><\/p>\n<p class=\"text-justify\">Gudrun Niew\u00f6hner<\/p>\n","protected":false},"excerpt":{"rendered":"Mehr als 400 Haupt- und Ehrenamtliche aus Pfarreien, Zentralrendanturen und Kindertageseinrichtungen sowie Frauen und M\u00e4nner aus den Mitarbeitervertretungen&hellip;\n","protected":false},"author":2,"featured_media":160115,"comment_status":"","ping_status":"","sticky":false,"template":"","format":"standard","meta":{"footnotes":""},"categories":[1843],"tags":[16222,3364,29,30,37725,55926,8970,55925,1209,55927,55924],"class_list":{"0":"post-160114","1":"post","2":"type-post","3":"status-publish","4":"format-standard","5":"has-post-thumbnail","7":"category-muenster","8":"tag-dom","9":"tag-de","10":"tag-deutschland","11":"tag-germany","12":"tag-infoveranstaltung","13":"tag-kgv","14":"tag-muenster","15":"tag-nkf","16":"tag-nordrhein-westfalen","17":"tag-tek","18":"tag-veraenderungen"},"share_on_mastodon":{"url":"https:\/\/pubeurope.com\/@de\/114615622390344191","error":""},"_links":{"self":[{"href":"https:\/\/www.europesays.com\/de\/wp-json\/wp\/v2\/posts\/160114","targetHints":{"allow":["GET"]}}],"collection":[{"href":"https:\/\/www.europesays.com\/de\/wp-json\/wp\/v2\/posts"}],"about":[{"href":"https:\/\/www.europesays.com\/de\/wp-json\/wp\/v2\/types\/post"}],"author":[{"embeddable":true,"href":"https:\/\/www.europesays.com\/de\/wp-json\/wp\/v2\/users\/2"}],"replies":[{"embeddable":true,"href":"https:\/\/www.europesays.com\/de\/wp-json\/wp\/v2\/comments?post=160114"}],"version-history":[{"count":0,"href":"https:\/\/www.europesays.com\/de\/wp-json\/wp\/v2\/posts\/160114\/revisions"}],"wp:featuredmedia":[{"embeddable":true,"href":"https:\/\/www.europesays.com\/de\/wp-json\/wp\/v2\/media\/160115"}],"wp:attachment":[{"href":"https:\/\/www.europesays.com\/de\/wp-json\/wp\/v2\/media?parent=160114"}],"wp:term":[{"taxonomy":"category","embeddable":true,"href":"https:\/\/www.europesays.com\/de\/wp-json\/wp\/v2\/categories?post=160114"},{"taxonomy":"post_tag","embeddable":true,"href":"https:\/\/www.europesays.com\/de\/wp-json\/wp\/v2\/tags?post=160114"}],"curies":[{"name":"wp","href":"https:\/\/api.w.org\/{rel}","templated":true}]}}