{"id":160172,"date":"2025-06-02T20:50:11","date_gmt":"2025-06-02T20:50:11","guid":{"rendered":"https:\/\/www.europesays.com\/de\/160172\/"},"modified":"2025-06-02T20:50:11","modified_gmt":"2025-06-02T20:50:11","slug":"dortmund-19-jaehriger-sticht-kontrahenten-ins-gesicht-regional","status":"publish","type":"post","link":"https:\/\/www.europesays.com\/de\/160172\/","title":{"rendered":"Dortmund: 19-J\u00e4hriger sticht Kontrahenten ins Gesicht | Regional"},"content":{"rendered":"<p>Dortmund \u2013<b> Eine Machete, ein Messer und jede Menge Blut \u2026 Am Montag verlie\u00df ein 21-j\u00e4hriger Dortmunder seine Wohnung mit einer Machete. Kurz darauf wurde er von einem zwei Jahre j\u00fcngeren Kontrahenten mit einem Messer attackiert. <\/b><\/p>\n<p>Was ist passiert? <\/p>\n<p>Um 12.53 Uhr gingen am Montag die ersten Notrufe bei der <a href=\"https:\/\/www.bild.de\/regional\/aktuelles\/polizei\/polizeieinsatz-alle-infos-76681760.bild.html\" class=\"text-link\" target=\"_blank\" rel=\"noopener\">Polizei<\/a> in <a href=\"https:\/\/www.bild.de\/regional\/dortmund\/home-tEfE9FBcspDqbA9qV8Aj\" class=\"text-link\" target=\"_blank\" rel=\"noopener\">Dortmund<\/a> ein: Zwischen zwei bewaffneten M\u00e4nnern soll es im Stadtteil H\u00f6rde zu einem blutigen Streit gekommen sein. \u201eDer 21-J\u00e4hrige soll mit einer Machete die Stra\u00dfe betreten haben, woraufhin ein 19-J\u00e4hriger sein Messer z\u00fcckte und ihn damit attackierte\u201c, so ein Polizeisprecher zu BILD. <\/p>\n<p><img decoding=\"async\" width=\"992\" height=\"558\" alt=\"Hier hatte das Opfer versucht, seine Wunden im Gesicht mit Tempos zu stillen\" src=\"https:\/\/www.europesays.com\/de\/wp-content\/uploads\/2025\/06\/b103b8ec059ddc46da1c4888668c5e00,fbcfcc37\"   class=\"landscape\" loading=\"lazy\"\/><\/p>\n<p class=\"fig__caption__text\">Hier hatte das Opfer versucht, seine Wunden im Gesicht mit Taschent\u00fcchern zu versorgen <\/p>\n<p>Foto: Fernandez \/ News4 Video-Line TV<\/p>\n<p>Konkret soll er den Macheten-Mann mehrfach mit dem Messer ins Gesicht gestochen haben. Dann schnappte er sich die Machete seines Opfers und fl\u00fcchtete. Die sofort eingeleitete Fahndung verlief erfolgreich: \u201eWir konnten ihn samt der Machete in der Umgebung stellen. Von der Tatwaffe fehlt noch jede Spur\u201c, hei\u00dft es von der Polizei weiter. <\/p>\n<p><img decoding=\"async\" width=\"992\" height=\"558\" alt=\"Die Machete wurde konfisziert\" src=\"https:\/\/www.europesays.com\/de\/wp-content\/uploads\/2025\/06\/676dd65537b6ee3684a7daf69ff7e232,3099259e\"   class=\"landscape\" loading=\"lazy\"\/><\/p>\n<p class=\"fig__caption__text\">Die Machete wurde konfisziert<\/p>\n<p>Foto: Fernandez \/ News4 Video-Line TV<\/p>\n<p>Der 21-J\u00e4hrige kam sofort ins Krankenhaus, musste gen\u00e4ht werden. <\/p>\n<p>Wer sind die Messer-M\u00e4nner aus Dortmund? <\/p>\n<p>Bei den Beteiligten soll es sich laut BILD-Informationen um Deutsche ohne Migrationshintergrund handeln. Der 19-j\u00e4hrige T\u00e4ter sei polizeibekannt. Ihm wurde bereits ein Waffentr\u00e4gerverbot in Dortmund (<a href=\"https:\/\/www.bild.de\/regional\/nordrhein-westfalen\/home-npIP0qL0giWP1ZFIOHn2\" class=\"text-link\" target=\"_blank\" rel=\"noopener\">Nordrhein-Westfalen<\/a>) ausgestellt \u2013 an das er sich offenbar nicht zu halten scheint. Neben einer drohenden Strafe wegen gef\u00e4hrlicher K\u00f6rperverletzung hat er nun auch ein Zwangsgeld in H\u00f6he von 250 Euro f\u00fcr den Versto\u00df gegen das Waffentr\u00e4gerverbot an der Backe. <\/p>\n<p>Lesen Sie auch<\/p>\n<p><b>Noch absolut unklar ist, in welchem Verh\u00e4ltnis die jungen M\u00e4nner zueinander standen und ob sie sich kannten. Der Messerangreifer befindet sich im Polizeigewahrsam. Ein Richter wird nun entscheiden, wie es mit dem 19-J\u00e4hrigen weitergeht. <\/b><\/p>\n","protected":false},"excerpt":{"rendered":"Dortmund \u2013 Eine Machete, ein Messer und jede Menge Blut \u2026 Am Montag verlie\u00df ein 21-j\u00e4hriger Dortmunder seine&hellip;\n","protected":false},"author":2,"featured_media":160173,"comment_status":"","ping_status":"","sticky":false,"template":"","format":"standard","meta":{"footnotes":""},"categories":[1833],"tags":[6704,3364,29,217,30,1981,5514,1209,121,45],"class_list":{"0":"post-160172","1":"post","2":"type-post","3":"status-publish","4":"format-standard","5":"has-post-thumbnail","7":"category-dortmund","8":"tag-blut","9":"tag-de","10":"tag-deutschland","11":"tag-dortmund","12":"tag-germany","13":"tag-messer","14":"tag-messerstecherei","15":"tag-nordrhein-westfalen","16":"tag-polizei","17":"tag-texttospeech"},"share_on_mastodon":{"url":"https:\/\/pubeurope.com\/@de\/114615748168265977","error":""},"_links":{"self":[{"href":"https:\/\/www.europesays.com\/de\/wp-json\/wp\/v2\/posts\/160172","targetHints":{"allow":["GET"]}}],"collection":[{"href":"https:\/\/www.europesays.com\/de\/wp-json\/wp\/v2\/posts"}],"about":[{"href":"https:\/\/www.europesays.com\/de\/wp-json\/wp\/v2\/types\/post"}],"author":[{"embeddable":true,"href":"https:\/\/www.europesays.com\/de\/wp-json\/wp\/v2\/users\/2"}],"replies":[{"embeddable":true,"href":"https:\/\/www.europesays.com\/de\/wp-json\/wp\/v2\/comments?post=160172"}],"version-history":[{"count":0,"href":"https:\/\/www.europesays.com\/de\/wp-json\/wp\/v2\/posts\/160172\/revisions"}],"wp:featuredmedia":[{"embeddable":true,"href":"https:\/\/www.europesays.com\/de\/wp-json\/wp\/v2\/media\/160173"}],"wp:attachment":[{"href":"https:\/\/www.europesays.com\/de\/wp-json\/wp\/v2\/media?parent=160172"}],"wp:term":[{"taxonomy":"category","embeddable":true,"href":"https:\/\/www.europesays.com\/de\/wp-json\/wp\/v2\/categories?post=160172"},{"taxonomy":"post_tag","embeddable":true,"href":"https:\/\/www.europesays.com\/de\/wp-json\/wp\/v2\/tags?post=160172"}],"curies":[{"name":"wp","href":"https:\/\/api.w.org\/{rel}","templated":true}]}}